{"id":270979,"date":"2025-07-24T17:47:14","date_gmt":"2025-07-24T17:47:14","guid":{"rendered":"https:\/\/www.europesays.com\/fr\/270979\/"},"modified":"2025-07-24T17:47:14","modified_gmt":"2025-07-24T17:47:14","slug":"la-russie-denonce-un-acte-de-terrorisme-energetique-apres-une-attaque-visant-turkstream-ultime-canal-de-gaz-vers-lunion-europeenne","status":"publish","type":"post","link":"https:\/\/www.europesays.com\/fr\/270979\/","title":{"rendered":"La Russie d\u00e9nonce un acte de \u201cterrorisme \u00e9nerg\u00e9tique\u201d apr\u00e8s une attaque visant TurkStream, ultime canal de gaz vers l\u2019Union europ\u00e9enne"},"content":{"rendered":"<tr>\n<td><strong>EN BREF<\/strong><\/td>\n<\/tr>\n<tr>\n<td>\n<ul>\n<li>\u26a0\ufe0f L\u2019Ukraine met fin au transit du gaz russe, causant une perte de <strong>5 milliards d\u2019euros<\/strong> pour Gazprom.<\/li>\n<li>La Russie accuse Kiev de \u00ab\u00a0terrorisme \u00e9nerg\u00e9tique\u00a0\u00bb apr\u00e8s une attaque de drones sur le <strong>gazoduc TurkStream<\/strong>.<\/li>\n<li>\ud83c\udded\ud83c\uddfa La Hongrie d\u00e9nonce cette attaque comme une atteinte \u00e0 sa <strong>souverainet\u00e9<\/strong> et craint pour son approvisionnement en gaz.<\/li>\n<li>La stabilit\u00e9 \u00e9nerg\u00e9tique de l\u2019Europe centrale est compromise, incitant \u00e0 repenser les <strong>strat\u00e9gies \u00e9nerg\u00e9tiques<\/strong> r\u00e9gionales.<\/li>\n<\/ul>\n<\/td>\n<\/tr>\n<p>Le r\u00e9cent conflit autour du gazoduc TurkStream souligne une fois de plus les tensions \u00e9nerg\u00e9tiques en Europe. La Russie a accus\u00e9 l\u2019Ukraine d\u2019une attaque de drones contre une station de distribution, qualifiant cette action de terrorisme \u00e9nerg\u00e9tique. Ce gazoduc, reliant la Russie \u00e0 l\u2019Europe via la mer Noire, est crucial pour l\u2019approvisionnement en gaz de plusieurs pays europ\u00e9ens. Avec la fin du transit gazier par l\u2019Ukraine, Budapest et d\u2019autres capitales europ\u00e9ennes craignent d\u00e9sormais pour leur s\u00e9curit\u00e9 \u00e9nerg\u00e9tique. Les implications g\u00e9opolitiques de ces \u00e9v\u00e9nements sont vastes, mettant en lumi\u00e8re l\u2019interd\u00e9pendance \u00e9nerg\u00e9tique et les vuln\u00e9rabilit\u00e9s de l\u2019Europe face \u00e0 ces tensions croissantes.<\/p>\n<p>La fin du transit via l\u2019Ukraine : un tournant historique<\/p>\n<p>Le 31 d\u00e9cembre dernier, Kiev a annonc\u00e9 la fin du transit du gaz russe sur son territoire, marquant un tournant historique dans les relations \u00e9nerg\u00e9tiques entre la Russie et l\u2019Ukraine. Cette d\u00e9cision a priv\u00e9 l\u2019Ukraine d\u2019une manne substantielle de 800 millions d\u2019euros, mais a \u00e9t\u00e9 d\u00e9crite par Kiev comme un \u00e9v\u00e9nement historique. La Russie, quant \u00e0 elle, subit des pertes financi\u00e8res estim\u00e9es \u00e0 5 milliards d\u2019euros en revenus.<\/p>\n<p>Le contrat de 2019 entre Naftogaz et Gazprom permettait le transit du gaz russe via les gazoducs Bratstvo et Soyouz. <strong>Cette situation a provoqu\u00e9 un vent de panique<\/strong> en Europe centrale et orientale, d\u00e9pendante de cette source d\u2019\u00e9nergie. La Slovaquie, en particulier, a exprim\u00e9 son m\u00e9contentement face \u00e0 cette d\u00e9cision, la qualifiant d\u2019irrationnelle et erron\u00e9e.<\/p>\n<p>En invitant le pr\u00e9sident ukrainien Volodymyr Zelensky \u00e0 des n\u00e9gociations, le Premier ministre slovaque a soulign\u00e9 l\u2019importance de trouver une solution rapide pour \u00e9viter une crise \u00e9nerg\u00e9tique majeure. La question de l\u2019approvisionnement \u00e9nerg\u00e9tique reste un enjeu crucial pour l\u2019avenir de la r\u00e9gion.<\/p>\n<blockquote class=\"wp-embedded-content\" data-secret=\"w0FSPwGx76\">\n<p><a href=\"https:\/\/www.le-gaz.fr\/2025\/06\/23\/un-ancien-tunnel-ferroviaire-cache-un-secret-explosif-cette-poche-de-gaz-naturel-force-lexpropriation-des-habitants-des-le-30-juin-2025\/\" rel=\"nofollow noopener\" target=\"_blank\">Un ancien tunnel ferroviaire cache un secret explosif : cette poche de gaz naturel force l\u2019expropriation des habitants d\u00e8s le 30 juin 2025<\/a><\/p>\n<\/blockquote>\n<p>La menace sur TurkStream : accusation de terrorisme \u00e9nerg\u00e9tique<\/p>\n<p>Le TurkStream, seul gazoduc op\u00e9rationnel reliant d\u00e9sormais la Russie \u00e0 l\u2019Europe, est au c\u0153ur des pr\u00e9occupations. La Russie a accus\u00e9 l\u2019Ukraine d\u2019avoir tent\u00e9 d\u2019attaquer une station de distribution de ce gazoduc \u00e0 l\u2019aide de drones, une accusation grave qualifi\u00e9e de terrorisme \u00e9nerg\u00e9tique par le Kremlin. Bien que l\u2019attaque n\u2019ait pas perturb\u00e9 le fonctionnement du gazoduc, elle souligne la vuln\u00e9rabilit\u00e9 de cette infrastructure strat\u00e9gique.<\/p>\n<p>Le gazoduc TurkStream, inaugur\u00e9 en 2020, est capable d\u2019acheminer chaque ann\u00e9e 31,5 milliards de m\u00e8tres cubes de gaz. Il est essentiel pour l\u2019approvisionnement en gaz de pays comme la Bulgarie, la Serbie et la Hongrie. <strong>Cette infrastructure est d\u00e9sormais menac\u00e9e<\/strong>, ce qui pourrait avoir des r\u00e9percussions majeures sur la s\u00e9curit\u00e9 \u00e9nerg\u00e9tique de l\u2019Europe.<\/p>\n<p>Face \u00e0 ces tensions, la Russie et l\u2019Ukraine semblent s\u2019engager dans une escalade de provocations, avec des implications potentielles pour l\u2019ensemble du continent europ\u00e9en. La stabilit\u00e9 \u00e9nerg\u00e9tique est plus que jamais en jeu.<\/p>\n<blockquote class=\"wp-embedded-content\" data-secret=\"2vrHFZOaoY\">\n<p><a href=\"https:\/\/www.le-gaz.fr\/2025\/07\/02\/scandale-en-vendee-cette-fuite-de-gaz-terrifiante-dans-une-ecole-envoie-un-enseignant-aux-urgences-et-provoque-lindignation-des-parents\/\" rel=\"nofollow noopener\" target=\"_blank\">Scandale en Vend\u00e9e : cette fuite de gaz terrifiante dans une \u00e9cole envoie un enseignant aux urgences et provoque l\u2019indignation des parents<\/a><\/p>\n<\/blockquote>\n<p>La r\u00e9action de la Hongrie : une atteinte \u00e0 la souverainet\u00e9<\/p>\n<p>La Hongrie, fortement d\u00e9pendante du gaz russe, a rapidement d\u00e9nonc\u00e9 l\u2019attaque ukrainienne comme une atteinte \u00e0 sa souverainet\u00e9. Le ministre hongrois des Affaires \u00e9trang\u00e8res, P\u00e9ter Szijjarto, a soulign\u00e9 l\u2019importance du TurkStream pour l\u2019approvisionnement en gaz naturel de la Hongrie et de l\u2019Europe centrale.<\/p>\n<p>Un arr\u00eat potentiel du TurkStream pourrait aggraver la situation g\u00e9opolitique en Europe, obligeant l\u2019Union europ\u00e9enne \u00e0 revoir ses strat\u00e9gies \u00e9nerg\u00e9tiques. Bien que l\u2019UE ait tent\u00e9 de diversifier ses sources d\u2019\u00e9nergie, la d\u00e9pendance au gaz russe reste un point critique.<\/p>\n<p>Si la Hongrie et d\u2019autres pays de l\u2019Europe centrale et orientale se retrouvent sans approvisionnement en gaz, cela pourrait affaiblir leur soutien \u00e0 l\u2019Ukraine. <strong>La s\u00e9curit\u00e9 \u00e9nerg\u00e9tique devient ainsi un enjeu g\u00e9opolitique majeur<\/strong>, avec des implications pour la stabilit\u00e9 de toute la r\u00e9gion.<\/p>\n<p>Les enjeux pour la Turquie et l\u2019Europe centrale<\/p>\n<p>La Turquie, en raison de son r\u00f4le strat\u00e9gique dans le transit du gaz russe vers l\u2019Europe, est \u00e9galement concern\u00e9e par ces tensions. Le TurkStream g\u00e9n\u00e8re des revenus significatifs pour Ankara et renforce sa position g\u00e9opolitique dans la r\u00e9gion. Un arr\u00eat de ce pipeline pourrait avoir des cons\u00e9quences \u00e9conomiques et politiques pour la Turquie.<\/p>\n<p>Pour l\u2019Europe centrale, la fin de l\u2019acheminement du gaz via la Turquie poserait de nouveaux d\u00e9fis. La diversification des sources \u00e9nerg\u00e9tiques reste une priorit\u00e9 pour r\u00e9duire la d\u00e9pendance au gaz russe, mais les alternatives ne sont pas encore suffisantes pour compenser une perte totale de cette source d\u2019approvisionnement.<\/p>\n<p>Face \u00e0 cette situation complexe, l\u2019Europe doit repenser ses strat\u00e9gies \u00e9nerg\u00e9tiques pour garantir une s\u00e9curit\u00e9 d\u2019approvisionnement \u00e0 long terme. La question de la coop\u00e9ration r\u00e9gionale et internationale devient cruciale pour surmonter ces d\u00e9fis \u00e9nerg\u00e9tiques.<\/p>\n<p>Alors que la situation \u00e9nerg\u00e9tique en Europe se complexifie, les tensions entre la Russie et l\u2019Ukraine semblent loin de s\u2019apaiser. Les r\u00e9percussions de ces affrontements sur l\u2019approvisionnement en gaz en Europe centrale et orientale sont pr\u00e9occupantes. L\u2019interd\u00e9pendance \u00e9nerg\u00e9tique expose les pays de la r\u00e9gion \u00e0 des risques consid\u00e9rables. Quelle sera la prochaine \u00e9tape pour s\u00e9curiser l\u2019approvisionnement \u00e9nerg\u00e9tique de l\u2019Europe tout en maintenant la stabilit\u00e9 g\u00e9opolitique ?<\/p>\n<p>Cet article s\u2019appuie sur des sources v\u00e9rifi\u00e9es et l\u2019assistance de technologies \u00e9ditoriales.<\/p>\n<p id=\"rating\">\u00c7a vous a plu ?\u00a04.3\/5 (23)<\/p>\n","protected":false},"excerpt":{"rendered":"EN BREF \u26a0\ufe0f L\u2019Ukraine met fin au transit du gaz russe, causant une perte de 5 milliards d\u2019euros&hellip;\n","protected":false},"author":2,"featured_media":270980,"comment_status":"","ping_status":"","sticky":false,"template":"","format":"standard","meta":{"footnotes":""},"categories":[1591],"tags":[11,1887,12,1885,1886,132],"class_list":{"0":"post-270979","1":"post","2":"type-post","3":"status-publish","4":"format-standard","5":"has-post-thumbnail","7":"category-russie","8":"tag-actualites","9":"tag-federation-de-russie","10":"tag-news","11":"tag-russia","12":"tag-russian-federation","13":"tag-russie"},"share_on_mastodon":{"url":"https:\/\/pubeurope.com\/@fr\/114909468719950609","error":""},"_links":{"self":[{"href":"https:\/\/www.europesays.com\/fr\/wp-json\/wp\/v2\/posts\/270979","targetHints":{"allow":["GET"]}}],"collection":[{"href":"https:\/\/www.europesays.com\/fr\/wp-json\/wp\/v2\/posts"}],"about":[{"href":"https:\/\/www.europesays.com\/fr\/wp-json\/wp\/v2\/types\/post"}],"author":[{"embeddable":true,"href":"https:\/\/www.europesays.com\/fr\/wp-json\/wp\/v2\/users\/2"}],"replies":[{"embeddable":true,"href":"https:\/\/www.europesays.com\/fr\/wp-json\/wp\/v2\/comments?post=270979"}],"version-history":[{"count":0,"href":"https:\/\/www.europesays.com\/fr\/wp-json\/wp\/v2\/posts\/270979\/revisions"}],"wp:featuredmedia":[{"embeddable":true,"href":"https:\/\/www.europesays.com\/fr\/wp-json\/wp\/v2\/media\/270980"}],"wp:attachment":[{"href":"https:\/\/www.europesays.com\/fr\/wp-json\/wp\/v2\/media?parent=270979"}],"wp:term":[{"taxonomy":"category","embeddable":true,"href":"https:\/\/www.europesays.com\/fr\/wp-json\/wp\/v2\/categories?post=270979"},{"taxonomy":"post_tag","embeddable":true,"href":"https:\/\/www.europesays.com\/fr\/wp-json\/wp\/v2\/tags?post=270979"}],"curies":[{"name":"wp","href":"https:\/\/api.w.org\/{rel}","templated":true}]}}