{"id":270981,"date":"2025-07-24T17:48:13","date_gmt":"2025-07-24T17:48:13","guid":{"rendered":"https:\/\/www.europesays.com\/fr\/270981\/"},"modified":"2025-07-24T17:48:13","modified_gmt":"2025-07-24T17:48:13","slug":"les-europeens-peinent-a-reunir-les-batteries-antimissiles-americaines-patriot","status":"publish","type":"post","link":"https:\/\/www.europesays.com\/fr\/270981\/","title":{"rendered":"les Europ\u00e9ens peinent \u00e0 r\u00e9unir les batteries antimissiles am\u00e9ricaines Patriot"},"content":{"rendered":"<p><strong>D\u00c9CRYPTAGE &#8211; <\/strong>Berlin doit puiser dans son maigre stock sans garantie de remplacement par l\u2019industrie militaire am\u00e9ricaine.<\/p>\n<p class=\"fig-paragraph\">Depuis que\u00a0<a href=\"http:\/\/www.lefigaro.fr\/international\/guerre-en-ukraine-les-raisons-du-revirement-de-trump-face-a-poutine-20250722\" target=\"_blank\" data-fig-type=\"Article\" rel=\"noopener nofollow\" data-gtm-custom-categorie=\"navigation\" data-gtm-custom-action=\"crossclick\" data-gtm-custom-label=\"Contextuel\" data-gtm-event=\"customEventSPE\" data-fig-domain=\"LEFIGARO\">Donald Trump<\/a>\u00a0a d\u00e9cid\u00e9 de reprendre les livraisons d\u2019armes \u00e0 l\u2019Ukraine et en particulier de syst\u00e8mes de d\u00e9fense antia\u00e9rienne Patriot, l\u2019intendance a du mal \u00e0 suivre. Alors que Berlin se veut \u00e0 la t\u00eate de la coalition occidentale pr\u00eate \u00e0 acheter ces \u00e9quipements aux \u00c9tats-Unis, le ministre allemand de la D\u00e9fense a montr\u00e9 des signes d\u2019impatience \u00e0 l\u2019\u00e9gard de son partenaire am\u00e9ricain, sur lequel est cens\u00e9 reposer l\u2019op\u00e9ration. Ainsi, l\u2019Allemagne se retrouve contrainte d\u2019avancer la marchandise \u00e0\u00a0<a href=\"http:\/\/www.lefigaro.fr\/international\/avec-cette-loi-le-gouvernement-nous-crache-au-visage-des-centaines-d-ukrainiens-descendent-dans-la-rue-pour-denoncer-les-derives-du-pouvoir-20250723\" target=\"_blank\" data-fig-type=\"Article\" rel=\"noopener nofollow\" data-gtm-custom-categorie=\"navigation\" data-gtm-custom-action=\"crossclick\" data-gtm-custom-label=\"Contextuel\" data-gtm-event=\"customEventSPE\" data-fig-domain=\"LEFIGARO\">Kiev<\/a>\u00a0en attendant que son fournisseur am\u00e9ricain, Raytheon, soit en mesure de reconstituer les propres stocks de la Bundeswehr.<\/p>\n<p class=\"fig-paragraph\">\u00ab\u00a0Il y a de l\u2019argent pour les Patriot, il faut maintenant qu\u2019il y ait des Patriot\u00a0\u00bb, a d\u00e9clar\u00e9 mercredi\u00a0<a href=\"http:\/\/www.lefigaro.fr\/international\/le-jeu-d-equilibriste-de-boris-pistorius-ministre-de-la-defense-allemande-20250505\" target=\"_blank\" data-fig-type=\"Article\" rel=\"noopener nofollow\" data-gtm-custom-categorie=\"navigation\" data-gtm-custom-action=\"crossclick\" data-gtm-custom-label=\"Contextuel\" data-gtm-event=\"customEventSPE\" data-fig-domain=\"LEFIGARO\">Boris Pistorius<\/a>, r\u00e9clamant pour cela des \u00ab\u00a0garanties fermes\u00a0\u00bb de la part de Washington. \u00ab\u00a0Nous attendons de l\u2019Otan qu\u2019elle se tourne \u00e0 nouveau vers les \u00c9tats-Unis et fasse clairement comprendre au fabricant des syst\u00e8mes Patriot que les pays qui livrent ces\u2026<\/p>\n<p class=\"fig-premium-paywall__infos\">\n        Cet article est r\u00e9serv\u00e9 aux abonn\u00e9s.        Il vous reste 81% \u00e0 d\u00e9couvrir.\n    <\/p>\n<p>                <img  data- alt=\"Le Figaro\" class=\"fig-img--complete fig-img\"\/><\/p>\n<p class=\"fig-premium-paywall__title\">Vous avez envie de lire la suite ?<\/p>\n<p class=\"fig-premium-paywall__subtitle\">D\u00e9bloquez tous les articles imm\u00e9diatement.<\/p>\n<p class=\"fig-premium-paywall__connect\">\n                D\u00e9j\u00e0 abonn\u00e9\u00a0?                <a class=\"fig-premium-paywall__connect-link\" href=\"https:\/\/connect.lefigaro.fr\/login?client=horizon_web&amp;type=main&amp;redirect_uri=https%3A%2F%2Fwww.lefigaro.fr%2Finternational%2Fguerre-en-ukraine-les-europeens-peinent-a-reunir-les-batteries-antimissiles-americaines-patriot-20250724\" data-js-gtm=\"{&quot;customCategorie&quot;: &quot;conversion&quot;, &quot;customAction&quot;: &quot;before_Landing_Connexion_paywall_auto&quot;, &quot;customLabel&quot;: &quot;bGVmaWdhcm8uZnJfXzFmMDY4YTM3LWYzYzctNjVkMC1iMjEzLTZiNzIwMDA0MDZiMl9fQXJ0aWNsZQ==_Guerre en Ukraine\u00a0: les Europ\u00e9ens peinent \u00e0 r\u00e9unir les batteries antimissiles am\u00e9ricaines Patriot_369&quot;, &quot;customIDSPE&quot;: &quot;bGVmaWdhcm8uZnJfXzFmMDY4YTM3LWYzYzctNjVkMC1iMjEzLTZiNzIwMDA0MDZiMl9fQXJ0aWNsZQ==&quot;, &quot;event&quot;: &quot;customEventSPE&quot;}\" rel=\"nofollow noopener\" target=\"_blank\"><br \/>\n                    Connectez-vous<br \/>\n                <\/a>\n            <\/p>\n","protected":false},"excerpt":{"rendered":"D\u00c9CRYPTAGE &#8211; Berlin doit puiser dans son maigre stock sans garantie de remplacement par l\u2019industrie militaire am\u00e9ricaine. Depuis&hellip;\n","protected":false},"author":2,"featured_media":270982,"comment_status":"","ping_status":"","sticky":false,"template":"","format":"standard","meta":{"footnotes":""},"categories":[1590],"tags":[11,672,73,1777,674,131,12,220],"class_list":{"0":"post-270981","1":"post","2":"type-post","3":"status-publish","4":"format-standard","5":"has-post-thumbnail","7":"category-ukraine","8":"tag-actualites","9":"tag-allemagne","10":"tag-etats-unis","11":"tag-eu","12":"tag-europe","13":"tag-guerre-en-ukraine","14":"tag-news","15":"tag-ukraine"},"share_on_mastodon":{"url":"https:\/\/pubeurope.com\/@fr\/114909472725750830","error":""},"_links":{"self":[{"href":"https:\/\/www.europesays.com\/fr\/wp-json\/wp\/v2\/posts\/270981","targetHints":{"allow":["GET"]}}],"collection":[{"href":"https:\/\/www.europesays.com\/fr\/wp-json\/wp\/v2\/posts"}],"about":[{"href":"https:\/\/www.europesays.com\/fr\/wp-json\/wp\/v2\/types\/post"}],"author":[{"embeddable":true,"href":"https:\/\/www.europesays.com\/fr\/wp-json\/wp\/v2\/users\/2"}],"replies":[{"embeddable":true,"href":"https:\/\/www.europesays.com\/fr\/wp-json\/wp\/v2\/comments?post=270981"}],"version-history":[{"count":0,"href":"https:\/\/www.europesays.com\/fr\/wp-json\/wp\/v2\/posts\/270981\/revisions"}],"wp:featuredmedia":[{"embeddable":true,"href":"https:\/\/www.europesays.com\/fr\/wp-json\/wp\/v2\/media\/270982"}],"wp:attachment":[{"href":"https:\/\/www.europesays.com\/fr\/wp-json\/wp\/v2\/media?parent=270981"}],"wp:term":[{"taxonomy":"category","embeddable":true,"href":"https:\/\/www.europesays.com\/fr\/wp-json\/wp\/v2\/categories?post=270981"},{"taxonomy":"post_tag","embeddable":true,"href":"https:\/\/www.europesays.com\/fr\/wp-json\/wp\/v2\/tags?post=270981"}],"curies":[{"name":"wp","href":"https:\/\/api.w.org\/{rel}","templated":true}]}}