{"id":270985,"date":"2025-07-24T17:50:15","date_gmt":"2025-07-24T17:50:15","guid":{"rendered":"https:\/\/www.europesays.com\/fr\/270985\/"},"modified":"2025-07-24T17:50:15","modified_gmt":"2025-07-24T17:50:15","slug":"le-royaume-uni-releve-de-11-le-prix-garanti-pour-leolien-en-mer-lors-de-la-prochaine-enchere","status":"publish","type":"post","link":"https:\/\/www.europesays.com\/fr\/270985\/","title":{"rendered":"Le Royaume-Uni rel\u00e8ve de 11\u00a0% le prix garanti pour l\u2019\u00e9olien en mer lors de la prochaine ench\u00e8re"},"content":{"rendered":"<p>Le Royaume-Uni va augmenter de 11\u00a0% le prix garanti offert aux projets \u00e9oliens en mer lors de l\u2019ench\u00e8re sur les \u00e9nergies renouvelables de cette ann\u00e9e, selon des documents gouvernementaux publi\u00e9s, en raison de la hausse des co\u00fbts li\u00e9e \u00e0 l\u2019inflation et aux goulots d\u2019\u00e9tranglement dans les cha\u00eenes d\u2019approvisionnement.<\/p>\n<p>Le gouvernement travailliste fait face \u00e0 une pression croissante de la part des partis d\u2019opposition concernant la viabilit\u00e9 financi\u00e8re de son plan z\u00e9ro \u00e9mission nette, apr\u00e8s une hausse de 66\u00a0% des prix offerts pour l\u2019\u00e9olien en mer lors de l\u2019ench\u00e8re de l\u2019an dernier.<\/p>\n<p>\u00ab\u00a0Les technologies renouvelables continuent de faire face \u00e0 une incertitude macro\u00e9conomique et \u00e0 des contraintes sur les cha\u00eenes d\u2019approvisionnement\u00a0: cela est particuli\u00e8rement vrai pour les technologies \u00e9oliennes\u00a0\u00bb, a indiqu\u00e9 le minist\u00e8re de la S\u00e9curit\u00e9 \u00e9nerg\u00e9tique et du Z\u00e9ro \u00e9mission nette (DESNZ) dans un document publi\u00e9 mercredi soir.<\/p>\n<p>Le pays a plac\u00e9 l\u2019\u00e9olien en mer au c\u0153ur de sa strat\u00e9gie de d\u00e9carbonation du secteur \u00e9lectrique \u00e0 l\u2019horizon 2030. L\u2019objectif est de porter la capacit\u00e9 install\u00e9e \u00e0 43-50 gigawatts (GW) d\u2019ici la fin de la d\u00e9cennie, contre environ 15 GW actuellement.<\/p>\n<p>Dans le cadre des ench\u00e8res annuelles pour les \u00e9nergies renouvelables, les d\u00e9veloppeurs soumissionnent pour des contrats \u00ab\u00a0contracts for difference\u00a0\u00bb (CfD), qui leur garantissent un prix fixe pour leur \u00e9lectricit\u00e9.<\/p>\n<p>Si les prix de gros descendent en dessous de ce niveau garanti, appel\u00e9 \u00ab\u00a0strike price\u00a0\u00bb, le gouvernement compense la diff\u00e9rence, ce co\u00fbt \u00e9tant in fine r\u00e9percut\u00e9 sur la facture des consommateurs. Si les prix de gros sont sup\u00e9rieurs au \u00ab\u00a0strike price\u00a0\u00bb, les d\u00e9veloppeurs reversent la diff\u00e9rence.<\/p>\n<p>Les projets \u00e9oliens en mer se verront proposer un \u00ab\u00a0strike price\u00a0\u00bb de 81 livres par m\u00e9gawattheure (MWh) aux prix de 2012, contre 73 livres par MWh lors de l\u2019ench\u00e8re pr\u00e9c\u00e9dente.<\/p>\n<p>Les projets d\u2019\u00e9olien flottant, une technologie encore en phase de d\u00e9veloppement, b\u00e9n\u00e9ficieront d\u2019un prix de 194 livres par MWh, contre 176 livres auparavant.<\/p>\n<p>Un porte-parole du DESNZ a pr\u00e9cis\u00e9 que les prix annonc\u00e9s sont indicatifs et que l\u2019ench\u00e8re pourrait se conclure \u00e0 des niveaux inf\u00e9rieurs.<\/p>\n<p>\u00ab\u00a0La seule fa\u00e7on de faire baisser durablement les factures et de prot\u00e9ger les foyers et les entreprises contre la volatilit\u00e9 des prix du gaz, c\u2019est de passer \u00e0 un syst\u00e8me \u00e9lectrique propre, avec une \u00e9nergie produite localement, s\u00fbre et que nous contr\u00f4lons\u00a0\u00bb, a d\u00e9clar\u00e9 le porte-parole.<\/p>\n<p>Les candidatures pour l\u2019ench\u00e8re, baptis\u00e9e AR7, d\u00e9buteront en ao\u00fbt, avec des r\u00e9sultats attendus entre d\u00e9cembre et la fin f\u00e9vrier 2026.<\/p>\n","protected":false},"excerpt":{"rendered":"Le Royaume-Uni va augmenter de 11\u00a0% le prix garanti offert aux projets \u00e9oliens en mer lors de l\u2019ench\u00e8re&hellip;\n","protected":false},"author":2,"featured_media":270986,"comment_status":"","ping_status":"","sticky":false,"template":"","format":"standard","meta":{"footnotes":""},"categories":[1588],"tags":[11,340,1777,674,12,473,1853,1851,1850,1852],"class_list":{"0":"post-270985","1":"post","2":"type-post","3":"status-publish","4":"format-standard","5":"has-post-thumbnail","7":"category-royaume-uni","8":"tag-actualites","9":"tag-bourse","10":"tag-eu","11":"tag-europe","12":"tag-news","13":"tag-royaume-uni","14":"tag-royaume-uni-de-grande-bretagne-et-dirlande-du-nord","15":"tag-uk","16":"tag-united-kingdom","17":"tag-united-kingdom-of-great-britain-and-northern-ireland"},"share_on_mastodon":{"url":"https:\/\/pubeurope.com\/@fr\/114909480509148451","error":""},"_links":{"self":[{"href":"https:\/\/www.europesays.com\/fr\/wp-json\/wp\/v2\/posts\/270985","targetHints":{"allow":["GET"]}}],"collection":[{"href":"https:\/\/www.europesays.com\/fr\/wp-json\/wp\/v2\/posts"}],"about":[{"href":"https:\/\/www.europesays.com\/fr\/wp-json\/wp\/v2\/types\/post"}],"author":[{"embeddable":true,"href":"https:\/\/www.europesays.com\/fr\/wp-json\/wp\/v2\/users\/2"}],"replies":[{"embeddable":true,"href":"https:\/\/www.europesays.com\/fr\/wp-json\/wp\/v2\/comments?post=270985"}],"version-history":[{"count":0,"href":"https:\/\/www.europesays.com\/fr\/wp-json\/wp\/v2\/posts\/270985\/revisions"}],"wp:featuredmedia":[{"embeddable":true,"href":"https:\/\/www.europesays.com\/fr\/wp-json\/wp\/v2\/media\/270986"}],"wp:attachment":[{"href":"https:\/\/www.europesays.com\/fr\/wp-json\/wp\/v2\/media?parent=270985"}],"wp:term":[{"taxonomy":"category","embeddable":true,"href":"https:\/\/www.europesays.com\/fr\/wp-json\/wp\/v2\/categories?post=270985"},{"taxonomy":"post_tag","embeddable":true,"href":"https:\/\/www.europesays.com\/fr\/wp-json\/wp\/v2\/tags?post=270985"}],"curies":[{"name":"wp","href":"https:\/\/api.w.org\/{rel}","templated":true}]}}