{"id":270987,"date":"2025-07-24T17:51:22","date_gmt":"2025-07-24T17:51:22","guid":{"rendered":"https:\/\/www.europesays.com\/fr\/270987\/"},"modified":"2025-07-24T17:51:22","modified_gmt":"2025-07-24T17:51:22","slug":"eurofighter-typhoon-lallemagne-leve-son-veto-a-la-vente-de-40-chasseurs-a-la-turquie-24-07-2025-a-0953","status":"publish","type":"post","link":"https:\/\/www.europesays.com\/fr\/270987\/","title":{"rendered":"Eurofighter Typhoon : l&rsquo;Allemagne l\u00e8ve son veto \u00e0 la vente de 40 chasseurs \u00e0 la Turquie &#8211; 24\/07\/2025 \u00e0 09:53"},"content":{"rendered":"<p> Berlin bloquait jusqu&rsquo;alors la livraison d&rsquo;avions de chasse \u00e0 Ankara, en raison de points de discorde concernant Gaza ou encore le virage autoritaire du r\u00e9gime Erdogan.<\/p>\n<p>        <img fetchpriority=\"high\" decoding=\"async\" src=\"https:\/\/www.europesays.com\/fr\/wp-content\/uploads\/2025\/07\/640c17c8ae216bd2b9b157649de05c09-760x507.jpg\" alt=\"Un chasseur Eurofighter dans le ciel de Schoenefeld, en 2024 (illustration) ( AFP \/ RALF HIRSCHBERGER )\" loading=\"eager\" width=\"760\" height=\"507\" style=\"max-width: 100%!important; height: auto;\"\/><\/p>\n<p class=\"c-image-news__legend\">Un chasseur Eurofighter dans le ciel de Schoenefeld, en 2024 (illustration) ( AFP \/ RALF HIRSCHBERGER )<\/p>\n<p>\n Fin du blocage. Le gouvernement allemand a annonc\u00e9 mercredi 23 juillet avoir lev\u00e9 son veto sur la livraison d&rsquo;Eurofighter \u00e0 la Turquie, d\u00e9bloquant la vente de ces avions de combat fabriqu\u00e9s par l&rsquo;Allemagne, le Royaume-Uni, l&rsquo;Espagne et l&rsquo;Italie.\n<\/p>\n<p>\n <strong><br \/>\n  \u00ab\u00a0Le minist\u00e8re de la D\u00e9fense a transmis une lettre au gouvernement turc dans laquelle l&rsquo;accord d&rsquo;exportation est confirm\u00e9\u00a0\u00bb,<br \/>\n <\/strong><br \/>\n a d\u00e9clar\u00e9 \u00e0 la presse un porte-parole du gouvernement, Stefan Kornelius.\n<\/p>\n<p>\n La Turquie n\u00e9gocie depuis plusieurs ann\u00e9es l&rsquo;achat de 40 Eurofighter pour moderniser son arm\u00e9e mais l&rsquo;Allemagne tardait \u00e0 approuver cette transaction en raison de diff\u00e9rends politiques avec Ankara sur plusieurs points, dont la guerre dans la bande de Gaza.\n<\/p>\n<p>\n Bien que Londres dirige les n\u00e9gociations,<br \/>\n <strong><br \/>\n  chacun des quatre pays du consortium fabriquant ces avions de combat peut mettre son veto \u00e0 une vente.<br \/>\n <\/strong>\n<\/p>\n<p>\n Avec la lev\u00e9e de ce veto, les minist\u00e8res turc et britannique de la D\u00e9fense ont annonc\u00e9 la signature d&rsquo;un accord pr\u00e9liminaire pour cette importante commande militaire.\n<\/p>\n<p> Ankara aurait fourni des gages sur le cas du voisin grec<\/p>\n<p>\n \u00ab\u00a0L&rsquo;acceptation de la Turquie comme utilisateur de l\u2019Eurofighter Typhoon renforcera les liens d&rsquo;amiti\u00e9 tiss\u00e9s depuis des d\u00e9cennies entre les principaux alli\u00e9s de l&rsquo;Otan\u00a0\u00bb, a salu\u00e9 le minist\u00e8re turc de la D\u00e9fense, dans un communiqu\u00e9.  \u00ab\u00a0Elle constituera une \u00e9tape importante vers le renforcement des capacit\u00e9s de combat a\u00e9rien avanc\u00e9es de la Turquie\u00a0\u00bb a-t-il ajout\u00e9.\n<\/p>\n<p>\n Selon l&rsquo;hebdomadaire<\/p>\n<p>  Spiegel<\/p>\n<p> ,<br \/>\n <strong><br \/>\n  la Turquie s&rsquo;est engag\u00e9e \u00e0 ce que ces appareils ne soient jamais employ\u00e9s contre un pays membre de l&rsquo;Alliance atlantique,<br \/>\n <\/strong><br \/>\n une disposition destin\u00e9e \u00e0 rassurer son voisin grec avec lequel ses relations connaissent des tensions r\u00e9guli\u00e8res et qui voit d&rsquo;un mauvais oeil ce renforcement du potentiel militaire turc.\n<\/p>\n<p>\n L&rsquo;Allemagne, l&rsquo;un des plus fervents soutiens d&rsquo;Isra\u00ebl avec les Etats-Unis, et la Turquie, beaucoup plus hostile, ont des positions divergentes sur l&rsquo;offensive isra\u00e9lienne dans la bande de Gaza.  En outre, Berlin \u00e9tait particuli\u00e8rement critique vis-\u00e0-vis du gouvernement de Recep Tayyip Erdogan, apr\u00e8s l\u2019arrestation du maire d\u2019opposition d\u2019Istanbul, Ekrem Imamoglu le 19 mars dernier.\n<\/p>\n<p>\n Cependant, ce dernier avait lui-m\u00eame, dans un message sur X, appel\u00e9 l\u2019Allemagne \u00e0 lever son veto : \u00ab\u00a0La Turquie est plus grande qu&rsquo;Erdogan, annulez la d\u00e9cision de l&rsquo;Eurofighter\u00a0\u00bb, avait-il dit. M. Imamoglu, officiellement candidat du parti CHP, est consid\u00e9r\u00e9 comme le principal rival de M. Erdogan pour la prochaine \u00e9lection pr\u00e9sidentielle en 2028.<\/p>\n","protected":false},"excerpt":{"rendered":"Berlin bloquait jusqu&rsquo;alors la livraison d&rsquo;avions de chasse \u00e0 Ankara, en raison de points de discorde concernant Gaza&hellip;\n","protected":false},"author":2,"featured_media":270988,"comment_status":"","ping_status":"","sticky":false,"template":"","format":"standard","meta":{"footnotes":""},"categories":[1587],"tags":[400,11,672,398,408,1804,405,1805,1803,1777,674,1801,403,402,399,404,12,1802,401,406,407],"class_list":{"0":"post-270987","1":"post","2":"type-post","3":"status-publish","4":"format-standard","5":"has-post-thumbnail","7":"category-allemagne","8":"tag-action-cac-40","9":"tag-actualites","10":"tag-allemagne","11":"tag-bourse-de-paris","12":"tag-boursorama","13":"tag-bundesrepublik-deutschland","14":"tag-cotations","15":"tag-de","16":"tag-deutschland","17":"tag-eu","18":"tag-europe","19":"tag-germany","20":"tag-indices-devises","21":"tag-investir","22":"tag-investissement","23":"tag-marche-boursier","24":"tag-news","25":"tag-republique-federale-dallemagne","26":"tag-sicav","27":"tag-trackers","28":"tag-warrants"},"share_on_mastodon":{"url":"https:\/\/pubeurope.com\/@fr\/114909484470192123","error":""},"_links":{"self":[{"href":"https:\/\/www.europesays.com\/fr\/wp-json\/wp\/v2\/posts\/270987","targetHints":{"allow":["GET"]}}],"collection":[{"href":"https:\/\/www.europesays.com\/fr\/wp-json\/wp\/v2\/posts"}],"about":[{"href":"https:\/\/www.europesays.com\/fr\/wp-json\/wp\/v2\/types\/post"}],"author":[{"embeddable":true,"href":"https:\/\/www.europesays.com\/fr\/wp-json\/wp\/v2\/users\/2"}],"replies":[{"embeddable":true,"href":"https:\/\/www.europesays.com\/fr\/wp-json\/wp\/v2\/comments?post=270987"}],"version-history":[{"count":0,"href":"https:\/\/www.europesays.com\/fr\/wp-json\/wp\/v2\/posts\/270987\/revisions"}],"wp:featuredmedia":[{"embeddable":true,"href":"https:\/\/www.europesays.com\/fr\/wp-json\/wp\/v2\/media\/270988"}],"wp:attachment":[{"href":"https:\/\/www.europesays.com\/fr\/wp-json\/wp\/v2\/media?parent=270987"}],"wp:term":[{"taxonomy":"category","embeddable":true,"href":"https:\/\/www.europesays.com\/fr\/wp-json\/wp\/v2\/categories?post=270987"},{"taxonomy":"post_tag","embeddable":true,"href":"https:\/\/www.europesays.com\/fr\/wp-json\/wp\/v2\/tags?post=270987"}],"curies":[{"name":"wp","href":"https:\/\/api.w.org\/{rel}","templated":true}]}}