{"id":270999,"date":"2025-07-24T17:57:14","date_gmt":"2025-07-24T17:57:14","guid":{"rendered":"https:\/\/www.europesays.com\/fr\/270999\/"},"modified":"2025-07-24T17:57:14","modified_gmt":"2025-07-24T17:57:14","slug":"championnat-de-france-des-jeunes-un-tour-a-grand-spectacle","status":"publish","type":"post","link":"https:\/\/www.europesays.com\/fr\/270999\/","title":{"rendered":"Championnat de France des Jeunes : Un tour \u00e0 grand spectacle"},"content":{"rendered":"<p>Pour la premi\u00e8re journ\u00e9e du tableau final en match play, les favorites chez Benjamines ont assur\u00e9 un joli spectacle sur le parcours du <strong>Breuil<\/strong>. Les sept premi\u00e8res joueuses \u00e0 l&rsquo;issue de la phase de stroke play se sont ainsi qualifi\u00e9es pour le tour suivant, avec dans le lot quelques larges victoires pour, entre autres, <strong>Jurilayci Kardasik<\/strong> (Toulouse) par 6&amp;5, <strong>\u00c9l\u00e9a Bastoni<\/strong> (Cannes-Mougins) par 5&amp;3, ou encore <strong>\u00c9l\u00e9na Leblond<\/strong> (Le Prieur\u00e9) sur le m\u00eame score. La principale surprise, sur le papier, a \u00e9t\u00e9 la victoire d&rsquo;<strong>\u00c9line Lasierra<\/strong> (Pays de Laval) face \u00e0 <strong>Cl\u00e9mence H\u00e9bert<\/strong> (Bondues) sur la marque de 6&amp;5.<\/p>\n","protected":false},"excerpt":{"rendered":"Pour la premi\u00e8re journ\u00e9e du tableau final en match play, les favorites chez Benjamines ont assur\u00e9 un joli&hellip;\n","protected":false},"author":2,"featured_media":271000,"comment_status":"","ping_status":"","sticky":false,"template":"","format":"standard","meta":{"footnotes":""},"categories":[1418],"tags":[1011,27,1472,60],"class_list":{"0":"post-270999","1":"post","2":"type-post","3":"status-publish","4":"format-standard","5":"has-post-thumbnail","7":"category-golf","8":"tag-fr","9":"tag-france","10":"tag-golf","11":"tag-sports"},"share_on_mastodon":{"url":"https:\/\/pubeurope.com\/@fr\/114909508224972211","error":""},"_links":{"self":[{"href":"https:\/\/www.europesays.com\/fr\/wp-json\/wp\/v2\/posts\/270999","targetHints":{"allow":["GET"]}}],"collection":[{"href":"https:\/\/www.europesays.com\/fr\/wp-json\/wp\/v2\/posts"}],"about":[{"href":"https:\/\/www.europesays.com\/fr\/wp-json\/wp\/v2\/types\/post"}],"author":[{"embeddable":true,"href":"https:\/\/www.europesays.com\/fr\/wp-json\/wp\/v2\/users\/2"}],"replies":[{"embeddable":true,"href":"https:\/\/www.europesays.com\/fr\/wp-json\/wp\/v2\/comments?post=270999"}],"version-history":[{"count":0,"href":"https:\/\/www.europesays.com\/fr\/wp-json\/wp\/v2\/posts\/270999\/revisions"}],"wp:featuredmedia":[{"embeddable":true,"href":"https:\/\/www.europesays.com\/fr\/wp-json\/wp\/v2\/media\/271000"}],"wp:attachment":[{"href":"https:\/\/www.europesays.com\/fr\/wp-json\/wp\/v2\/media?parent=270999"}],"wp:term":[{"taxonomy":"category","embeddable":true,"href":"https:\/\/www.europesays.com\/fr\/wp-json\/wp\/v2\/categories?post=270999"},{"taxonomy":"post_tag","embeddable":true,"href":"https:\/\/www.europesays.com\/fr\/wp-json\/wp\/v2\/tags?post=270999"}],"curies":[{"name":"wp","href":"https:\/\/api.w.org\/{rel}","templated":true}]}}