{"id":271001,"date":"2025-07-24T17:58:16","date_gmt":"2025-07-24T17:58:16","guid":{"rendered":"https:\/\/www.europesays.com\/fr\/271001\/"},"modified":"2025-07-24T17:58:16","modified_gmt":"2025-07-24T17:58:16","slug":"le-coach-de-ligue-mineure-et-larbitre","status":"publish","type":"post","link":"https:\/\/www.europesays.com\/fr\/271001\/","title":{"rendered":"le coach de ligue mineure (et l\u2019arbitre)"},"content":{"rendered":"<p class=\"article-bodystyled__StyledText-sc-19uhgql-0 bGeyRM body-paragraph\">Aurais-je rat\u00e9 mon casting pour conclure cette petite s\u00e9rie sur les r\u00f4les ingrats? <\/p>\n<p class=\"article-bodystyled__StyledText-sc-19uhgql-0 bGeyRM body-paragraph\">Il dit en retirer davantage de satisfaction que de frustrations, mais g\u00e9rer les attentes des parents de ses jeunes athl\u00e8tes peut devenir assez lourd, reconna\u00eet (heureusement) l\u2019homme de 46 ans.<\/p>\n<p class=\"article-bodystyled__StyledText-sc-19uhgql-0 bGeyRM body-paragraph\">Certains sont excessivement intenses, tellement qu\u2019il a d\u00e9j\u00e0 d\u00fb entreprendre des d\u00e9marches judiciaires pour en calmer un. <\/p>\n<p class=\"article-bodystyled__StyledText-sc-19uhgql-0 bGeyRM body-paragraph\">Sans compter les moments o\u00f9 il a d\u00fb composer avec des enfants poqu\u00e9s, sans les comp\u00e9tences d\u2019un \u00e9ducateur ou d\u2019un travailleur social. Il \u00e9voque cette fois o\u00f9 il a d\u00fb faire un signalement \u00e0 la DPJ, sans verser dans les d\u00e9tails. <\/p>\n<p class=\"article-bodystyled__StyledText-sc-19uhgql-0 bGeyRM body-paragraph\"> \u00abJ\u2019ai quand m\u00eame la chance d\u2019exercer dans des sports plus secondaires pour le Qu\u00e9bec. Le baseball et le volleyball, ce n\u2019est pas comme au hockey o\u00f9 tout le monde se pense expert et remet en question tes d\u00e9cisions sur le terrain\u00bb, rel\u00e8ve celui dont le job principal est vice-pr\u00e9sident chez Technar, une entreprise qu\u00e9b\u00e9coise de niche qui d\u00e9veloppe des capteurs et des outils entrant dans divers proc\u00e9d\u00e9s industriels.<\/p>\n<p>Redonner \u00e0 la cause sportive<\/p>\n<p class=\"article-bodystyled__StyledText-sc-19uhgql-0 bGeyRM body-paragraph\">Le parcours de Jean-Nicolas Robert m\u00e9rite qu\u2019on s\u2019y attarde un peu. Durant son adolescence, le Qu\u00e9b\u00e9cois a fait partie de l\u2019\u00e9lite du baseball mineur, ce qui l\u2019a men\u00e9 \u00e0 \u00e9tudier \u00e0 Greenville, en Caroline du Nord, \u00e0 l\u2019East Carolina University. <\/p>\n<blockquote class=\"pullquote\" cite=\"Jean-Nicolas Robert, entraineur b&#xE9;n&#xE9;vole\">\n<p class=\"secondary-font__SecondaryFontStyles-sc-jft5zj-0 kJOXaj\">\u00abJ\u2019ai v\u00e9cu loin de mes amis et de ma famille, dans un milieu anglophone, \u00e7\u2019a fa\u00e7onn\u00e9 ma personne. Je suis revenu de l\u00e0 parfaitement bilingue avec une aisance \u00e0 nouer des relations. C\u2019est pourquoi je me sens redevable envers le sport aujourd\u2019hui.\u00bb<\/p>\n<p>\u2014 \u00a0Jean-Nicolas Robert, entraineur b\u00e9n\u00e9vole<\/p><\/blockquote>\n<p class=\"article-bodystyled__StyledText-sc-19uhgql-0 bGeyRM body-paragraph\">Depuis son retour, il a surtout \u0153uvr\u00e9 dans le secteur de la vente. L\u2019ancien premier-but a \u00e9t\u00e9 repr\u00e9sentant chez Bell pour laquelle il a vendu de la publicit\u00e9 sur la bande de la patinoire du domicile du CH, avant de passer 14 ans chez Fedex o\u00f9 il a gravi plusieurs \u00e9chelons. <\/p>\n<p class=\"article-bodystyled__StyledText-sc-19uhgql-0 bGeyRM body-paragraph\">Il commercialise maintenant des analyseurs de m\u00e9taux en fusion et autres bidules complexes dans une trentaine de pays.<\/p>\n<p class=\"article-bodystyled__StyledText-sc-19uhgql-0 bGeyRM body-paragraph\">Entretemps, pour se lib\u00e9rer du syndrome de l\u2019imposteur qui l\u2019accablait dans les milieux d\u2019affaires, il a compl\u00e9t\u00e9 un MBA \u00e0 l\u2019Universit\u00e9 de Sherbrooke. <\/p>\n<p>Coach par vocation<\/p>\n<p class=\"article-bodystyled__StyledText-sc-19uhgql-0 bGeyRM body-paragraph\">Son premier job d\u2019entra\u00eeneur de baseball remonte \u00e0 son adolescente, il \u00e9tait \u00e2g\u00e9 de 16 ans quand il a pris les r\u00eanes d\u2019une \u00e9quipe atome B. Il n\u2019a pratiquement pas cess\u00e9 depuis. Il a \u00e9t\u00e9 \u00e0 la barre de nombreuses \u00e9quipes, jusqu\u2019au rang midget AAA. Du haut calibre.<\/p>\n<p class=\"article-bodystyled__StyledText-sc-19uhgql-0 bGeyRM body-paragraph\">En 2023, il a re\u00e7u sa certification du Programme national de certification des entra\u00eeneurs. Il a aussi t\u00e2t\u00e9 l\u2019arbitrage, un r\u00f4le plus difficile encore que celui de coach. \u00abJ\u2019ai encore en m\u00e9moire cette fois o\u00f9 un p\u00e8re saoul voulait se battre avec moi \u00e0 la fin d\u2019un match.\u00bb <\/p>\n<p class=\"article-bodystyled__StyledText-sc-19uhgql-0 bGeyRM body-paragraph\">Depuis sept ans, il d\u00e9laisse peu \u00e0 peu le baseball pour se concentrer sur le volleyball f\u00e9minin. La piq\u00fbre lui vient de sa fille de 18 ans qui pratique le sport depuis le secondaire. Il a commenc\u00e9 dans le r\u00e9seau scolaire et, maintenant, il \u0153uvre dans une ligue civile avec une \u00e9quipe d\u2019adolescentes de 16-17 ans qui comp\u00e9titionnent \u00e0 un niveau sup\u00e9rieur. <\/p>\n<p class=\"article-bodystyled__StyledText-sc-19uhgql-0 bGeyRM body-paragraph\">Pour un homme dans la quarantaine, entra\u00eener des filles peut \u00eatre d\u00e9licats, je n\u2019y avais pas pens\u00e9. <\/p>\n<blockquote class=\"blockquote\" cite=\"\">\n<p class=\"secondary-font__SecondaryFontStyles-sc-jft5zj-0 kJOXaj\">C\u2019est sa conjointe qui lui a un jour demand\u00e9 s\u2019il ne craignait pas les fausses accusations de harc\u00e8lement, comme l\u2019ont d\u00e9j\u00e0 \u00e9t\u00e9 des profs d\u2019\u00e9ducation physique.<\/p>\n<\/blockquote>\n<p class=\"article-bodystyled__StyledText-sc-19uhgql-0 bGeyRM body-paragraph\">La question l\u2019a tourment\u00e9, d\u2019autant plus que, durant sa \u00abcarri\u00e8re\u00bb sportive, il a crois\u00e9 des co\u00e9quipiers qui ont \u00e9t\u00e9 abus\u00e9s par leur coach. En occupant un poste d\u2019entra\u00eeneur, il en emp\u00eache un autre avec des intentions moins nobles de s\u2019approcher des jeunes, se dit-il. <\/p>\n<p class=\"article-bodystyled__StyledText-sc-19uhgql-0 bGeyRM body-paragraph\">Il prend des pr\u00e9cautions. Il communique avec ses prot\u00e9g\u00e9es uniquement par ces canaux auxquels ont acc\u00e8s les parents, jamais il ne transporte une de ses joueuses, il conna\u00eet l\u2019emplacement de toutes les cam\u00e9ras autour du gymnase. En plus, il est assist\u00e9 derri\u00e8re le banc par sa fille et l\u2019amie de celle-ci, les deux poursuivent leur parcours de volleyeuses au C\u00e9gep.<\/p>\n<p>L\u2019arbitrage de ses nuits<\/p>\n<p class=\"article-bodystyled__StyledText-sc-19uhgql-0 bGeyRM body-paragraph\">\u00c7a occupe, \u00eatre coach. Il dirige cinq \u00e0 six heures de pratique chaque semaine, en plus de passer plusieurs fins de semaine \u00e0 des tournois aux quatre coins de la province.<\/p>\n<p class=\"article-bodystyled__StyledText-sc-19uhgql-0 bGeyRM body-paragraph\">Une bonne partie de ce qui lui reste de son temps libre est consacr\u00e9e \u00e0 regarder du volleyball. Quand ce n\u2019est pas sur une cha\u00eene sp\u00e9cialis\u00e9e \u00e0 la t\u00e9l\u00e9, c\u2019est dans des \u00e9v\u00e9nements, comme le tournoi de la Ligue des nations qui s\u2019est tenu au Centre Vid\u00e9otron, en juin. <\/p>\n<p class=\"article-bodystyled__StyledText-sc-19uhgql-0 bGeyRM body-paragraph\">Il coache encore au baseball quatre jours par ann\u00e9e, une des six \u00e9quipes participant \u00e0 la Classique Claude-Raymond, qui r\u00e9unit la cr\u00e8me des joueurs de 14 ans de la province. Cette ann\u00e9e, elle s\u2019est d\u00e9roul\u00e9e \u00e0 Saint-Jean-sur-Richelieu. <\/p>\n<blockquote class=\"blockquote\" cite=\"\">\n<p class=\"secondary-font__SecondaryFontStyles-sc-jft5zj-0 kJOXaj\">L\u2019\u00e9v\u00e9nement rameute des observateurs de l\u2019Acad\u00e9mie de baseball du Canada et des d\u00e9pisteurs des ligues professionnelles. Des parents ne se peuvent plus \u00e0 la vue d\u2019une casquette des Blue Jays ou d\u2019un radar qui mesure la v\u00e9locit\u00e9 de la balle, convaincus d\u2019avoir mis au monde le futur Vladimir Guerrero Jr. <\/p>\n<\/blockquote>\n<p class=\"article-bodystyled__StyledText-sc-19uhgql-0 bGeyRM body-paragraph\">\u00abCette ann\u00e9e, je ne sais pas comment il a fait, mais un parent a mis la main sur mon num\u00e9ro de cellulaire. Il m\u2019a bombard\u00e9 de statistiques de son fils et de vid\u00e9os. Il m\u2019a appel\u00e9 et m\u2019a tenu 20 minutes au t\u00e9l\u00e9phone, je n\u2019\u00e9tais pas capable de m\u2019en d\u00e9barrasser\u00bb, raconte Jean-Nicolas Robert.<\/p>\n<p class=\"article-bodystyled__StyledText-sc-19uhgql-0 bGeyRM body-paragraph\">\u00c7a le passionne, le coaching. C\u2019est peut-\u00eatre un mauvais casting de ma part, finalement. Mais il ne reste pas moins souvent la cible de parents m\u00e9contents, qui se plaignent pour les m\u00eames raisons qui l\u2019emp\u00eachent parfois de dormir. <\/p>\n<p class=\"article-bodystyled__StyledText-sc-19uhgql-0 bGeyRM body-paragraph\">Le travail d\u2019un entra\u00eeneur de ligue mineure consiste surtout \u00e0 d\u00e9velopper le potentiel des jeunes. <\/p>\n<p class=\"article-bodystyled__StyledText-sc-19uhgql-0 bGeyRM body-paragraph\">Arriv\u00e9 \u00e0 un niveau plus comp\u00e9titif, il se trouve constamment \u00e0 arbitrer entre la performance de l\u2019\u00e9quipe et la participation des petits humains qui la composent. <\/p>\n<p class=\"article-bodystyled__StyledText-sc-19uhgql-0 bGeyRM body-paragraph\">On le trouve soit trop s\u00e9v\u00e8re, soit trop mou. Lui non plus ne le sait pas toujours.<\/p>\n<p class=\"article-bodystyled__StyledText-sc-19uhgql-0 bGeyRM body-paragraph\">Ce serait facile de se lib\u00e9rer de ces soucis, mais ce serait renoncer \u00e0 tout un pan de sa vie. <\/p>\n<p class=\"article-bodystyled__StyledText-sc-19uhgql-0 bGeyRM body-paragraph\"><b>Si vous d\u00e9sirez r\u00e9agir \u00e0 cette chronique, \u00e9crivez-nous \u00e0 <\/b><a href=\"https:\/\/www.lesoleil.com\/chroniques\/daniel-germain\/2025\/07\/24\/role-ingrat-le-emcoachem-de-ligue-mineure-et-larbitre-KWGWIHJ3CJDXZBDNCLQL3AQHE4\/mailto:opinions@lesoleil.com\" target=\"_self\" rel=\"nofollow noopener\"><b>opinions@cn2i.ca<\/b><\/a><b>. Certaines r\u00e9ponses pourraient \u00eatre publi\u00e9es dans notre section Opinions. Si vous voulez contacter directement notre chroniqueur, vous pouvez le faire \u00e0 <\/b><a href=\"https:\/\/www.lesoleil.com\/chroniques\/daniel-germain\/2025\/07\/24\/role-ingrat-le-emcoachem-de-ligue-mineure-et-larbitre-KWGWIHJ3CJDXZBDNCLQL3AQHE4\/mailto:dgermain@cn2i.ca\" target=\"_self\" rel=\"noopener nofollow\"><b>dgermain@cn2i.ca<\/b><\/a><b>.<\/b><\/p>\n","protected":false},"excerpt":{"rendered":"Aurais-je rat\u00e9 mon casting pour conclure cette petite s\u00e9rie sur les r\u00f4les ingrats? Il dit en retirer davantage&hellip;\n","protected":false},"author":2,"featured_media":271002,"comment_status":"","ping_status":"","sticky":false,"template":"","format":"standard","meta":{"footnotes":""},"categories":[1417],"tags":[1011,27,60,1470,1469],"class_list":{"0":"post-271001","1":"post","2":"type-post","3":"status-publish","4":"format-standard","5":"has-post-thumbnail","7":"category-volley","8":"tag-fr","9":"tag-france","10":"tag-sports","11":"tag-volley","12":"tag-volleyball"},"share_on_mastodon":{"url":"https:\/\/pubeurope.com\/@fr\/114909511987579356","error":""},"_links":{"self":[{"href":"https:\/\/www.europesays.com\/fr\/wp-json\/wp\/v2\/posts\/271001","targetHints":{"allow":["GET"]}}],"collection":[{"href":"https:\/\/www.europesays.com\/fr\/wp-json\/wp\/v2\/posts"}],"about":[{"href":"https:\/\/www.europesays.com\/fr\/wp-json\/wp\/v2\/types\/post"}],"author":[{"embeddable":true,"href":"https:\/\/www.europesays.com\/fr\/wp-json\/wp\/v2\/users\/2"}],"replies":[{"embeddable":true,"href":"https:\/\/www.europesays.com\/fr\/wp-json\/wp\/v2\/comments?post=271001"}],"version-history":[{"count":0,"href":"https:\/\/www.europesays.com\/fr\/wp-json\/wp\/v2\/posts\/271001\/revisions"}],"wp:featuredmedia":[{"embeddable":true,"href":"https:\/\/www.europesays.com\/fr\/wp-json\/wp\/v2\/media\/271002"}],"wp:attachment":[{"href":"https:\/\/www.europesays.com\/fr\/wp-json\/wp\/v2\/media?parent=271001"}],"wp:term":[{"taxonomy":"category","embeddable":true,"href":"https:\/\/www.europesays.com\/fr\/wp-json\/wp\/v2\/categories?post=271001"},{"taxonomy":"post_tag","embeddable":true,"href":"https:\/\/www.europesays.com\/fr\/wp-json\/wp\/v2\/tags?post=271001"}],"curies":[{"name":"wp","href":"https:\/\/api.w.org\/{rel}","templated":true}]}}