{"id":271003,"date":"2025-07-24T17:59:11","date_gmt":"2025-07-24T17:59:11","guid":{"rendered":"https:\/\/www.europesays.com\/fr\/271003\/"},"modified":"2025-07-24T17:59:11","modified_gmt":"2025-07-24T17:59:11","slug":"pro-d2-antichambre-forte-decouvrez-votre-numero-de-midi-olympique","status":"publish","type":"post","link":"https:\/\/www.europesays.com\/fr\/271003\/","title":{"rendered":"Pro D2 &#8211; \u00ab\u00a0Antichambre forte\u00a0\u00bb : d\u00e9couvrez votre num\u00e9ro de Midi Olympique"},"content":{"rendered":"<p>\n                Votre journal Midi Olympique du 25 juillet est disponible d\u00e8s maintenant sur le kiosque en ligne. Comme d&rsquo;habitude, le monde du rugby y est d\u00e9crypt\u00e9.\n            <\/p>\n<p>Il n&rsquo;y a pas que le Top 14 qui est tr\u00e8s attendu en cette intersaison. Le Pro D2 s&rsquo;annonce aussi excitant que son grand fr\u00e8re, avec des recrues de renom et des clubs toujours plus forts. Dans votre Midi Olympique du 25 juillet, la r\u00e9daction vous propose de d\u00e9couvrir pourquoi la deuxi\u00e8me division sera cette saison encore tr\u00e8s int\u00e9ressante \u00e0 suivre.\u00a0<\/p>\n<p>Pour \u00e9tayer ce sujet, d\u00e9couvrez aussi les premi\u00e8res \u00ab\u00a0sagas\u00a0\u00bb de la saison, avec un zoom sur le promu carcassonnais et sur Oyonnax. Deux pages sont consacr\u00e9es \u00e0 chaque club pour tout savoir : organigramme, budget, effectif, objectifs&#8230; Avec des portraits et des interviews exclusives !<\/p>\n<p>Dans le reste du journal, on retrouve \u00e9videmment les reprises des clubs de Top 14, la tourn\u00e9e des Lions britanniques et irlandais, un zoom sur les qualifications pour la Coupe du monde 2027, mais aussi un dossier sur le XV de France avec une interview exclusive de William Servat. Le tout, avec les derni\u00e8res infos sur l&rsquo;actualit\u00e9 et les transferts&#8230;<\/p>\n<p>\u00a0<\/p>\n<p>\u00c0 d\u00e9couvrir \u00e9galement :<\/p>\n<ul>\n<li>une grande interview de Joris Segonds apr\u00e8s sa tourn\u00e9e avec le XV de France<\/li>\n<li>Le carnet de bord de la tourn\u00e9e de notre envoy\u00e9 sp\u00e9cial Marc Duzan<\/li>\n<li>un reportage au sein de la pr\u00e9paration physique de Montauban, lors duquel notre journaliste Fran\u00e7ois Maleysson s&rsquo;est pr\u00eat\u00e9 au jeu<\/li>\n<li>le tableau complet des mutations de F\u00e9d\u00e9rale 2<\/li>\n<li>les sagas amateurs, avec diff\u00e9rents clubs de tous niveaux<\/li>\n<li>un papier historique sur les Lions Britanniques et Irlandais\u00a0<\/li>\n<\/ul>\n","protected":false},"excerpt":{"rendered":"Votre journal Midi Olympique du 25 juillet est disponible d\u00e8s maintenant sur le kiosque en ligne. Comme d&rsquo;habitude,&hellip;\n","protected":false},"author":2,"featured_media":271004,"comment_status":"","ping_status":"","sticky":false,"template":"","format":"standard","meta":{"footnotes":""},"categories":[1416],"tags":[1011,27,479,1468,60],"class_list":{"0":"post-271003","1":"post","2":"type-post","3":"status-publish","4":"format-standard","5":"has-post-thumbnail","7":"category-rugby","8":"tag-fr","9":"tag-france","10":"tag-rugby","11":"tag-rugby-football","12":"tag-sports"},"share_on_mastodon":{"url":"https:\/\/pubeurope.com\/@fr\/114909515975283387","error":""},"_links":{"self":[{"href":"https:\/\/www.europesays.com\/fr\/wp-json\/wp\/v2\/posts\/271003","targetHints":{"allow":["GET"]}}],"collection":[{"href":"https:\/\/www.europesays.com\/fr\/wp-json\/wp\/v2\/posts"}],"about":[{"href":"https:\/\/www.europesays.com\/fr\/wp-json\/wp\/v2\/types\/post"}],"author":[{"embeddable":true,"href":"https:\/\/www.europesays.com\/fr\/wp-json\/wp\/v2\/users\/2"}],"replies":[{"embeddable":true,"href":"https:\/\/www.europesays.com\/fr\/wp-json\/wp\/v2\/comments?post=271003"}],"version-history":[{"count":0,"href":"https:\/\/www.europesays.com\/fr\/wp-json\/wp\/v2\/posts\/271003\/revisions"}],"wp:featuredmedia":[{"embeddable":true,"href":"https:\/\/www.europesays.com\/fr\/wp-json\/wp\/v2\/media\/271004"}],"wp:attachment":[{"href":"https:\/\/www.europesays.com\/fr\/wp-json\/wp\/v2\/media?parent=271003"}],"wp:term":[{"taxonomy":"category","embeddable":true,"href":"https:\/\/www.europesays.com\/fr\/wp-json\/wp\/v2\/categories?post=271003"},{"taxonomy":"post_tag","embeddable":true,"href":"https:\/\/www.europesays.com\/fr\/wp-json\/wp\/v2\/tags?post=271003"}],"curies":[{"name":"wp","href":"https:\/\/api.w.org\/{rel}","templated":true}]}}