{"id":271011,"date":"2025-07-24T18:04:15","date_gmt":"2025-07-24T18:04:15","guid":{"rendered":"https:\/\/www.europesays.com\/fr\/271011\/"},"modified":"2025-07-24T18:04:15","modified_gmt":"2025-07-24T18:04:15","slug":"classement-general-et-resultats-apres-la-18e-etape","status":"publish","type":"post","link":"https:\/\/www.europesays.com\/fr\/271011\/","title":{"rendered":"Classement g\u00e9n\u00e9ral et r\u00e9sultats apr\u00e8s la 18e \u00e9tape"},"content":{"rendered":"<p>Jeudi, l&rsquo;\u00e9tape reine du <a href=\"https:\/\/www.20minutes.fr\/sport\/cyclisme\/4118394-20241029-tour-france-2025-decouvrez-parcours-complet-etape-etape\" class=\"color-ultramarine c-link\" target=\"_blank\" rel=\"noopener\">Tour de France 2025<\/a> a \u00e9t\u00e9 remport\u00e9e par l&rsquo;Australien Ben O&rsquo;Connor (Jayco AlUla), \u00e9lu \u00e9galement coureur le plus combatif du jour. C&rsquo;est la 10e victoire de sa carri\u00e8re pour ce grimpeur hors pair, qui a boucl\u00e9 la course du jour apr\u00e8s 5h03&rsquo;47\u00a0\u00bb \u00e0 Courchevel. Parti seul en t\u00eate \u00e0 15 km du sommet du Col de la Loze, il a r\u00e9ussi un joli num\u00e9ro de soliste et su g\u00e9rer son effort pour remporter sa deuxi\u00e8me victoire sur la Grande Boucle, apr\u00e8s celle de Tignes, d\u00e9j\u00e0 \u00e9pique, en 2021.<\/p>\n<p>Pogacar tout en ma\u00eetrise<\/p>\n<p>Le <a href=\"https:\/\/www.20minutes.fr\/sport\/cyclisme\/tour-de-france\/classement-maillot-jaune\" class=\"color-ultramarine c-link\" target=\"_blank\" rel=\"noopener\">Maillot Jaune<\/a> <a href=\"https:\/\/www.20minutes.fr\/sport\/tadej-pogacar\/\" class=\"color-ultramarine c-link\" target=\"_blank\" rel=\"noopener\">Tadej Pogacar<\/a> (UAD), 2e \u00e0 1&rsquo;45\u00a0\u00bb de retard, augmente son avance sur Jonas Vingegaard (Visma Lease a Bike), 3e \u00e0 1&rsquo;54\u00a0\u00bb du vainqueur d&rsquo;\u00e9tape. Apr\u00e8s avoir d\u00e9pos\u00e9 le Danois dans les derniers m\u00e8tres, le Slov\u00e8ne a grapill\u00e9 neuf secondes sur son dauphin. Du c\u00f4t\u00e9 des Fran\u00e7ais, K\u00e9vin Vauquelin (Ark\u00e9a-B&amp;B Hotels), 12e, a perdu sa 6e place au classement g\u00e9n\u00e9ral, au profit de F\u00e9lix Gall (Decathlon AG2R La Mondiale), 6e jeudi, m\u00eame s&rsquo;il s&rsquo;est longtemps battu pour la conserver.<\/p>\n<p class=\"mb-xxl@xs color-ultramarine font-weight-semi-bold@xs font-source-serif-pro heading-s@xs\">L\u2019acc\u00e8s \u00e0 ce contenu a \u00e9t\u00e9 bloqu\u00e9 afin de respecter votre choix de consentement<\/p>\n<p class=\"mb-m@xs text-l@xs\">En cliquant sur\u00ab J\u2019accepte \u00bb, vous acceptez le d\u00e9p\u00f4t de cookies par des services externes et aurez ainsi acc\u00e8s aux contenus de nos partenaires.<\/p>\n<p class=\"mb-xl@xs text-s@xs\">Plus d\u2019informations sur la page<a href=\"https:\/\/www.20minutes.fr\/gestion-cookies\" class=\"mx-xxs@xs color-ultramarine\" target=\"_blank\" rel=\"noopener\">Politique de gestion des cookies<\/a><\/p>\n<p>J\u2019accepteLe classement de la 18e \u00e9tape du Tour de France 2025<\/p>\n<ol>\n<li>Ben O&rsquo;Connor &#8211; Jayco AlUla 05h03&rsquo;47\u00a0\u00bb<\/li>\n<li>Tadej Pogacar &#8211; UAE Team Emirates \u00e0 01&rsquo;45\u00a0\u00bb<\/li>\n<li>Jonas Vingegaard &#8211; Visma Lease a Bike \u00e0 01&rsquo;54\u00a0\u00bb<\/li>\n<li>Oscar Onley &#8211; Picnic PostNL \u00e0 01&rsquo;58\u00a0\u00bb<\/li>\n<li>Einer Augusto Rubio &#8211; Movistar \u00e0 02&rsquo;00\u00a0\u00bb<\/li>\n<li>Felix Gall &#8211; Decathlon AG2R La Mondiale \u00e0 02&rsquo;25\u00a0\u00bb<\/li>\n<li>Primoz Roglic &#8211; RedBull &#8211; Bora-Hansgrohe \u00e0 02&rsquo;46\u00a0\u00bb<\/li>\n<li>Adam Yates &#8211; UAE Team Emirates \u00e0 03&rsquo;03\u00a0\u00bb<\/li>\n<li>Tobias Halland Johannessen &#8211; Uno-X Mobility \u00e0 03&rsquo;09\u00a0\u00bb<\/li>\n<li>Sepp Kuss &#8211; Visma Lease a Bike \u00e0 03&rsquo;26\u00a0\u00bb<\/li>\n<li>Florian Lipowitz &#8211; RedBull &#8211; Bora-Hansgrohe \u00e0 03&rsquo;37\u00a0\u00bb<\/li>\n<li>K\u00e9vin Vauquelin &#8211; Ark\u00e9a &#8211; B&amp;B Hotels \u00e0 04&rsquo;34\u00a0\u00bb<\/li>\n<\/ol>\n<p>Le classement g\u00e9n\u00e9ral apr\u00e8s la 18e \u00e9tape du Tour de France 2025<\/p>\n<ol>\n<li>Tadej Pogacar &#8211; UAE Team Emirates 66h55&rsquo;42\u00a0\u00bb<\/li>\n<li>Jonas Vingegaard &#8211; Visma Lease a Bike \u00e0 04&rsquo;26\u00a0\u00bb<\/li>\n<li>Florian Lipowitz &#8211; RedBull &#8211; Bora-Hansgrohe \u00e0 11&rsquo;01\u00a0\u00bb<\/li>\n<li>Oscar Onley &#8211; Picnic PostNL \u00e0 11&rsquo;23\u00a0\u00bb<\/li>\n<li>Primoz Roglic &#8211; RedBull &#8211; Bora-Hansgrohe \u00e0 12&rsquo;49\u00a0\u00bb<\/li>\n<li>Felix Gall  &#8211; Decathlon AG2R La Mondiale \u00e0 15&rsquo;36\u00a0\u00bb<\/li>\n<li>K\u00e9vin Vauquelin &#8211; Ark\u00e9a &#8211; B&amp;B Hotels \u00e0 16&rsquo;15\u00a0\u00bb<\/li>\n<li>Tobias Halland Johannessen &#8211; Uno-X Mobility \u00e0 18&rsquo;31\u00a0\u00bb<\/li>\n<li>Ben Healy &#8211; EF Education &#8211; Easy Post \u00e0 25&rsquo;41\u00a0\u00bb<\/li>\n<li>Ben O&rsquo;Connor &#8211; Jayco AlUla \u00e0 29&rsquo;19\u00a0\u00bb<\/li>\n<\/ol>\n<p><a href=\"https:\/\/www.20minutes.fr\/sport\/cyclisme\/tour-de-france\/classement-maillot-jaune\" class=\"c-link c-btn c-btn--primary\" target=\"_blank\" rel=\"noopener\">Le classement g\u00e9n\u00e9ral complet du Tour de France 2025<\/a><\/p>\n<p>Vendredi, le peloton est attendu pour l&rsquo;\u00e9tape Albertville &#8211; La Plagne.<\/p>\n","protected":false},"excerpt":{"rendered":"Jeudi, l&rsquo;\u00e9tape reine du Tour de France 2025 a \u00e9t\u00e9 remport\u00e9e par l&rsquo;Australien Ben O&rsquo;Connor (Jayco AlUla), \u00e9lu&hellip;\n","protected":false},"author":2,"featured_media":271012,"comment_status":"","ping_status":"","sticky":false,"template":"","format":"standard","meta":{"footnotes":""},"categories":[1411],"tags":[1154,207,1011,27,27884,517,60,1138,210],"class_list":{"0":"post-271011","1":"post","2":"type-post","3":"status-publish","4":"format-standard","5":"has-post-thumbnail","7":"category-cyclisme","8":"tag-cycling","9":"tag-cyclisme","10":"tag-fr","11":"tag-france","12":"tag-jonas-vingegaard","13":"tag-sport","14":"tag-sports","15":"tag-tadej-pogacar","16":"tag-tour-de-france"},"share_on_mastodon":{"url":"https:\/\/pubeurope.com\/@fr\/114909535511598151","error":""},"_links":{"self":[{"href":"https:\/\/www.europesays.com\/fr\/wp-json\/wp\/v2\/posts\/271011","targetHints":{"allow":["GET"]}}],"collection":[{"href":"https:\/\/www.europesays.com\/fr\/wp-json\/wp\/v2\/posts"}],"about":[{"href":"https:\/\/www.europesays.com\/fr\/wp-json\/wp\/v2\/types\/post"}],"author":[{"embeddable":true,"href":"https:\/\/www.europesays.com\/fr\/wp-json\/wp\/v2\/users\/2"}],"replies":[{"embeddable":true,"href":"https:\/\/www.europesays.com\/fr\/wp-json\/wp\/v2\/comments?post=271011"}],"version-history":[{"count":0,"href":"https:\/\/www.europesays.com\/fr\/wp-json\/wp\/v2\/posts\/271011\/revisions"}],"wp:featuredmedia":[{"embeddable":true,"href":"https:\/\/www.europesays.com\/fr\/wp-json\/wp\/v2\/media\/271012"}],"wp:attachment":[{"href":"https:\/\/www.europesays.com\/fr\/wp-json\/wp\/v2\/media?parent=271011"}],"wp:term":[{"taxonomy":"category","embeddable":true,"href":"https:\/\/www.europesays.com\/fr\/wp-json\/wp\/v2\/categories?post=271011"},{"taxonomy":"post_tag","embeddable":true,"href":"https:\/\/www.europesays.com\/fr\/wp-json\/wp\/v2\/tags?post=271011"}],"curies":[{"name":"wp","href":"https:\/\/api.w.org\/{rel}","templated":true}]}}