{"id":271015,"date":"2025-07-24T18:06:24","date_gmt":"2025-07-24T18:06:24","guid":{"rendered":"https:\/\/www.europesays.com\/fr\/271015\/"},"modified":"2025-07-24T18:06:24","modified_gmt":"2025-07-24T18:06:24","slug":"cardi-b-la-rappeuse-poursuivie-en-justice-pour-agression-et-coups-et-blessures","status":"publish","type":"post","link":"https:\/\/www.europesays.com\/fr\/271015\/","title":{"rendered":"Cardi B : la rappeuse poursuivie en justice pour agression et coups et blessures"},"content":{"rendered":"<p>Une femme a d\u00e9pos\u00e9 plainte devant la huiti\u00e8me cour judiciaire du comt\u00e9 de Clark, au Nevada, contre Cardi B. La victime accuse l\u2019artiste de lui avoir lanc\u00e9 un micro lors d\u2019une performance de la rappeuse en juillet 2023, provoquant \u201cune grave d\u00e9tresse \u00e9motionnelle, un choc, une humiliation et des blessures physiques\u201d \u00e0 la suite de l&rsquo;incident.<\/p>\n<p>Une \u201cd\u00e9tresse \u00e9motionnelle\u201d. Selon les informations de <a href=\"https:\/\/people.com\/cardi-b-sued-for-alleged-battery-by-woman-after-throwing-microphone-off-stage-at-2023-performance-11778090\" rel=\"nofollow noopener\" target=\"_blank\">People<\/a>, <a href=\"https:\/\/www.voici.fr\/news-people\/aya-nakamura-la-chanteuse-apparait-complice-avec-cardi-b-et-katy-perry-a-la-fashion-week-haute-couture-les-videos-devoilees-807820\" rel=\"nofollow noopener\" target=\"_blank\">Cardi B<\/a> est poursuivie en justice pour <strong>coups et blessures et n\u00e9gligence<\/strong> par une femme de l\u2019Ohio. Cette derni\u00e8re affirme qu\u2019elle a \u00e9t\u00e9 <strong>\u201c<\/strong><strong>violemment<\/strong><strong>\u201d bless\u00e9e par un micro que la rappeuse lui a lanc\u00e9<\/strong> lors d&rsquo;une performance au Drai&rsquo;s Beachclub \u00e0 Las Vegas en 2023.<\/p>\n<p>\u201cCe qui a \u00e9t\u00e9 consid\u00e9r\u00e9 comme une blague par beaucoup de gens est en r\u00e9alit\u00e9 une exp\u00e9rience traumatisante qui a consid\u00e9rablement affect\u00e9 mon bien-\u00eatre et ma qualit\u00e9 de vie\u00a0\u00bb, a d\u00e9clar\u00e9 la plaignante qui poursuit \u00e9galement Drai&rsquo;s Management Group pour n\u00e9gligence.<\/p>\n<p>Cardi B aurait lanc\u00e9 un micro sur la plaignante lors d\u2019un concert<\/p>\n<p>Les faits se sont d\u00e9roul\u00e9s lors d\u2019une performance de l\u2019artiste au Drai&rsquo;s Beachclub le 29 juillet 2023. C\u2019est \u00e0 ce moment que Cardi B aurait demand\u00e9 \u00e0 la foule de \u201cl\u2019asperger d\u2019eau\u201d \u00e0 cause \u201cdes conditions de temp\u00e9rature visiblement \u00e9lev\u00e9es\u00a0\u00bb. \u201c<strong>\u00c9claboussez-moi. \u00c7a fait du bien. Mettez-moi \u00e7a dans la chatte, salope. Allez<\/strong>\u201d, semble-t-elle dire aux spectateurs. La plainte avance que <a href=\"https:\/\/www.voici.fr\/news-people\/megan-thee-stallion-son-ex-compagnon-ecope-de-10-ans-de-prison-pour-avoir-tire-sur-elle-763452\" rel=\"nofollow noopener\" target=\"_blank\">l\u2019interpr\u00e8te de \u201cWAP\u201d<\/a> \u201ca fait des gestes et des d\u00e9clarations r\u00e9p\u00e9t\u00e9s encourageant les spectateurs \u00e0 jeter de l&rsquo;eau, autorisant et invitant implicitement \u00e0 de l\u00e9g\u00e8res \u00e9claboussures de boissons\u201d et qu\u2019elle \u201ca encore d\u00e9montr\u00e9 son consentement et sa participation en versant de l&rsquo;eau d&rsquo;une bouteille sur son corps alors qu&rsquo;elle \u00e9tait sur sc\u00e8ne\u00a0\u00bb.<\/p>\n<p>C\u2019est alors que la victime \u201c<strong>a lanc\u00e9 une petite partie de sa boisson en direction de Cardi B<\/strong>\u201d, pour se m\u00ealer \u00e0 l\u2019ambiance. Mais cette derni\u00e8re aurait tr\u00e8s mal pris ce geste et serait entr\u00e9e dans une \u201ccol\u00e8re apparente et sans avertissement\u201d en lui <strong>lan\u00e7ant \u201c<\/strong><strong>soudainement et avec force<\/strong><strong>\u201d son micro \u201c<\/strong><strong>directement<\/strong><strong>\u201d,<\/strong> \u201centra\u00eenant un contact physique offensant et non consenti et causant des blessures physiques\u201d. Pour autant, aucune preuve ne montre si la vid\u00e9o en question s\u2019est d\u00e9roul\u00e9e avant ou apr\u00e8s l\u2019incident.<\/p>\n<p>\u201cJe ne veux pas ressembler \u00e0 cette garce du ghetto\u201d<\/p>\n<p><strong>Le microphone utilis\u00e9 lors de l&rsquo;incident a \u00e9t\u00e9 vendu aux ench\u00e8res pour 99 000 dollars<\/strong> par <a href=\"https:\/\/www.voici.fr\/news-people\/un-bicorne-de-napoleon-a-800-000-euros-une-epee-pierre-jean-chalencon-pret-a-tout-pour-sauver-le-palais-vivienne-des-encheres-806633\" rel=\"nofollow noopener\" target=\"_blank\">Scott Fisher<\/a>, propri\u00e9taire de The Wave, ce qui a accentu\u00e9 la \u201cd\u00e9tresse \u00e9motionnelle\u201d de la femme. Apr\u00e8s cette s\u00e9quence, la s\u00e9curit\u00e9 a escort\u00e9 la spectatrice hors de la salle, <a href=\"https:\/\/www.voici.fr\/news-people\/aya-nakamura-la-chanteuse-apparait-complice-avec-cardi-b-et-katy-perry-a-la-fashion-week-haute-couture-les-videos-devoilees-807820\" rel=\"nofollow noopener\" target=\"_blank\">tandis que Cardi B semblait regretter<\/a> son geste. \u201cJe ne veux pas ressembler \u00e0 cette garce du ghetto\u201d, avait-elle dit. De son c\u00f4t\u00e9, la plaignante esp\u00e8re que la justice fera son travail. \u201cJe demande justice dans l&rsquo;espoir de tenir Cardi B responsable de ses m\u00e9faits, car aucune c\u00e9l\u00e9brit\u00e9 n&rsquo;est au-dessus des lois\u201d.<\/p>\n","protected":false},"excerpt":{"rendered":"Une femme a d\u00e9pos\u00e9 plainte devant la huiti\u00e8me cour judiciaire du comt\u00e9 de Clark, au Nevada, contre Cardi&hellip;\n","protected":false},"author":2,"featured_media":271016,"comment_status":"","ping_status":"","sticky":false,"template":"","format":"standard","meta":{"footnotes":""},"categories":[1359],"tags":[33768,1697,58,59,1011,27,303,12005,973,809],"class_list":{"0":"post-271015","1":"post","2":"type-post","3":"status-publish","4":"format-standard","5":"has-post-thumbnail","7":"category-people","8":"tag-cardi-b","9":"tag-concert","10":"tag-divertissement","11":"tag-entertainment","12":"tag-fr","13":"tag-france","14":"tag-justice","15":"tag-micro","16":"tag-people","17":"tag-violence"},"share_on_mastodon":{"url":"https:\/\/pubeurope.com\/@fr\/114909543410524244","error":""},"_links":{"self":[{"href":"https:\/\/www.europesays.com\/fr\/wp-json\/wp\/v2\/posts\/271015","targetHints":{"allow":["GET"]}}],"collection":[{"href":"https:\/\/www.europesays.com\/fr\/wp-json\/wp\/v2\/posts"}],"about":[{"href":"https:\/\/www.europesays.com\/fr\/wp-json\/wp\/v2\/types\/post"}],"author":[{"embeddable":true,"href":"https:\/\/www.europesays.com\/fr\/wp-json\/wp\/v2\/users\/2"}],"replies":[{"embeddable":true,"href":"https:\/\/www.europesays.com\/fr\/wp-json\/wp\/v2\/comments?post=271015"}],"version-history":[{"count":0,"href":"https:\/\/www.europesays.com\/fr\/wp-json\/wp\/v2\/posts\/271015\/revisions"}],"wp:featuredmedia":[{"embeddable":true,"href":"https:\/\/www.europesays.com\/fr\/wp-json\/wp\/v2\/media\/271016"}],"wp:attachment":[{"href":"https:\/\/www.europesays.com\/fr\/wp-json\/wp\/v2\/media?parent=271015"}],"wp:term":[{"taxonomy":"category","embeddable":true,"href":"https:\/\/www.europesays.com\/fr\/wp-json\/wp\/v2\/categories?post=271015"},{"taxonomy":"post_tag","embeddable":true,"href":"https:\/\/www.europesays.com\/fr\/wp-json\/wp\/v2\/tags?post=271015"}],"curies":[{"name":"wp","href":"https:\/\/api.w.org\/{rel}","templated":true}]}}