{"id":271017,"date":"2025-07-24T18:07:12","date_gmt":"2025-07-24T18:07:12","guid":{"rendered":"https:\/\/www.europesays.com\/fr\/271017\/"},"modified":"2025-07-24T18:07:12","modified_gmt":"2025-07-24T18:07:12","slug":"a-fougeres-kevin-veut-se-faire-un-nom-dans-la-photographie","status":"publish","type":"post","link":"https:\/\/www.europesays.com\/fr\/271017\/","title":{"rendered":"\u00c0 Foug\u00e8res, K\u00e9vin veut se faire un nom dans la photographie"},"content":{"rendered":"<p>            Par<br \/>\n        <strong><br \/>\n            <a href=\"https:\/\/actu.fr\/auteur\/manuel-rodriguez\" title=\"Consulter tous les articles de Manuel Rodriguez\" rel=\"nofollow noopener\" target=\"_blank\">Manuel Rodriguez<\/a><br \/>\n        <\/strong><\/p>\n<p>        Publi\u00e9 le<\/p>\n<p>            24 juil. 2025 \u00e0 11h56        <\/p>\n<p>Vous l\u2019avez peut-\u00eatre d\u00e9j\u00e0 vu sur un stade de foot, dans une salle de basket ou dans le centre-ville. Arm\u00e9 de son sony, de sa chasuble et de son si\u00e8ge, <b>K\u00e9vin Couanon<\/b> capture des moments uniques d\u2019\u00e9v\u00e8nements sportifs mais pas que.<\/p>\n<p class=\" wall-content\">\u00c0 22\u00a0ans seulement, ce photographe <b>autodidacte<\/b> originaire de <a href=\"https:\/\/actu.fr\/la-chronique-republicaine\/\" rel=\"nofollow noopener\" target=\"_blank\">Foug\u00e8res<\/a> <b>(Ille-et-Vilaine)<\/b> s\u2019impose doucement mais s\u00fbrement dans l\u2019univers de l\u2019image, avec une envie : faire ressentir l\u2019intensit\u00e9 des moments qu\u2019il vit \u00e0 travers ses clich\u00e9s.<\/p>\n<p>Un d\u00e9clic avant le Covid<\/p>\n<p class=\" wall-content\">La photo ? Elle lui tombe dessus presque par hasard, juste avant la <b>pand\u00e9mie.<\/b> \u00c0 l\u2019\u00e9poque, il prend d\u00e9j\u00e0 plaisir \u00e0 capturer des instants avec son t\u00e9l\u00e9phone. Puis, en 2021, il franchit le pas et s\u2019offre son premier appareil photo. D\u2019abord pour photographier les paysages.<\/p>\n<p class=\" wall-content\">Mais tr\u00e8s vite, l\u2019envie d\u2019aller plus loin grandit. \u00ab La passion est dans les g\u00e8nes, ma grand-m\u00e8re adorait d\u00e9j\u00e0 la photo \u00bb, sourit-il.<\/p>\n<p class=\" wall-content\">Depuis, K\u00e9vin ne cesse d\u2019apprendre : <b>tutos YouTube<\/b>, <b>lectures<\/b>, <b>essais<\/b> sur le terrain\u2026 Il se forme \u00e0 son rythme, guid\u00e9 par une seule obsession : retranscrire en image l\u2019\u00e9motion d\u2019un moment. \u00ab Je veux qu\u2019on ressente l\u2019ambiance d\u2019une soir\u00e9e ou la tension d\u2019un match juste en regardant une photo. \u00bb<\/p>\n<p>    <img   decoding=\"async\" loading=\"lazy\" class=\"size-large\" src=\"https:\/\/www.europesays.com\/fr\/wp-content\/uploads\/2025\/07\/aed3a7bb8a486c2e3a7bb8a48a6e3av-960x640.jpg\" alt=\"Photo du gardien de l'Us Foug\u00e8res r\u00e9aliser en tant que photographe du club\" width=\"960\" height=\"640\"\/><br \/>\n    Photo du gardien de l\u2019Us Foug\u00e8res r\u00e9alis\u00e9 en tant que photographe du club \u00a9K\u00e9vin CounonL\u2019instinct du sportif<\/p>\n<p class=\" wall-content\">Son pass\u00e9 de footballeur \u00e0 l\u2019Us Foug\u00e8res l\u2019a naturellement ramen\u00e9 vers le sport, il a propos\u00e9 ses services au club de football et ainsi captur\u00e9 les moments de vie des<b> jeunes<\/b> jusqu\u2019aux<b> s\u00e9niors <\/b>en obtenant une accr\u00e9ditation aupr\u00e8s de l\u2019\u00e9quipe fanion.<\/p>\n<p class=\" wall-content\">Sur la touche, il guette les gestes, les regards, les envol\u00e9es. Un sport qu\u2019il conna\u00eet par c\u0153ur, ce qui lui permet d\u2019anticiper les actions et les bons r\u00e9glages de son appareil selon la m\u00e9t\u00e9o, la lumi\u00e8re ou l\u2019intensit\u00e9 du jeu.<\/p>\n<p class=\" wall-content\">Mais le plus gros du boulot arrive apr\u00e8s le coup de sifflet final. Plus de <b>1 200<\/b> photos \u00e0 trier, retoucher, affiner, pour n\u2019en garder que <b>60 \u00e0 80<\/b>. Trois \u00e0 quatre heures de postproduction \u00e0 chaque fois.<\/p>\n<p class=\" wall-content\">Un travail de l\u2019ombre, mais essentiel pour lui : \u00ab J\u2019aime quand c\u2019est bien fait, alors je prends le temps qu\u2019il faut. \u00bb<\/p>\n<p class=\" wall-content\">Son \u0153il ne se limite pas au rectangle vert, il couvre aussi la <b>MMA<\/b> avec l\u2019organisation AEC et certains matchs du <b>Pays de foug\u00e8res<\/b> basket. Et souhaite \u00e9largir sa palette \u00e0 la natation, gymnastique et athl\u00e9tisme.<\/p>\n<p class=\" wall-content\">Pour aller plus loin, il d\u00e9gaine sa GoPro filme les coulisses : causerie d\u2019avant match et festivit\u00e9 d\u2019apr\u00e8s match.<\/p>\n<p>Au-del\u00e0 du sport : cap sur le lifestyle<\/p>\n<p class=\" wall-content\">K\u00e9vin a pour objectif de faire des photos en dehors du cadre sportif, et souhaite s\u2019implanter dans le<b> bassin de Foug\u00e8res<\/b>. Pour r\u00e9aliser des clich\u00e9s tout autres, avec des<b> soir\u00e9es<\/b>, <b>photo individuelle<\/b> et <b>ouverture de commerce<\/b>\u00a0etc.<\/p>\n<p class=\" wall-content\">Le jeune photographe insiste sur sa volont\u00e9 de proposer en parall\u00e8le du sport un autre domaine de photographie plus ax\u00e9 sur le<b> lifestyle<\/b>. Ce qu\u2019il veut, c\u2019est raconter d\u2019autres histoires, cr\u00e9er son univers, proposer un style reconnaissable.<\/p>\n<p>    <img   decoding=\"async\" loading=\"lazy\" class=\"size-large\" src=\"https:\/\/www.europesays.com\/fr\/wp-content\/uploads\/2025\/07\/69cad6909a486edcad6909a4802dadv-683x640.jpg\" alt=\"Lamp Tour\u00e9 champion de MMA en cat\u00e9gorie lightweight \u00e0 l'AEC Rennes en janvier 2025\" width=\"683\" height=\"640\"\/><br \/>\n    Lamp Tour\u00e9 champion de MMA en cat\u00e9gorie lightweight \u00e0 l\u2019AEC Rennes en janvier\u00a02025 \u00a9K\u00e9vin CouanonLes r\u00e9seaux sociaux un tremplin<\/p>\n<p class=\" wall-content\">Pour se faire conna\u00eetre, K\u00e9vin utilise les r\u00e9seaux sociaux comme vitrine avec notamment Instagram et TikTok o\u00f9 il cumule <b>5 000 <\/b>followers. Il cherche des id\u00e9es de concept et les adapte \u00e0 son contenu.<\/p>\n<p class=\" wall-content\">Il peut proposer de prendre en photo les gens dans la rue, montrer comment se passe la journ\u00e9e d\u2019un photographe en immersion.<\/p>\n<p class=\" wall-content\">Son objectif : donner le sourire aux personnes avec ses clich\u00e9s et d\u2019acqu\u00e9rir une notori\u00e9t\u00e9 en utilisant un canal accessible et qui touchera le plus grand nombre.<\/p>\n<p>    <img   decoding=\"async\" loading=\"lazy\" class=\"size-large\" src=\"https:\/\/www.europesays.com\/fr\/wp-content\/uploads\/2025\/07\/5426777c8a4864826777c8a487c267v-683x640.jpg\" alt=\"Match de Gambardella entre le stade rennais et l'ogc nice\" width=\"683\" height=\"640\"\/><br \/>\n    Match de Gambardella entre le stade rennais et l\u2019ogc nice \u00a9K\u00e9vin CouanonPhotographe du week-end, \u00e9tudiant la semaine<\/p>\n<p class=\" wall-content\">K\u00e9vin est photographe le week-end, et la semaine en formation pour les<b> m\u00e9tiers du sport <\/b>(BPJEPS), ce qui lui laisse peu de temps pour d\u00e9velopper la photographie. <\/p>\n<p class=\" wall-content\">Il se donne jusqu\u2019\u00e0 la fin de sa formation en <b>mars\u00a02026<\/b> pour d\u00e9cider de se mettre \u00e0 plein temps ou non. Le temps d\u2019\u00e9valuer le besoin.<\/p>\n<p class=\" wall-content\">Car avec le mat\u00e9riel, les d\u00e9placements et le logiciel de retouche, la <b>photo n\u2019est pas gratuite<\/b>. Pour amortir les co\u00fbts, K\u00e9vin facture la prestation au cas par cas.<\/p>\n<p class=\" wall-content\">Cette source de revenus lui sert essentiellement \u00e0 amortir les co\u00fbts. Ce qui gagne avec il l\u2019utilise pour investir dans du meilleur mat\u00e9riel.<\/p>\n<p>Contacts : e-mail : <a href=\"https:\/\/actu.fr\/cdn-cgi\/l\/email-protection\" class=\"__cf_email__\" data-cfemail=\"ed868e83c39d858299828a9f8c9d858488ad8a808c8481c38e8280\" rel=\"nofollow noopener\" target=\"_blank\">[email\u00a0protected]<\/a>, Instagram : <a href=\"https:\/\/www.instagram.com\/kcn_photographie\/\" rel=\"nofollow noopener\" target=\"_blank\">kcn_photographie<\/a><\/p>\n<p class=\" wall-content\">Suivez toute l\u2019actualit\u00e9 de vos villes et m\u00e9dias favoris en vous inscrivant \u00e0 <a href=\"https:\/\/moncompte.actu.fr\" title=\"D\u00e9couvez Mon Actu\" rel=\"nofollow noopener\" data-trk=\"{&quot;cta&quot;:{&quot;action&quot;:&quot;https:\\\/\\\/moncompte.actu.fr&quot;,&quot;category&quot;:&quot;mon compte&quot;,&quot;from&quot;:&quot;article footer&quot;,&quot;name&quot;:&quot;Mon actu&quot;,&quot;type&quot;:&quot;cta&quot;}}\" target=\"_blank\">Mon Actu<\/a>.<\/p>\n<p>                    <script async src=\"\/\/www.instagram.com\/embed.js\"><\/script><\/p>\n","protected":false},"excerpt":{"rendered":"Par Manuel Rodriguez Publi\u00e9 le 24 juil. 2025 \u00e0 11h56 Vous l\u2019avez peut-\u00eatre d\u00e9j\u00e0 vu sur un stade&hellip;\n","protected":false},"author":2,"featured_media":271018,"comment_status":"","ping_status":"","sticky":false,"template":"","format":"standard","meta":{"footnotes":""},"categories":[1358],"tags":[1348,1384,1385,1386,58,59,1011,27,1756,938,104,517],"class_list":{"0":"post-271017","1":"post","2":"type-post","3":"status-publish","4":"format-standard","5":"has-post-thumbnail","7":"category-arts-et-design","8":"tag-arts","9":"tag-arts-and-design","10":"tag-arts-et-design","11":"tag-design","12":"tag-divertissement","13":"tag-entertainment","14":"tag-fr","15":"tag-france","16":"tag-photographie","17":"tag-reseaux-sociaux","18":"tag-societe","19":"tag-sport"},"share_on_mastodon":{"url":"https:\/\/pubeurope.com\/@fr\/114909547340718134","error":""},"_links":{"self":[{"href":"https:\/\/www.europesays.com\/fr\/wp-json\/wp\/v2\/posts\/271017","targetHints":{"allow":["GET"]}}],"collection":[{"href":"https:\/\/www.europesays.com\/fr\/wp-json\/wp\/v2\/posts"}],"about":[{"href":"https:\/\/www.europesays.com\/fr\/wp-json\/wp\/v2\/types\/post"}],"author":[{"embeddable":true,"href":"https:\/\/www.europesays.com\/fr\/wp-json\/wp\/v2\/users\/2"}],"replies":[{"embeddable":true,"href":"https:\/\/www.europesays.com\/fr\/wp-json\/wp\/v2\/comments?post=271017"}],"version-history":[{"count":0,"href":"https:\/\/www.europesays.com\/fr\/wp-json\/wp\/v2\/posts\/271017\/revisions"}],"wp:featuredmedia":[{"embeddable":true,"href":"https:\/\/www.europesays.com\/fr\/wp-json\/wp\/v2\/media\/271018"}],"wp:attachment":[{"href":"https:\/\/www.europesays.com\/fr\/wp-json\/wp\/v2\/media?parent=271017"}],"wp:term":[{"taxonomy":"category","embeddable":true,"href":"https:\/\/www.europesays.com\/fr\/wp-json\/wp\/v2\/categories?post=271017"},{"taxonomy":"post_tag","embeddable":true,"href":"https:\/\/www.europesays.com\/fr\/wp-json\/wp\/v2\/tags?post=271017"}],"curies":[{"name":"wp","href":"https:\/\/api.w.org\/{rel}","templated":true}]}}