{"id":271019,"date":"2025-07-24T18:08:12","date_gmt":"2025-07-24T18:08:12","guid":{"rendered":"https:\/\/www.europesays.com\/fr\/271019\/"},"modified":"2025-07-24T18:08:12","modified_gmt":"2025-07-24T18:08:12","slug":"sisteron-jean-paul-ferbayre-second-invite-de-livre-en-fete-avec-libres","status":"publish","type":"post","link":"https:\/\/www.europesays.com\/fr\/271019\/","title":{"rendered":"Sisteron. Jean-Paul Ferbayre, second invit\u00e9 de Livre en f\u00eate, avec Libres"},"content":{"rendered":"<p>\u00ab\u00a0Certains lieux ont le pouvoir de chuchoter \u00e0 notre oreille et le massif des Monges est de ceux-l\u00e0\u00a0\u00bb pr\u00e9vient Jean-Paul Ferbayre, qui est le second invit\u00e9 du festival Le livre en f\u00eate. Tous les \u00e9t\u00e9s, ce festival permet de rencontrer les auteurs r\u00e9gionaux, voire nationaux. Avec Libres , l\u2019auteur misonais a fait du massif des Monges son jardin secret et le parcourt en toute saison. Il va entra\u00eener le lecteur dans sa recherche d\u2019un paradis perdu o\u00f9 l\u2019homme et la b\u00eate suivaient les m\u00eames chemins, parmi les herbes folles.<\/p>\n<p class=\"note\">Samedi 26\u00a0juillet, \u00e0 partir de 9\u00a0h\u00a030. \u00c0 la maison de la presse, rue Droite.<\/p>\n","protected":false},"excerpt":{"rendered":"\u00ab\u00a0Certains lieux ont le pouvoir de chuchoter \u00e0 notre oreille et le massif des Monges est de ceux-l\u00e0\u00a0\u00bb&hellip;\n","protected":false},"author":2,"featured_media":271020,"comment_status":"","ping_status":"","sticky":false,"template":"","format":"standard","meta":{"footnotes":""},"categories":[1357],"tags":[1379,1687,58,4521,59,1011,27,39038,1380,2410,40125],"class_list":{"0":"post-271019","1":"post","2":"type-post","3":"status-publish","4":"format-standard","5":"has-post-thumbnail","7":"category-livres","8":"tag-books","9":"tag-culture-loisirs","10":"tag-divertissement","11":"tag-edition-hautes-alpes-alpes-de-haute-provence","12":"tag-entertainment","13":"tag-fr","14":"tag-france","15":"tag-grand-sisteronais","16":"tag-livres","17":"tag-livres-bd","18":"tag-sisteron"},"share_on_mastodon":{"url":"https:\/\/pubeurope.com\/@fr\/114909551222035464","error":""},"_links":{"self":[{"href":"https:\/\/www.europesays.com\/fr\/wp-json\/wp\/v2\/posts\/271019","targetHints":{"allow":["GET"]}}],"collection":[{"href":"https:\/\/www.europesays.com\/fr\/wp-json\/wp\/v2\/posts"}],"about":[{"href":"https:\/\/www.europesays.com\/fr\/wp-json\/wp\/v2\/types\/post"}],"author":[{"embeddable":true,"href":"https:\/\/www.europesays.com\/fr\/wp-json\/wp\/v2\/users\/2"}],"replies":[{"embeddable":true,"href":"https:\/\/www.europesays.com\/fr\/wp-json\/wp\/v2\/comments?post=271019"}],"version-history":[{"count":0,"href":"https:\/\/www.europesays.com\/fr\/wp-json\/wp\/v2\/posts\/271019\/revisions"}],"wp:featuredmedia":[{"embeddable":true,"href":"https:\/\/www.europesays.com\/fr\/wp-json\/wp\/v2\/media\/271020"}],"wp:attachment":[{"href":"https:\/\/www.europesays.com\/fr\/wp-json\/wp\/v2\/media?parent=271019"}],"wp:term":[{"taxonomy":"category","embeddable":true,"href":"https:\/\/www.europesays.com\/fr\/wp-json\/wp\/v2\/categories?post=271019"},{"taxonomy":"post_tag","embeddable":true,"href":"https:\/\/www.europesays.com\/fr\/wp-json\/wp\/v2\/tags?post=271019"}],"curies":[{"name":"wp","href":"https:\/\/api.w.org\/{rel}","templated":true}]}}