{"id":271031,"date":"2025-07-24T18:15:16","date_gmt":"2025-07-24T18:15:16","guid":{"rendered":"https:\/\/www.europesays.com\/fr\/271031\/"},"modified":"2025-07-24T18:15:16","modified_gmt":"2025-07-24T18:15:16","slug":"ps5-ajoute-discretement-un-telechargement-gratuit-via-la-nouvelle-mise-a-jour","status":"publish","type":"post","link":"https:\/\/www.europesays.com\/fr\/271031\/","title":{"rendered":"PS5 ajoute discr\u00e8tement un t\u00e9l\u00e9chargement gratuit via la nouvelle mise \u00e0 jour"},"content":{"rendered":"<p>Je viens de d\u00e9couvrir une petite surprise qui a fait ma journ\u00e9e ! Sony a discr\u00e8tement ajout\u00e9 un nouveau th\u00e8me d\u2019\u00e9t\u00e9 gratuit pour la PlayStation 5 via sa derni\u00e8re mise \u00e0 jour syst\u00e8me. Tu sais comment je suis : j\u2019adore personnaliser ma console, et franchement, c\u2019est le genre de petit plus qui me fait sourire en allumant ma PS5.<\/p>\n<p>Un th\u00e8me estival qui arrive sans tambour ni trompette<\/p>\n<p>Hier soir, en allumant ma console pour une session de gaming nocturne, j\u2019ai remarqu\u00e9 que la mise \u00e0 jour syst\u00e8me attendait sagement d\u2019\u00eatre install\u00e9e. Comme d\u2019habitude, je l\u2019ai lanc\u00e9e sans trop y pr\u00eater attention \u2013 apr\u00e8s tout, ces mises \u00e0 jour sont souvent assez banales. Mais apr\u00e8s red\u00e9marrage, quelle surprise ! Un nouveau th\u00e8me anim\u00e9 sur le th\u00e8me de l\u2019\u00e9t\u00e9 m\u2019attendait dans le hub d\u2019accueil.<\/p>\n<p>Ce qui est assez dingue, c\u2019est que Sony n\u2019a fait <strong>absolument aucune annonce officielle<\/strong> concernant ce nouveau th\u00e8me. Il est simplement apparu comme par magie apr\u00e8s la mise \u00e0 jour. C\u2019est le deuxi\u00e8me th\u00e8me que PlayStation nous offre de cette fa\u00e7on, et je trouve \u00e7a plut\u00f4t cool cette approche discr\u00e8te.<\/p>\n<p>Pour mettre la main dessus, rien de plus simple :<\/p>\n<ol>\n<li>Acc\u00e8de aux param\u00e8tres de ta PS5 (l\u2019ic\u00f4ne en forme de roue dent\u00e9e)<\/li>\n<li>S\u00e9lectionne \u00ab\u00a0Mises \u00e0 jour des fonctionnalit\u00e9s syst\u00e8me\u00a0\u00bb<\/li>\n<li>Attends que la mise \u00e0 jour s\u2019installe et que ta console red\u00e9marre<\/li>\n<li>Une fois de retour sur l\u2019\u00e9cran d\u2019accueil, le nouveau th\u00e8me devrait appara\u00eetre dans la section \u00ab\u00a0De PlayStation\u00a0\u00bb tout en haut du hub d\u2019accueil<\/li>\n<\/ol>\n<p>Je trouve \u00e7a vraiment sympa que PlayStation continue d\u2019enrichir les options de personnalisation. <a href=\"https:\/\/www.next-stage.fr\/2024\/11\/joueurs-playstation-5-recoivent-enorme-surprise-gratuite-novembre-abonnement-ps-plus-necessaire.html\" rel=\"nofollow noopener\" target=\"_blank\">Les joueurs PlayStation 5 re\u00e7oivent r\u00e9guli\u00e8rement des surprises gratuites<\/a>, et celle-ci est particuli\u00e8rement bienvenue en plein \u00e9t\u00e9 !<\/p>\n<p>Des am\u00e9liorations techniques bien plus qu\u2019esth\u00e9tiques<\/p>\n<p>Au-del\u00e0 du joli th\u00e8me estival, cette mise \u00e0 jour apporte quelques modifications techniques plut\u00f4t int\u00e9ressantes. La fonctionnalit\u00e9 qui m\u2019a le plus marqu\u00e9e ? La possibilit\u00e9 de <strong>connecter nos manettes DualSense \u00e0 plusieurs syst\u00e8mes simultan\u00e9ment<\/strong>. Un vrai game-changer pour moi qui jongle entre ma PS5 et mon PC !<\/p>\n<p>Fini le temps o\u00f9 je devais constamment r\u00e9appairer ma manette chaque fois que je passais d\u2019une plateforme \u00e0 l\u2019autre. Je ne sais pas pour toi, mais \u00e7a m\u2019exasp\u00e9rait de devoir faire cette manipulation \u00e0 chaque fois. La communaut\u00e9 semble unanime sur ce point : c\u2019est un changement qui \u00e9tait vraiment attendu.<\/p>\n<p>Sony a \u00e9galement am\u00e9lior\u00e9 le mode d\u2019\u00e9conomie d\u2019\u00e9nergie pour les jeux PS5, r\u00e9duisant ainsi l\u2019impact environnemental. C\u2019est un petit pas, mais j\u2019appr\u00e9cie ces efforts vers une exp\u00e9rience gaming plus responsable.<\/p>\n<tr>\nAm\u00e9lioration<br \/>\nB\u00e9n\u00e9fice<br \/>\n<\/tr>\n<tr>\n<td>Th\u00e8me anim\u00e9 d\u2019\u00e9t\u00e9<\/td>\n<td>Personnalisation visuelle gratuite<\/td>\n<\/tr>\n<tr>\n<td>Multi-appairage DualSense<\/td>\n<td>Transition fluide entre PS5 et autres appareils<\/td>\n<\/tr>\n<tr>\n<td>Mode \u00e9conomie d\u2019\u00e9nergie optimis\u00e9<\/td>\n<td>R\u00e9duction de l\u2019impact environnemental<\/td>\n<\/tr>\n<p>Vers une personnalisation plus pouss\u00e9e des consoles PlayStation<\/p>\n<p>Je dois l\u2019avouer, j\u2019ai toujours eu un petit faible pour la personnalisation de mes consoles. Du temps de la PS4, j\u2019adorais collectionner les th\u00e8mes dynamiques de mes jeux pr\u00e9f\u00e9r\u00e9s. Avec la PS5, Sony avait pris un virage plus minimaliste au lancement, et les options de personnalisation \u00e9taient assez limit\u00e9es.<\/p>\n<p>Ce nouveau th\u00e8me estival montre que Sony semble revenir progressivement vers <strong>des options de personnalisation plus diversifi\u00e9es et dynamiques<\/strong>. Je croise les doigts pour qu\u2019on voie bient\u00f4t des th\u00e8mes li\u00e9s \u00e0 nos jeux favoris \u2013 j\u2019imagine d\u00e9j\u00e0 un th\u00e8me anim\u00e9 God of War ou Horizon qui transformerait compl\u00e8tement l\u2019ambiance de l\u2019interface !<\/p>\n<p>En attendant, n\u2019oublie pas d\u2019activer les mises \u00e0 jour automatiques dans les param\u00e8tres de ta console si tu veux \u00eatre s\u00fbr de ne manquer aucune surprise \u00e0 l\u2019avenir. Si ta PS5 est configur\u00e9e en mode repos, elle pourra t\u00e9l\u00e9charger et installer ces mises \u00e0 jour pendant que tu ne l\u2019utilises pas.<\/p>\n<p>Alors, qu\u2019en penses-tu de ce nouveau th\u00e8me ? Tu l\u2019as d\u00e9j\u00e0 install\u00e9 ? Personnellement, je trouve que c\u2019est un petit rayon de soleil virtuel qui \u00e9gaie mon exp\u00e9rience PlayStation, m\u00eame si j\u2019esp\u00e8re que Sony nous r\u00e9serve des options encore plus personnalis\u00e9es \u00e0 l\u2019avenir !<\/p>\n<p>                         <a href=\"https:\/\/www.next-stage.fr\/author\/cecile\" class=\"url\" title=\"Cecile\" rel=\"nofollow noopener\" target=\"_blank\"> <img loading=\"lazy\" width=\"250\" height=\"253\" decoding=\"async\" src=\"data:image\/svg+xml,%3Csvg%20xmlns=\" http:=\"\" class=\"photo\" alt=\"Cecile\" data-lazy-src=\"https:\/\/www.europesays.com\/fr\/wp-content\/uploads\/2025\/03\/capture-decran-2025-01-15-a-08.43.44.png\"\/><\/a> <\/p>\n<p>Hello, je suis C\u00e9cile, une passionn\u00e9e des jeux vid\u00e9os ! Dans ce blog, je partage avec vous les derni\u00e8res actualit\u00e9s et les jeux qui me vont vibrer !<\/p>\n<p> <a href=\"https:\/\/www.next-stage.fr\/author\/cecile\" class=\"url\" title=\"Cecile\" rel=\"nofollow noopener\" target=\"_blank\"><img loading=\"lazy\" width=\"250\" height=\"253\" decoding=\"async\" src=\"data:image\/svg+xml,%3Csvg%20xmlns=\" http:=\"\" class=\"photo\" alt=\"Cecile\" data-lazy-src=\"https:\/\/www.europesays.com\/fr\/wp-content\/uploads\/2025\/03\/capture-decran-2025-01-15-a-08.43.44.png\"\/><\/a>  <\/p>\n","protected":false},"excerpt":{"rendered":"Je viens de d\u00e9couvrir une petite surprise qui a fait ma journ\u00e9e ! Sony a discr\u00e8tement ajout\u00e9 un&hellip;\n","protected":false},"author":2,"featured_media":271032,"comment_status":"","ping_status":"","sticky":false,"template":"","format":"standard","meta":{"footnotes":""},"categories":[7],"tags":[1011,27,43,40,41,39,42,44],"class_list":{"0":"post-271031","1":"post","2":"type-post","3":"status-publish","4":"format-standard","5":"has-post-thumbnail","7":"category-sciences-et-technologies","8":"tag-fr","9":"tag-france","10":"tag-science","11":"tag-science-and-technology","12":"tag-sciences","13":"tag-sciences-et-technologies","14":"tag-technologies","15":"tag-technology"},"share_on_mastodon":{"url":"https:\/\/pubeurope.com\/@fr\/114909578775437134","error":""},"_links":{"self":[{"href":"https:\/\/www.europesays.com\/fr\/wp-json\/wp\/v2\/posts\/271031","targetHints":{"allow":["GET"]}}],"collection":[{"href":"https:\/\/www.europesays.com\/fr\/wp-json\/wp\/v2\/posts"}],"about":[{"href":"https:\/\/www.europesays.com\/fr\/wp-json\/wp\/v2\/types\/post"}],"author":[{"embeddable":true,"href":"https:\/\/www.europesays.com\/fr\/wp-json\/wp\/v2\/users\/2"}],"replies":[{"embeddable":true,"href":"https:\/\/www.europesays.com\/fr\/wp-json\/wp\/v2\/comments?post=271031"}],"version-history":[{"count":0,"href":"https:\/\/www.europesays.com\/fr\/wp-json\/wp\/v2\/posts\/271031\/revisions"}],"wp:featuredmedia":[{"embeddable":true,"href":"https:\/\/www.europesays.com\/fr\/wp-json\/wp\/v2\/media\/271032"}],"wp:attachment":[{"href":"https:\/\/www.europesays.com\/fr\/wp-json\/wp\/v2\/media?parent=271031"}],"wp:term":[{"taxonomy":"category","embeddable":true,"href":"https:\/\/www.europesays.com\/fr\/wp-json\/wp\/v2\/categories?post=271031"},{"taxonomy":"post_tag","embeddable":true,"href":"https:\/\/www.europesays.com\/fr\/wp-json\/wp\/v2\/tags?post=271031"}],"curies":[{"name":"wp","href":"https:\/\/api.w.org\/{rel}","templated":true}]}}