{"id":271033,"date":"2025-07-24T18:16:11","date_gmt":"2025-07-24T18:16:11","guid":{"rendered":"https:\/\/www.europesays.com\/fr\/271033\/"},"modified":"2025-07-24T18:16:11","modified_gmt":"2025-07-24T18:16:11","slug":"carrefour-va-vendre-ses-activites-en-italie-pour-un-prix-symbolique","status":"publish","type":"post","link":"https:\/\/www.europesays.com\/fr\/271033\/","title":{"rendered":"Carrefour va vendre ses activit\u00e9s en Italie pour un prix \u00absymbolique\u00bb"},"content":{"rendered":"<p>La branche italienne du g\u00e9ant tricolore de la grande distribution a enregistr\u00e9 des pertes importantes en 2024.<\/p>\n<p class=\"fig-paragraph\">Carrefour va se s\u00e9parer de l&rsquo;int\u00e9gralit\u00e9 de ses activit\u00e9s en Italie. Le g\u00e9ant de la distribution a annonc\u00e9 ce jeudi 24 juillet,\u00a0<a href=\"http:\/\/www.lefigaro.fr\/flash-eco\/carrefour-le-pdg-alexandre-bompard-renouvele-par-le-conseil-d-administration-du-groupe-20250724\" data-fig-type=\"NewsFlash\" data-gtm-custom-categorie=\"navigation\" data-gtm-custom-action=\"crossclick\" data-gtm-custom-label=\"Contextuel\" data-gtm-event=\"customEventSPE\" data-fig-domain=\"LEFIGARO\" target=\"_blank\" rel=\"noopener\">\u00e0 l\u2019occasion de ses r\u00e9sultats semestriels<\/a>, \u00eatre entr\u00e9 en n\u00e9gociations exclusives avec NewPrinces Group, une soci\u00e9t\u00e9 agroalimentaire italienne.<\/p>\n<p class=\"fig-paragraph\">La cession de Carrefour Italie se fera \u00e0 un \u00abprix symbolique\u00bb, a pr\u00e9cis\u00e9 le directeur ex\u00e9cutif finances et gestion du groupe Matthieu Malige lors d&rsquo;un point presse t\u00e9l\u00e9phonique, mentionnant les pertes importantes de cette branche qui a r\u00e9alis\u00e9 4,2 milliards d&rsquo;euros de chiffre d&rsquo;affaires en 2024, environ 4% du chiffre d\u2019affaires du groupe. Carrefour Italie englobe pr\u00e8s de 1200 magasins qui ont souffert en 2024 d\u2019un flux de tr\u00e9sorerie n\u00e9gatif de pr\u00e8s de 180 millions d\u2019euros.<\/p>\n<p>                                    <a class=\"fig-a11y-skip a11y-hidden\" href=\"#fig-a11y-skip-main-inarticle\"><br \/>\n        Passer la publicit\u00e9<br \/>\n    <\/a><\/p>\n<p class=\"fig-paragraph\">\u00abL\u2019impact de l\u2019op\u00e9ration sur la tr\u00e9sorerie du Groupe est estim\u00e9 \u00e0 -240 millions d\u2019euros, tenant compte de la contribution financi\u00e8re de Carrefour pour accompagner le projet de reprise\u00bb, est-il pr\u00e9cis\u00e9.<\/p>\n<p class=\"fig-paragraph\">Le g\u00e9ant de la distribution Carrefour a r\u00e9alis\u00e9 un b\u00e9n\u00e9fice net de 210 millions d\u2019euros au premier semestre, en baisse de 33% sur un an, tout en am\u00e9liorant sa rentabilit\u00e9 dans ses pays charni\u00e8res, la France, l\u2019Espagne et le Br\u00e9sil, a indiqu\u00e9 le groupe jeudi. Le chiffre d\u2019affaires de Carrefour a quant \u00e0 lui progress\u00e9 de 3,7% \u00e0 pr\u00e8s de 46,56 milliards d\u2019euros, port\u00e9 notamment par \u00abune acc\u00e9l\u00e9ration de l\u2019activit\u00e9 et une reprise des volumes au deuxi\u00e8me trimestre en France et en Europe\u00bb.<\/p>\n","protected":false},"excerpt":{"rendered":"La branche italienne du g\u00e9ant tricolore de la grande distribution a enregistr\u00e9 des pertes importantes en 2024. Carrefour&hellip;\n","protected":false},"author":2,"featured_media":271034,"comment_status":"","ping_status":"","sticky":false,"template":"","format":"standard","meta":{"footnotes":""},"categories":[6],"tags":[35,4304,33,34,1011,27,6908],"class_list":{"0":"post-271033","1":"post","2":"type-post","3":"status-publish","4":"format-standard","5":"has-post-thumbnail","7":"category-economie","8":"tag-business","9":"tag-carrefour","10":"tag-economie","11":"tag-economy","12":"tag-fr","13":"tag-france","14":"tag-grande-distribution"},"share_on_mastodon":{"url":"https:\/\/pubeurope.com\/@fr\/114909583012941294","error":""},"_links":{"self":[{"href":"https:\/\/www.europesays.com\/fr\/wp-json\/wp\/v2\/posts\/271033","targetHints":{"allow":["GET"]}}],"collection":[{"href":"https:\/\/www.europesays.com\/fr\/wp-json\/wp\/v2\/posts"}],"about":[{"href":"https:\/\/www.europesays.com\/fr\/wp-json\/wp\/v2\/types\/post"}],"author":[{"embeddable":true,"href":"https:\/\/www.europesays.com\/fr\/wp-json\/wp\/v2\/users\/2"}],"replies":[{"embeddable":true,"href":"https:\/\/www.europesays.com\/fr\/wp-json\/wp\/v2\/comments?post=271033"}],"version-history":[{"count":0,"href":"https:\/\/www.europesays.com\/fr\/wp-json\/wp\/v2\/posts\/271033\/revisions"}],"wp:featuredmedia":[{"embeddable":true,"href":"https:\/\/www.europesays.com\/fr\/wp-json\/wp\/v2\/media\/271034"}],"wp:attachment":[{"href":"https:\/\/www.europesays.com\/fr\/wp-json\/wp\/v2\/media?parent=271033"}],"wp:term":[{"taxonomy":"category","embeddable":true,"href":"https:\/\/www.europesays.com\/fr\/wp-json\/wp\/v2\/categories?post=271033"},{"taxonomy":"post_tag","embeddable":true,"href":"https:\/\/www.europesays.com\/fr\/wp-json\/wp\/v2\/tags?post=271033"}],"curies":[{"name":"wp","href":"https:\/\/api.w.org\/{rel}","templated":true}]}}