{"id":271037,"date":"2025-07-24T18:18:11","date_gmt":"2025-07-24T18:18:11","guid":{"rendered":"https:\/\/www.europesays.com\/fr\/271037\/"},"modified":"2025-07-24T18:18:11","modified_gmt":"2025-07-24T18:18:11","slug":"face-aux-guerillas-urbaines-bruno-retailleau-durcit-le-ton-et-envoie-les-crs-en-premiere-ligne","status":"publish","type":"post","link":"https:\/\/www.europesays.com\/fr\/271037\/","title":{"rendered":"Face aux \u00abgu\u00e9rillas urbaines\u00bb, Bruno Retailleau durcit le ton et envoie les CRS en premi\u00e8re ligne"},"content":{"rendered":"<p><strong>R\u00c9CIT &#8211; <\/strong>Tandis que le ministre de l\u2019Int\u00e9rieur d\u00e9voilait ce jeudi un nouveau plan de bataille contre les engins de mortier, des unit\u00e9s de choc sont d\u00e9ploy\u00e9es partout en France pour r\u00e9tablir l\u2019ordre dans les cit\u00e9s.<\/p>\n<p class=\"fig-paragraph\">Alors que la France des sous-pr\u00e9fectures et des villes moyennes vient d\u2019\u00eatre percut\u00e9e de plein fouet par\u00a0<a href=\"http:\/\/www.lefigaro.fr\/actualite-france\/limoges-beziers-nimes-ces-villes-otages-d-une-delinquance-ultraviolente-20250720\" data-fig-type=\"Article\" data-gtm-custom-categorie=\"navigation\" data-gtm-custom-action=\"crossclick\" data-gtm-custom-label=\"Contextuel\" data-gtm-event=\"customEventSPE\" data-fig-domain=\"LEFIGARO\" target=\"_blank\" rel=\"noopener\">une s\u00e9quence de violences urbaines ayant tour \u00e0 tour embras\u00e9 les nuits de B\u00e9ziers, Limoges, N\u00eemes ou encore Charleville-M\u00e9zi\u00e8res<\/a>, Bruno Retailleau repasse \u00e0 l\u2019offensive avec des mots forts et une posture d\u2019extr\u00eame fermet\u00e9, affich\u00e9e comme sa \u00ab\u00a0marque de fabrique\u00a0\u00bb. \u00c0 l\u2019occasion d\u2019une visite, ce jeudi, au commissariat du 20e\u00a0arrondissement de Paris, o\u00f9 il a d\u00e9cor\u00e9 un policier gri\u00e8vement bless\u00e9 \u00e0 la main par un mortier d\u2019artifice, le ministre de l\u2019Int\u00e9rieur a fustig\u00e9 cette \u00ab\u00a0arme de pr\u00e9dilection des barbares\u00a0\u00bb qui ont lanc\u00e9 une \u00ab\u00a0gu\u00e9rilla urbaine\u00a0\u00bb contre les forces de l\u2019ordre.<\/p>\n<p class=\"fig-paragraph\">Ulc\u00e9r\u00e9 par le drame du policier bless\u00e9 \u00e0 la jambe et de l\u2019appartement enflamm\u00e9 \u00e0 B\u00e9ziers, puis par celui de cet autre agent qui s\u2019est retrouv\u00e9 entre la vie et la mort apr\u00e8s avoir \u00e9t\u00e9 touch\u00e9 \u00e0 la t\u00eate dans la Manche, le ministre a tenu son \u00ab\u00a0discours de v\u00e9rit\u00e9\u00a0\u00bb\u00a0: \u00ab\u00a0D\u2019un c\u00f4t\u00e9, il y a la France\u2026<\/p>\n<p class=\"fig-premium-paywall__infos\">\n        Cet article est r\u00e9serv\u00e9 aux abonn\u00e9s.        Il vous reste 92% \u00e0 d\u00e9couvrir.\n    <\/p>\n<p>                <img  data- alt=\"Le Figaro\" class=\"fig-img--complete fig-img\"\/><\/p>\n<p class=\"fig-premium-paywall__title\">Vous avez envie de lire la suite ?<\/p>\n<p class=\"fig-premium-paywall__subtitle\">D\u00e9bloquez tous les articles imm\u00e9diatement.<\/p>\n<p class=\"fig-premium-paywall__connect\">\n                D\u00e9j\u00e0 abonn\u00e9\u00a0?                <a class=\"fig-premium-paywall__connect-link\" href=\"https:\/\/connect.lefigaro.fr\/login?client=horizon_web&amp;type=main&amp;redirect_uri=https%3A%2F%2Fwww.lefigaro.fr%2Factualite-france%2Fface-aux-guerillas-urbaines-bruno-retailleau-durcit-le-ton-et-envoie-les-crs-en-premiere-ligne-20250724\" data-js-gtm=\"{&quot;customCategorie&quot;: &quot;conversion&quot;, &quot;customAction&quot;: &quot;before_Landing_Connexion_paywall_auto&quot;, &quot;customLabel&quot;: &quot;bGVmaWdhcm8uZnJfXzFmMDY4OTYzLTQxZDMtNjdiOC04YTVkLTYxNjk3OTZlZmJjZl9fQXJ0aWNsZQ==_Face aux \u00abgu\u00e9rillas urbaines\u00bb, Bruno Retailleau durcit le ton et envoie les CRS en premi\u00e8re ligne_299&quot;, &quot;customIDSPE&quot;: &quot;bGVmaWdhcm8uZnJfXzFmMDY4OTYzLTQxZDMtNjdiOC04YTVkLTYxNjk3OTZlZmJjZl9fQXJ0aWNsZQ==&quot;, &quot;event&quot;: &quot;customEventSPE&quot;}\" target=\"_blank\" rel=\"noopener\"><br \/>\n                    Connectez-vous<br \/>\n                <\/a>\n            <\/p>\n","protected":false},"excerpt":{"rendered":"R\u00c9CIT &#8211; Tandis que le ministre de l\u2019Int\u00e9rieur d\u00e9voilait ce jeudi un nouveau plan de bataille contre les&hellip;\n","protected":false},"author":2,"featured_media":271038,"comment_status":"","ping_status":"","sticky":false,"template":"","format":"standard","meta":{"footnotes":""},"categories":[4],"tags":[11,1013,12513,1011,27,12,25,7501],"class_list":{"0":"post-271037","1":"post","2":"type-post","3":"status-publish","4":"format-standard","5":"has-post-thumbnail","7":"category-france","8":"tag-actualites","9":"tag-bruno-retailleau","10":"tag-crs","11":"tag-fr","12":"tag-france","13":"tag-news","14":"tag-republique-francaise","15":"tag-violences-urbaines"},"share_on_mastodon":{"url":"https:\/\/pubeurope.com\/@fr\/114909590572293035","error":""},"_links":{"self":[{"href":"https:\/\/www.europesays.com\/fr\/wp-json\/wp\/v2\/posts\/271037","targetHints":{"allow":["GET"]}}],"collection":[{"href":"https:\/\/www.europesays.com\/fr\/wp-json\/wp\/v2\/posts"}],"about":[{"href":"https:\/\/www.europesays.com\/fr\/wp-json\/wp\/v2\/types\/post"}],"author":[{"embeddable":true,"href":"https:\/\/www.europesays.com\/fr\/wp-json\/wp\/v2\/users\/2"}],"replies":[{"embeddable":true,"href":"https:\/\/www.europesays.com\/fr\/wp-json\/wp\/v2\/comments?post=271037"}],"version-history":[{"count":0,"href":"https:\/\/www.europesays.com\/fr\/wp-json\/wp\/v2\/posts\/271037\/revisions"}],"wp:featuredmedia":[{"embeddable":true,"href":"https:\/\/www.europesays.com\/fr\/wp-json\/wp\/v2\/media\/271038"}],"wp:attachment":[{"href":"https:\/\/www.europesays.com\/fr\/wp-json\/wp\/v2\/media?parent=271037"}],"wp:term":[{"taxonomy":"category","embeddable":true,"href":"https:\/\/www.europesays.com\/fr\/wp-json\/wp\/v2\/categories?post=271037"},{"taxonomy":"post_tag","embeddable":true,"href":"https:\/\/www.europesays.com\/fr\/wp-json\/wp\/v2\/tags?post=271037"}],"curies":[{"name":"wp","href":"https:\/\/api.w.org\/{rel}","templated":true}]}}