{"id":271041,"date":"2025-07-24T18:20:15","date_gmt":"2025-07-24T18:20:15","guid":{"rendered":"https:\/\/www.europesays.com\/fr\/271041\/"},"modified":"2025-07-24T18:20:15","modified_gmt":"2025-07-24T18:20:15","slug":"des-orages-annonces-dans-la-loire-et-le-massif-central-meteo-france-alerte-a-quoi-sattendre","status":"publish","type":"post","link":"https:\/\/www.europesays.com\/fr\/271041\/","title":{"rendered":"Des orages annonc\u00e9s dans la Loire et le Massif central, M\u00e9t\u00e9o-France alerte : \u00e0 quoi s&rsquo;attendre"},"content":{"rendered":"<p>            Par<br \/>\n        <strong><br \/>\n            <a href=\"https:\/\/actu.fr\/auteur\/julien-sournies\" title=\"Consulter tous les articles de Julien Sournies\" rel=\"nofollow noopener\" target=\"_blank\">Julien Sournies<\/a><br \/>\n        <\/strong><\/p>\n<p>        Publi\u00e9 le<\/p>\n<p>            24 juil. 2025 \u00e0 17h53        <\/p>\n<p><strong>M\u00e9t\u00e9o-France<\/strong> maintient l\u2019alerte. D\u00e9j\u00e0 plac\u00e9 en vigilance jaune orages ce jeudi 24 juillet, le d\u00e9partement de la <a href=\"https:\/\/actu.fr\/auvergne-rhone-alpes\/loire_42\" rel=\"nofollow noopener\" target=\"_blank\">Loire<\/a> l\u2019est de nouveau ce vendredi 25 juillet, de 14 heures \u00e0 21 heures.<\/p>\n<p class=\" wall-content\">Voici \u00e0 quoi s\u2019attendre et quels sont les secteurs concern\u00e9s par la foudre.<\/p>\n<p>\u00ab\u00a0Les averses peuvent prendre un caract\u00e8re orageux\u00a0\u00bb<\/p>\n<p class=\" wall-content\">Dans son dernier bulletin, M\u00e9t\u00e9o-France annonce d\u2019abord de la pluie ce vendredi matin. Mais le temps pourrait progressivement se g\u00e2ter au fil de la journ\u00e9e. \u00ab\u00a0Les averses peuvent prendre un caract\u00e8re orageux principalement sur la fa\u00e7ade Est, le Massif central et les C\u00e9vennes\u00a0\u00bb, pr\u00e9vient le service officiel de la m\u00e9t\u00e9orologie en France.<\/p>\n<p class=\" wall-content\">De son c\u00f4t\u00e9, Keraunos, l\u2019observatoire fran\u00e7ais des tornades et des orages, pr\u00e9voit que \u00ab\u00a0le cut-off et le thalweg associ\u00e9 se d\u00e9caleront lentement vers le sud-est de la France et l\u2019Italie ; dans le m\u00eame temps, une dorsale d\u2019altitude prendra peu \u00e0 peu place sur la fa\u00e7ade Atlantique\u00a0\u00bb.<\/p>\n<blockquote class=\"ac-article-quote wall-content\">\n<p>Dans ce contexte, un risque d&rsquo;orages persistera des Pyr\u00e9n\u00e9es jusqu&rsquo;aux r\u00e9gions de l&rsquo;est du pays, avec des fortes pluies et de la gr\u00eale sous les orages les plus actifs.<\/p>\n<p>    <strong>Keraunos<\/strong>\n            <\/p><\/blockquote>\n<p>23\u00b0C au maximum<\/p>\n<p class=\" wall-content\">D\u2019apr\u00e8s M\u00e9t\u00e9o-France, seuls les secteurs de Bourg-Argental et Saint-Pierre-de-B\u0153uf devraient \u00eatre \u00e9pargn\u00e9s par les orages. C\u00f4t\u00e9 temp\u00e9ratures, celles-ci seront relativement semblables \u00e0 la veille : comptez<strong> 23\u00b0C<\/strong> au maximum \u00e0 Saint-Galmier, <a href=\"https:\/\/actu.fr\/saint-etienne\/\" rel=\"nofollow noopener\" target=\"_blank\">Saint-Etienne<\/a> ou encore Montbrison.<\/p>\n<p class=\" wall-content\">Toujours selon M\u00e9t\u00e9o-France, l\u2019\u00e9pisode orageux devrait prendre fin en d\u00e9but de soir\u00e9e ce vendredi et laissera place \u00e0 un ciel partag\u00e9 entre la pluie, les nuages et le soleil tout au long du week-end dans le d\u00e9partement lig\u00e9rien.<\/p>\n<p class=\" wall-content\">Suivez toute l\u2019actualit\u00e9 de vos villes et m\u00e9dias favoris en vous inscrivant \u00e0 <a href=\"https:\/\/moncompte.actu.fr\" title=\"D\u00e9couvez Mon Actu\" rel=\"nofollow noopener\" data-trk=\"{&quot;cta&quot;:{&quot;action&quot;:&quot;https:\\\/\\\/moncompte.actu.fr&quot;,&quot;category&quot;:&quot;mon compte&quot;,&quot;from&quot;:&quot;article footer&quot;,&quot;name&quot;:&quot;Mon actu&quot;,&quot;type&quot;:&quot;cta&quot;}}\" target=\"_blank\">Mon Actu<\/a>.<\/p>\n","protected":false},"excerpt":{"rendered":"Par Julien Sournies Publi\u00e9 le 24 juil. 2025 \u00e0 17h53 M\u00e9t\u00e9o-France maintient l\u2019alerte. D\u00e9j\u00e0 plac\u00e9 en vigilance jaune&hellip;\n","protected":false},"author":2,"featured_media":271042,"comment_status":"","ping_status":"","sticky":false,"template":"","format":"standard","meta":{"footnotes":""},"categories":[9653],"tags":[1111,11,2430,1777,674,1011,27,2487,2357,12,4594,25,4001],"class_list":{"0":"post-271041","1":"post","2":"type-post","3":"status-publish","4":"format-standard","5":"has-post-thumbnail","7":"category-saint-etienne","8":"tag-actu","9":"tag-actualites","10":"tag-auvergne-rhone-alpes","11":"tag-eu","12":"tag-europe","13":"tag-fr","14":"tag-france","15":"tag-meteo","16":"tag-meteo-france","17":"tag-news","18":"tag-orages","19":"tag-republique-francaise","20":"tag-saint-etienne"},"share_on_mastodon":{"url":"https:\/\/pubeurope.com\/@fr\/114909598456734952","error":""},"_links":{"self":[{"href":"https:\/\/www.europesays.com\/fr\/wp-json\/wp\/v2\/posts\/271041","targetHints":{"allow":["GET"]}}],"collection":[{"href":"https:\/\/www.europesays.com\/fr\/wp-json\/wp\/v2\/posts"}],"about":[{"href":"https:\/\/www.europesays.com\/fr\/wp-json\/wp\/v2\/types\/post"}],"author":[{"embeddable":true,"href":"https:\/\/www.europesays.com\/fr\/wp-json\/wp\/v2\/users\/2"}],"replies":[{"embeddable":true,"href":"https:\/\/www.europesays.com\/fr\/wp-json\/wp\/v2\/comments?post=271041"}],"version-history":[{"count":0,"href":"https:\/\/www.europesays.com\/fr\/wp-json\/wp\/v2\/posts\/271041\/revisions"}],"wp:featuredmedia":[{"embeddable":true,"href":"https:\/\/www.europesays.com\/fr\/wp-json\/wp\/v2\/media\/271042"}],"wp:attachment":[{"href":"https:\/\/www.europesays.com\/fr\/wp-json\/wp\/v2\/media?parent=271041"}],"wp:term":[{"taxonomy":"category","embeddable":true,"href":"https:\/\/www.europesays.com\/fr\/wp-json\/wp\/v2\/categories?post=271041"},{"taxonomy":"post_tag","embeddable":true,"href":"https:\/\/www.europesays.com\/fr\/wp-json\/wp\/v2\/tags?post=271041"}],"curies":[{"name":"wp","href":"https:\/\/api.w.org\/{rel}","templated":true}]}}