{"id":271047,"date":"2025-07-24T18:23:11","date_gmt":"2025-07-24T18:23:11","guid":{"rendered":"https:\/\/www.europesays.com\/fr\/271047\/"},"modified":"2025-07-24T18:23:11","modified_gmt":"2025-07-24T18:23:11","slug":"un-homme-de-44-ans-agresse-au-couteau-son-voisin-place-en-garde-a-vue","status":"publish","type":"post","link":"https:\/\/www.europesays.com\/fr\/271047\/","title":{"rendered":"un homme de 44 ans agress\u00e9 au couteau, son voisin plac\u00e9 en garde \u00e0 vue"},"content":{"rendered":"<p>            Par<br \/>\n        <strong><br \/>\n            <a href=\"https:\/\/actu.fr\/auteur\/pierre-emile-bouchy-actu-fr\" title=\"Consulter tous les articles de Paul-Emile Bouchy\" rel=\"nofollow noopener\" target=\"_blank\">Paul-Emile Bouchy<\/a><br \/>\n        <\/strong><\/p>\n<p>        Publi\u00e9 le<\/p>\n<p>            24 juil. 2025 \u00e0 19h26        <\/p>\n<p>Mercredi 23\u00a0juillet 2025, vers 22h, <strong>un homme de 44\u00a0ans a \u00e9t\u00e9 agress\u00e9 au couteau<\/strong> avenue de Strasbourg \u00e0 <a href=\"https:\/\/actu.fr\/grand-est\/nancy_54395\" rel=\"nofollow noopener\" target=\"_blank\">Nancy<\/a> (Meurthe-et-Moselle), d\u2019apr\u00e8s une information de <a href=\"https:\/\/c.estrepublicain.fr\/faits-divers-justice\/2025\/07\/24\/agression-au-couteau-un-blesse-le-suspect-interpelle-par-le-raid\" rel=\"nofollow noopener\" target=\"_blank\">L\u2019Est R\u00e9publicain<\/a> confirm\u00e9e par Lorraine Actu.<\/p>\n<p class=\" wall-content\">Selon le procureur de la R\u00e9publique de Nancy, <strong>trois personnes ont \u00e9t\u00e9 plac\u00e9es en garde \u00e0 vue<\/strong>.<\/p>\n<p>Une enqu\u00eate ouverte pour tentative de meurtre<\/p>\n<p class=\" wall-content\">Prise en charge par les secours, la victime a \u00e9t\u00e9 hospitalis\u00e9e en urgence. Le parquet pr\u00e9cise que \u00ab<strong>\u2009ses jours ne sont pas en danger<\/strong>\u2009\u00bb.<\/p>\n<p class=\" wall-content\">Trois personnes ont \u00e9t\u00e9 interpell\u00e9es et plac\u00e9es en garde \u00e0 vue\u2009: <strong>un des voisins de la victime, la compagne de ce voisin et un ami de celui-ci<\/strong>.<\/p>\n<p class=\" wall-content\">Une enqu\u00eate pour <strong>tentative de meurtre<\/strong> est en cours, confi\u00e9e \u00e0 la division de la criminalit\u00e9 territoriale. \u00ab\u2009Les circonstances exactes des faits restent \u00e0 \u00e9tablir\u2009\u00bb, conclut le procureur.<\/p>\n<p class=\" wall-content\">Suivez toute l\u2019actualit\u00e9 de vos villes et m\u00e9dias favoris en vous inscrivant \u00e0 <a href=\"https:\/\/moncompte.actu.fr\" title=\"D\u00e9couvez Mon Actu\" rel=\"nofollow noopener\" data-trk=\"{&quot;cta&quot;:{&quot;action&quot;:&quot;https:\\\/\\\/moncompte.actu.fr&quot;,&quot;category&quot;:&quot;mon compte&quot;,&quot;from&quot;:&quot;article footer&quot;,&quot;name&quot;:&quot;Mon actu&quot;,&quot;type&quot;:&quot;cta&quot;}}\" target=\"_blank\">Mon Actu<\/a>.<\/p>\n","protected":false},"excerpt":{"rendered":"Par Paul-Emile Bouchy Publi\u00e9 le 24 juil. 2025 \u00e0 19h26 Mercredi 23\u00a0juillet 2025, vers 22h, un homme de&hellip;\n","protected":false},"author":2,"featured_media":26108,"comment_status":"","ping_status":"","sticky":false,"template":"","format":"standard","meta":{"footnotes":""},"categories":[9635],"tags":[1111,11,1777,674,118,1011,27,775,303,1702,12,1072,25],"class_list":{"0":"post-271047","1":"post","2":"type-post","3":"status-publish","4":"format-standard","5":"has-post-thumbnail","7":"category-nancy","8":"tag-actu","9":"tag-actualites","10":"tag-eu","11":"tag-europe","12":"tag-faits-divers","13":"tag-fr","14":"tag-france","15":"tag-grand-est","16":"tag-justice","17":"tag-nancy","18":"tag-news","19":"tag-police","20":"tag-republique-francaise"},"share_on_mastodon":{"url":"https:\/\/pubeurope.com\/@fr\/114909610316671886","error":""},"_links":{"self":[{"href":"https:\/\/www.europesays.com\/fr\/wp-json\/wp\/v2\/posts\/271047","targetHints":{"allow":["GET"]}}],"collection":[{"href":"https:\/\/www.europesays.com\/fr\/wp-json\/wp\/v2\/posts"}],"about":[{"href":"https:\/\/www.europesays.com\/fr\/wp-json\/wp\/v2\/types\/post"}],"author":[{"embeddable":true,"href":"https:\/\/www.europesays.com\/fr\/wp-json\/wp\/v2\/users\/2"}],"replies":[{"embeddable":true,"href":"https:\/\/www.europesays.com\/fr\/wp-json\/wp\/v2\/comments?post=271047"}],"version-history":[{"count":0,"href":"https:\/\/www.europesays.com\/fr\/wp-json\/wp\/v2\/posts\/271047\/revisions"}],"wp:featuredmedia":[{"embeddable":true,"href":"https:\/\/www.europesays.com\/fr\/wp-json\/wp\/v2\/media\/26108"}],"wp:attachment":[{"href":"https:\/\/www.europesays.com\/fr\/wp-json\/wp\/v2\/media?parent=271047"}],"wp:term":[{"taxonomy":"category","embeddable":true,"href":"https:\/\/www.europesays.com\/fr\/wp-json\/wp\/v2\/categories?post=271047"},{"taxonomy":"post_tag","embeddable":true,"href":"https:\/\/www.europesays.com\/fr\/wp-json\/wp\/v2\/tags?post=271047"}],"curies":[{"name":"wp","href":"https:\/\/api.w.org\/{rel}","templated":true}]}}