{"id":271056,"date":"2025-07-24T18:33:19","date_gmt":"2025-07-24T18:33:19","guid":{"rendered":"https:\/\/www.europesays.com\/fr\/271056\/"},"modified":"2025-07-24T18:33:19","modified_gmt":"2025-07-24T18:33:19","slug":"grenoble-des-journalistes-se-font-voler-une-moto-et-du-materiel-video-en-marge-du-tour-du-france","status":"publish","type":"post","link":"https:\/\/www.europesays.com\/fr\/271056\/","title":{"rendered":"Grenoble. Des journalistes se font voler une moto et du mat\u00e9riel vid\u00e9o en marge du Tour du France"},"content":{"rendered":"<p>Des journalistes belges couvrant le Tour de France et s\u00e9journant dans un h\u00f4tel du centre-ville de Grenoble ont d\u00e9couvert jeudi vers 8 heures que leur v\u00e9hicule avait \u00e9t\u00e9 roulott\u00e9 dans la nuit, boulevard Gambetta.<\/p>\n<p>Trois cam\u00e9ras, un ordinateur, des sport lumineux et une antenne Starlink qui avaient \u00e9t\u00e9 laiss\u00e9s dans la voiture ont ainsi \u00e9t\u00e9 d\u00e9rob\u00e9s, a indiqu\u00e9 la police jeudi soir. Au m\u00eame endroit, une BMW 1300 GS appartenant \u00e0 une soci\u00e9t\u00e9 de production fran\u00e7aise a \u00e9t\u00e9 vol\u00e9e.<\/p>\n","protected":false},"excerpt":{"rendered":"Des journalistes belges couvrant le Tour de France et s\u00e9journant dans un h\u00f4tel du centre-ville de Grenoble ont&hellip;\n","protected":false},"author":2,"featured_media":271057,"comment_status":"","ping_status":"","sticky":false,"template":"","format":"standard","meta":{"footnotes":""},"categories":[9566],"tags":[1111,11,2430,271,272,112,1777,674,274,107,1011,27,2731,2732,108,12,25],"class_list":{"0":"post-271056","1":"post","2":"type-post","3":"status-publish","4":"format-standard","5":"has-post-thumbnail","7":"category-grenoble","8":"tag-actu","9":"tag-actualites","10":"tag-auvergne-rhone-alpes","11":"tag-crime","12":"tag-delit-et-contravention","13":"tag-edition-grenoble-agglomeration","14":"tag-eu","15":"tag-europe","16":"tag-faits-divers-justice","17":"tag-fil-info","18":"tag-fr","19":"tag-france","20":"tag-grenoble","21":"tag-grenoble-bassin","22":"tag-isere","23":"tag-news","24":"tag-republique-francaise"},"share_on_mastodon":{"url":"https:\/\/pubeurope.com\/@fr\/114909649619823026","error":""},"_links":{"self":[{"href":"https:\/\/www.europesays.com\/fr\/wp-json\/wp\/v2\/posts\/271056","targetHints":{"allow":["GET"]}}],"collection":[{"href":"https:\/\/www.europesays.com\/fr\/wp-json\/wp\/v2\/posts"}],"about":[{"href":"https:\/\/www.europesays.com\/fr\/wp-json\/wp\/v2\/types\/post"}],"author":[{"embeddable":true,"href":"https:\/\/www.europesays.com\/fr\/wp-json\/wp\/v2\/users\/2"}],"replies":[{"embeddable":true,"href":"https:\/\/www.europesays.com\/fr\/wp-json\/wp\/v2\/comments?post=271056"}],"version-history":[{"count":0,"href":"https:\/\/www.europesays.com\/fr\/wp-json\/wp\/v2\/posts\/271056\/revisions"}],"wp:featuredmedia":[{"embeddable":true,"href":"https:\/\/www.europesays.com\/fr\/wp-json\/wp\/v2\/media\/271057"}],"wp:attachment":[{"href":"https:\/\/www.europesays.com\/fr\/wp-json\/wp\/v2\/media?parent=271056"}],"wp:term":[{"taxonomy":"category","embeddable":true,"href":"https:\/\/www.europesays.com\/fr\/wp-json\/wp\/v2\/categories?post=271056"},{"taxonomy":"post_tag","embeddable":true,"href":"https:\/\/www.europesays.com\/fr\/wp-json\/wp\/v2\/tags?post=271056"}],"curies":[{"name":"wp","href":"https:\/\/api.w.org\/{rel}","templated":true}]}}