{"id":271062,"date":"2025-07-24T18:36:20","date_gmt":"2025-07-24T18:36:20","guid":{"rendered":"https:\/\/www.europesays.com\/fr\/271062\/"},"modified":"2025-07-24T18:36:20","modified_gmt":"2025-07-24T18:36:20","slug":"le-neonazi-valentin-linder-le-terroriste-darras-et-un-troisieme-detenu-en-garde-a-vue","status":"publish","type":"post","link":"https:\/\/www.europesays.com\/fr\/271062\/","title":{"rendered":"le n\u00e9onazi Valentin Linder, le terroriste d&rsquo;Arras et un troisi\u00e8me d\u00e9tenu en garde \u00e0 vue"},"content":{"rendered":"<p>Trois d\u00e9tenus de la maison d\u2019arr\u00eat de Strasbourg \u00e0 l&rsquo;Elsau soup\u00e7onn\u00e9s d\u2019avoir tent\u00e9 de s\u2019\u00e9vader ont \u00e9t\u00e9 plac\u00e9s en garde \u00e0 vue ce jeudi, <a href=\"https:\/\/www.leparisien.fr\/faits-divers\/un-terroriste-islamiste-un-neonazi-et-un-troisieme-detenu-soupconnes-dun-projet-devasion-24-07-2025-5Q34DW5C25BU7PXJY7M5VYUUCA.php\" target=\"_blank\" rel=\"noopener\">rapportent nos confr\u00e8res du Parisien<\/a>.<\/p>\n<p>Valentin Linder, <a href=\"https:\/\/www.dna.fr\/faits-divers-justice\/2025\/04\/10\/ultra-droite-l-ex-president-du-bastion-social-condamne-a-trois-ans-pour-la-preparation-d-un-guet-apens\" target=\"_blank\" rel=\"noopener\">l&rsquo;ancien leader du groupuscule d\u2019ultra-droite \u00ab Bastion social\u00a0\u00bb<\/a>, Mohammed Mogouchkov, <a href=\"https:\/\/www.dna.fr\/faits-divers-justice\/2023\/10\/17\/assassinat-de-dominique-bernard-l-assaillant-presente-ce-mardi-a-la-justice\" target=\"_blank\" rel=\"noopener\">le terroriste d\u2019Arras, assassin pr\u00e9sum\u00e9 du professeur Dominique Bernard<\/a> et un troisi\u00e8me d\u00e9tenu de 23 ans, incarc\u00e9r\u00e9 pour \u00ab\u00a0criminalit\u00e9 organis\u00e9e\u00a0\u00bb, \u00e9taient plac\u00e9s \u00e0 l\u2019isolement.<\/p>\n<p>Selon nos informations, c\u2019est un technicien pour des travaux qui a d\u00e9couvert plusieurs d\u00e9gradations sur les portes des cellules des trois d\u00e9tenus mardi 22 juillet, qui a donn\u00e9 l\u2019alerte.<\/p>\n<p>Une lame de scie a \u00e9t\u00e9 retrouv\u00e9e dans une cellule. Pour l&rsquo;heure, les enqu\u00eateurs ne savent pas s&rsquo;il y a eu concertation entre les d\u00e9tenus.<\/p>\n<p>Le parquet de Strasbourg a ouvert une enqu\u00eate de flagrance pour comprendre les circonstances de cette tentative d\u2019\u00e9vasion.<\/p>\n","protected":false},"excerpt":{"rendered":"Trois d\u00e9tenus de la maison d\u2019arr\u00eat de Strasbourg \u00e0 l&rsquo;Elsau soup\u00e7onn\u00e9s d\u2019avoir tent\u00e9 de s\u2019\u00e9vader ont \u00e9t\u00e9 plac\u00e9s&hellip;\n","protected":false},"author":2,"featured_media":271063,"comment_status":"","ping_status":"","sticky":false,"template":"","format":"standard","meta":{"footnotes":""},"categories":[2820],"tags":[1111,11,2389,2649,2880,1777,674,274,107,1011,27,329,775,12,25,640],"class_list":{"0":"post-271062","1":"post","2":"type-post","3":"status-publish","4":"format-standard","5":"has-post-thumbnail","7":"category-strasbourg","8":"tag-actu","9":"tag-actualites","10":"tag-alsace","11":"tag-bas-rhin","12":"tag-edition-strasbourg","13":"tag-eu","14":"tag-europe","15":"tag-faits-divers-justice","16":"tag-fil-info","17":"tag-fr","18":"tag-france","19":"tag-france-monde","20":"tag-grand-est","21":"tag-news","22":"tag-republique-francaise","23":"tag-strasbourg"},"share_on_mastodon":{"url":"https:\/\/pubeurope.com\/@fr\/114909661360346328","error":""},"_links":{"self":[{"href":"https:\/\/www.europesays.com\/fr\/wp-json\/wp\/v2\/posts\/271062","targetHints":{"allow":["GET"]}}],"collection":[{"href":"https:\/\/www.europesays.com\/fr\/wp-json\/wp\/v2\/posts"}],"about":[{"href":"https:\/\/www.europesays.com\/fr\/wp-json\/wp\/v2\/types\/post"}],"author":[{"embeddable":true,"href":"https:\/\/www.europesays.com\/fr\/wp-json\/wp\/v2\/users\/2"}],"replies":[{"embeddable":true,"href":"https:\/\/www.europesays.com\/fr\/wp-json\/wp\/v2\/comments?post=271062"}],"version-history":[{"count":0,"href":"https:\/\/www.europesays.com\/fr\/wp-json\/wp\/v2\/posts\/271062\/revisions"}],"wp:featuredmedia":[{"embeddable":true,"href":"https:\/\/www.europesays.com\/fr\/wp-json\/wp\/v2\/media\/271063"}],"wp:attachment":[{"href":"https:\/\/www.europesays.com\/fr\/wp-json\/wp\/v2\/media?parent=271062"}],"wp:term":[{"taxonomy":"category","embeddable":true,"href":"https:\/\/www.europesays.com\/fr\/wp-json\/wp\/v2\/categories?post=271062"},{"taxonomy":"post_tag","embeddable":true,"href":"https:\/\/www.europesays.com\/fr\/wp-json\/wp\/v2\/tags?post=271062"}],"curies":[{"name":"wp","href":"https:\/\/api.w.org\/{rel}","templated":true}]}}