{"id":271064,"date":"2025-07-24T18:37:25","date_gmt":"2025-07-24T18:37:25","guid":{"rendered":"https:\/\/www.europesays.com\/fr\/271064\/"},"modified":"2025-07-24T18:37:25","modified_gmt":"2025-07-24T18:37:25","slug":"trois-detenus-dont-lassassin-du-professeur-dominique-bernard-soupconnes-dun-projet-devasion","status":"publish","type":"post","link":"https:\/\/www.europesays.com\/fr\/271064\/","title":{"rendered":"trois d\u00e9tenus, dont l\u2019assassin du professeur Dominique Bernard, soup\u00e7onn\u00e9s d\u2019un projet d\u2019\u00e9vasion"},"content":{"rendered":"<p>Les trois hommes sont d\u00e9tenus \u00e0 la maison d\u2019arr\u00eat de Strasbourg-Elsau, en Alsace.<\/p>\n<p class=\"fig-paragraph\">Trois d\u00e9tenus de la maison d\u2019arr\u00eat de Strasbourg-Elsau, en Alsace, sont soup\u00e7onn\u00e9s d\u2019avoir pr\u00e9par\u00e9 un projet d\u2019\u00e9vasion, a-t-on appris jeudi aupr\u00e8s du parquet. Parmi eux se trouve\u00a0<a href=\"http:\/\/www.lefigaro.fr\/faits-divers\/tchetchene-fiche-s-qui-est-l-ancien-lyceen-d-arras-suspecte-d-avoir-poignarde-a-mort-un-professeur-20231013\" target=\"_blank\" data-fig-type=\"NewsFlash\" rel=\"noopener\" data-gtm-custom-categorie=\"navigation\" data-gtm-custom-action=\"crossclick\" data-gtm-custom-label=\"Contextuel\" data-gtm-event=\"customEventSPE\" data-fig-domain=\"LEFIGARO\">Mohammed Mogouchkov<\/a>, qui a revendiqu\u00e9 l\u2019assassinat du professeur\u00a0<a href=\"http:\/\/www.lefigaro.fr\/actualite-france\/il-a-ete-assassine-parce-qu-il-etait-enseignant-un-an-apres-l-assassinat-de-dominique-bernard-son-epouse-se-confie-20241012\" target=\"_blank\" data-fig-type=\"NewsFlash\" rel=\"noopener\" data-gtm-custom-categorie=\"navigation\" data-gtm-custom-action=\"crossclick\" data-gtm-custom-label=\"Contextuel\" data-gtm-event=\"customEventSPE\" data-fig-domain=\"LEFIGARO\">Dominique Bernard<\/a>\u00a0\u00e0 Arras en 2023, a-t-on appris jeudi aupr\u00e8s du parquet.<\/p>\n<p class=\"fig-paragraph\">Une enqu\u00eate en flagrance pour tentative d\u2019\u00e9vasion a \u00e9t\u00e9 ouverte, a ajout\u00e9 le parquet, confirmant une information du journal Le Parisien. Mohammed Mogouchkov, Valentin Linder, un n\u00e9onazi alsacien, et un troisi\u00e8me homme dont l\u2019identit\u00e9 n\u2019a pas \u00e9t\u00e9 r\u00e9v\u00e9l\u00e9e, ont \u00e9t\u00e9 plac\u00e9s en garde \u00e0 vue. Ils \u00e9taient tous les trois d\u00e9tenus \u00e0 l\u2019isolement.<\/p>\n<p>                                    <a class=\"fig-a11y-skip a11y-hidden\" href=\"#fig-a11y-skip-main-inarticle\"><br \/>\n        Passer la publicit\u00e9<br \/>\n    <\/a><\/p>\n<p>Des d\u00e9gradations sur les portes et une lame de scie d\u00e9couvertes dans les cellules<\/p>\n<p class=\"fig-paragraph\">Les faits sont \u00e0 ce stade encore assez flou, a soulign\u00e9 une porte-parole du parquet. Un technicien venu faire des travaux dans la maison d\u2019arr\u00eat a d\u00e9couvert des d\u00e9gradations sur des portes en d\u00e9but de semaine. Lors des fouilles des cellules des trois hommes, une lame de scie a notamment \u00e9t\u00e9 d\u00e9couverte.<\/p>\n<p class=\"fig-paragraph\">Mohammed Mogouchkov, jeune Russe alors \u00e2g\u00e9 de 20 ans, a tu\u00e9 de plusieurs coups de couteau Dominique Bernard, un professeur agr\u00e9g\u00e9 de lettres de 57 ans enseignant \u00e0 Arras (Pas-de-Calais), le 13 octobre 2023. Il avait pr\u00eat\u00e9 all\u00e9geance au groupe \u00c9tat islamique et n\u2019a pas encore \u00e9t\u00e9 jug\u00e9 pour ces faits.<\/p>\n<p class=\"fig-paragraph\">De son c\u00f4t\u00e9, Valentin Linder, ancien pr\u00e9sident du groupuscule d\u2019ultra-droite \u00ab<a href=\"http:\/\/www.lefigaro.fr\/flash-actu\/la-dissolution-du-mouvement-d-ultradroite-bastion-social-prononcee-20190424\" target=\"_blank\" data-fig-type=\"NewsFlash\" rel=\"noopener\" data-gtm-custom-categorie=\"navigation\" data-gtm-custom-action=\"crossclick\" data-gtm-custom-label=\"Contextuel\" data-gtm-event=\"customEventSPE\" data-fig-domain=\"LEFIGARO\">Bastion social<\/a> \u00bb, a \u00e9t\u00e9 condamn\u00e9 en avril \u00e0 trois ans de prison pour avoir commandit\u00e9 un guet-apens contre son ex-beau-fr\u00e8re. Il est \u00e2g\u00e9 d\u2019une trentaine d\u2019ann\u00e9es.<\/p>\n<p class=\"fig-paragraph\">Le troisi\u00e8me homme est lui connu pour des faits de criminalit\u00e9 organis\u00e9e, selon le parquet.<\/p>\n","protected":false},"excerpt":{"rendered":"Les trois hommes sont d\u00e9tenus \u00e0 la maison d\u2019arr\u00eat de Strasbourg-Elsau, en Alsace. Trois d\u00e9tenus de la maison&hellip;\n","protected":false},"author":2,"featured_media":271065,"comment_status":"","ping_status":"","sticky":false,"template":"","format":"standard","meta":{"footnotes":""},"categories":[2820],"tags":[1111,11,2389,1777,674,3727,1011,27,775,12,806,25,640],"class_list":{"0":"post-271064","1":"post","2":"type-post","3":"status-publish","4":"format-standard","5":"has-post-thumbnail","7":"category-strasbourg","8":"tag-actu","9":"tag-actualites","10":"tag-alsace","11":"tag-eu","12":"tag-europe","13":"tag-evasion","14":"tag-fr","15":"tag-france","16":"tag-grand-est","17":"tag-news","18":"tag-prison","19":"tag-republique-francaise","20":"tag-strasbourg"},"share_on_mastodon":{"url":"https:\/\/pubeurope.com\/@fr\/114909665223200764","error":""},"_links":{"self":[{"href":"https:\/\/www.europesays.com\/fr\/wp-json\/wp\/v2\/posts\/271064","targetHints":{"allow":["GET"]}}],"collection":[{"href":"https:\/\/www.europesays.com\/fr\/wp-json\/wp\/v2\/posts"}],"about":[{"href":"https:\/\/www.europesays.com\/fr\/wp-json\/wp\/v2\/types\/post"}],"author":[{"embeddable":true,"href":"https:\/\/www.europesays.com\/fr\/wp-json\/wp\/v2\/users\/2"}],"replies":[{"embeddable":true,"href":"https:\/\/www.europesays.com\/fr\/wp-json\/wp\/v2\/comments?post=271064"}],"version-history":[{"count":0,"href":"https:\/\/www.europesays.com\/fr\/wp-json\/wp\/v2\/posts\/271064\/revisions"}],"wp:featuredmedia":[{"embeddable":true,"href":"https:\/\/www.europesays.com\/fr\/wp-json\/wp\/v2\/media\/271065"}],"wp:attachment":[{"href":"https:\/\/www.europesays.com\/fr\/wp-json\/wp\/v2\/media?parent=271064"}],"wp:term":[{"taxonomy":"category","embeddable":true,"href":"https:\/\/www.europesays.com\/fr\/wp-json\/wp\/v2\/categories?post=271064"},{"taxonomy":"post_tag","embeddable":true,"href":"https:\/\/www.europesays.com\/fr\/wp-json\/wp\/v2\/tags?post=271064"}],"curies":[{"name":"wp","href":"https:\/\/api.w.org\/{rel}","templated":true}]}}