{"id":27107,"date":"2025-04-15T17:44:10","date_gmt":"2025-04-15T17:44:10","guid":{"rendered":"https:\/\/www.europesays.com\/fr\/27107\/"},"modified":"2025-04-15T17:44:10","modified_gmt":"2025-04-15T17:44:10","slug":"trois-voleurs-grimpent-au-1er-etage-et-tombent-nez-a-nez-avec-leur-victime","status":"publish","type":"post","link":"https:\/\/www.europesays.com\/fr\/27107\/","title":{"rendered":"trois voleurs grimpent au 1er \u00e9tage et tombent nez \u00e0 nez avec leur victime"},"content":{"rendered":"<p>            Par<br \/>\n        <strong><br \/>\n            <a href=\"https:\/\/actu.fr\/auteur\/laure-gentil\" title=\"Consulter tous les articles de Laure Gentil\" rel=\"nofollow noopener\" target=\"_blank\">Laure Gentil<\/a><br \/>\n        <\/strong><\/p>\n<p>        Publi\u00e9 le<\/p>\n<p>            15 avr. 2025 \u00e0 17h52        <\/p>\n<p>Un cambriolage a eu lieu ce mardi 15\u00a0avril vers 3h du matin dans le quartier de l\u2019\u00c9raudi\u00e8re \u00e0 <strong>Nantes<\/strong>.<\/p>\n<p class=\" wall-content\">La victime a surpris trois individus dans son appartement, situ\u00e9 au premier \u00e9tage d\u2019un immeuble d\u2019habitation.<\/p>\n<p>Des bijoux disparus<\/p>\n<p class=\" wall-content\">Selon une source polici\u00e8re, les voleurs ont grimp\u00e9 pour s\u2019introduire dans l\u2019appartement <strong>gr\u00e2ce \u00e0 une baie vitr\u00e9e laiss\u00e9e ouverte<\/strong>.<\/p>\n<p class=\" wall-content\">La victime dormait lorsqu\u2019elle a entendu des bruits r\u00e9v\u00e9lant la pr\u00e9sence des cambrioleurs. Ces derniers ont \u00e9t\u00e9 mis en fuite. Des bijoux ont toutefois disparu.<\/p>\n<p class=\" wall-content\">La police de Nantes rappelle que \u00ab\u2009quel que soit l\u2019\u00e9tage, il faut verrouiller les vitres et les portes\u2009\u00bb.<\/p>\n<p>Vid\u00e9os : en ce moment sur Actu<\/p>\n<p class=\" wall-content\">Suivez toute l\u2019actualit\u00e9 de vos villes et m\u00e9dias favoris en vous inscrivant \u00e0 <a href=\"https:\/\/moncompte.actu.fr\" title=\"D\u00e9couvez Mon Actu\" rel=\"nofollow noopener\" data-trk=\"{&quot;cta&quot;:{&quot;action&quot;:&quot;https:\\\/\\\/moncompte.actu.fr&quot;,&quot;category&quot;:&quot;mon compte&quot;,&quot;from&quot;:&quot;article footer&quot;,&quot;name&quot;:&quot;Mon actu&quot;,&quot;type&quot;:&quot;cta&quot;}}\" target=\"_blank\">Mon Actu<\/a>.<\/p>\n","protected":false},"excerpt":{"rendered":"Par Laure Gentil Publi\u00e9 le 15 avr. 2025 \u00e0 17h52 Un cambriolage a eu lieu ce mardi 15\u00a0avril&hellip;\n","protected":false},"author":2,"featured_media":27108,"comment_status":"","ping_status":"","sticky":false,"template":"","format":"standard","meta":{"footnotes":""},"categories":[2818],"tags":[1111,11,1174,1777,674,118,1011,27,766,12,2636,1072,25],"class_list":{"0":"post-27107","1":"post","2":"type-post","3":"status-publish","4":"format-standard","5":"has-post-thumbnail","7":"category-nantes","8":"tag-actu","9":"tag-actualites","10":"tag-cambriolage","11":"tag-eu","12":"tag-europe","13":"tag-faits-divers","14":"tag-fr","15":"tag-france","16":"tag-nantes","17":"tag-news","18":"tag-pays-de-la-loire","19":"tag-police","20":"tag-republique-francaise"},"share_on_mastodon":{"url":"https:\/\/pubeurope.com\/@fr\/114343225920008342","error":""},"_links":{"self":[{"href":"https:\/\/www.europesays.com\/fr\/wp-json\/wp\/v2\/posts\/27107","targetHints":{"allow":["GET"]}}],"collection":[{"href":"https:\/\/www.europesays.com\/fr\/wp-json\/wp\/v2\/posts"}],"about":[{"href":"https:\/\/www.europesays.com\/fr\/wp-json\/wp\/v2\/types\/post"}],"author":[{"embeddable":true,"href":"https:\/\/www.europesays.com\/fr\/wp-json\/wp\/v2\/users\/2"}],"replies":[{"embeddable":true,"href":"https:\/\/www.europesays.com\/fr\/wp-json\/wp\/v2\/comments?post=27107"}],"version-history":[{"count":0,"href":"https:\/\/www.europesays.com\/fr\/wp-json\/wp\/v2\/posts\/27107\/revisions"}],"wp:featuredmedia":[{"embeddable":true,"href":"https:\/\/www.europesays.com\/fr\/wp-json\/wp\/v2\/media\/27108"}],"wp:attachment":[{"href":"https:\/\/www.europesays.com\/fr\/wp-json\/wp\/v2\/media?parent=27107"}],"wp:term":[{"taxonomy":"category","embeddable":true,"href":"https:\/\/www.europesays.com\/fr\/wp-json\/wp\/v2\/categories?post=27107"},{"taxonomy":"post_tag","embeddable":true,"href":"https:\/\/www.europesays.com\/fr\/wp-json\/wp\/v2\/tags?post=27107"}],"curies":[{"name":"wp","href":"https:\/\/api.w.org\/{rel}","templated":true}]}}