{"id":271075,"date":"2025-07-24T18:45:11","date_gmt":"2025-07-24T18:45:11","guid":{"rendered":"https:\/\/www.europesays.com\/fr\/271075\/"},"modified":"2025-07-24T18:45:11","modified_gmt":"2025-07-24T18:45:11","slug":"pourquoi-le-prefet-degaine-les-drones-dans-ces-trois-communes-proches-de-toulouse","status":"publish","type":"post","link":"https:\/\/www.europesays.com\/fr\/271075\/","title":{"rendered":"Pourquoi le pr\u00e9fet d\u00e9gaine les drones dans ces trois communes proches de Toulouse\u00a0?"},"content":{"rendered":"<p>            Par<br \/>\n        <strong><br \/>\n            <a href=\"https:\/\/actu.fr\/auteur\/mareva-laville-actu-fr\" title=\"Consulter tous les articles de Mar\u00e9va Laville\" target=\"_blank\" rel=\"noopener\">Mar\u00e9va Laville<\/a><br \/>\n        <\/strong><\/p>\n<p>        Publi\u00e9 le<\/p>\n<p>            24 juil. 2025 \u00e0 19h02        <\/p>\n<p>Avec <a href=\"https:\/\/actu.fr\/tag\/autoroute-castres-toulouse-a69\" target=\"_blank\" rel=\"noopener\">l\u2019autoroute A69 Toulouse-Castres,<\/a> c\u2019est l\u2019autre sujet \u00e9pineux de l\u2019agglom\u00e9ration\u2009: la <a href=\"https:\/\/actu.fr\/tag\/lgv-bordeaux-toulouse\" target=\"_blank\" rel=\"noopener\"><strong>LGV Bordeaux-Toulouse<\/strong><\/a>. Alors qu\u2019au nord de Toulouse, le chantier des <a href=\"https:\/\/actu.fr\/occitanie\/lespinasse_31293\/lgv-bordeaux-toulouse-voici-les-premiers-amenagements-de-la-sncf-qui-ouvrent-la-voie-a-l-arrivee-du-tgv_61994943.html\" target=\"_blank\" rel=\"noopener\">am\u00e9nagements ferroviaires du nord-toulousain<\/a> avance bien, la contestation ne faiblit pas.<\/p>\n<p class=\" wall-content\">\u00ab\u2009Les travaux de la ligne ferroviaire \u00e0 grande vitesse suscitent une forte opposition militante sur les lieux du chantier\u2009\u00bb, explique le <strong>pr\u00e9fet de la Haute-Garonne Pierre-Andr\u00e9 Durand,<\/strong> qui relate notamment bon nombre de \u00ab\u2009troubles \u00e0 l\u2019ordre public, d\u2019atteintes verbales et physiques aux personnes, d\u2019actions d\u2019occupations ill\u00e9gales de terrains, de d\u00e9gradations, sabotages et d\u2019incendies de mat\u00e9riels destin\u00e9s \u00e0 la r\u00e9alisation des op\u00e9rations d\u2019am\u00e9nagements de cette ligne\u2009\u00bb.<\/p>\n<p>Un rassemblement non-d\u00e9clar\u00e9 annonc\u00e9 sur les r\u00e9seaux sociaux<\/p>\n<p class=\" wall-content\">Un nouveau <strong>rassemblement revendicatif<\/strong> est annonc\u00e9 sur les r\u00e9seaux sociaux pour ce week-end, samedi\u00a026 et dimanche 27\u00a0juillet 2025, sur un<strong> terrain priv\u00e9 appartenant \u00e0 la SNCF<\/strong> (sans son accord). Ce rassemblement pourrait donc se tenir dans l\u2019une des trois communes faisant l\u2019objet des AFNT\u2009: Saint-Jory, Castelnau-d\u2019Estr\u00e9tefonds et<br \/>Grenade.<\/p>\n<p>Interdiction de manifester et d\u00e9ploiement de drones<\/p>\n<p class=\" wall-content\">Ainsi, pour \u00ab\u2009pr\u00e9venir le risque de troubles \u00e0 l\u2019ordre public\u2009\u00bb sur le chantier des am\u00e9nagements du nord toulousain, et \u00ab\u2009pr\u00e9venir d\u2019occupations ill\u00e9gales de terrain\u2009\u00bb, la pr\u00e9fecture de Haute-Garonne a pris un <strong>arr\u00eat\u00e9 interdisant les manifestations,<\/strong> attroupements ou rassemblements revendicatifs non-d\u00e9clar\u00e9s, entre vendredi 25\u00a0juillet 2025 8\u00a0heures, et lundi 28\u00a0juillet 2025 8\u00a0heures.<\/p>\n<p class=\" wall-content\">Pour faire respecter cette interdiction, le pr\u00e9fet de Haute-Garonne a par ailleurs autoris\u00e9 le <strong>d\u00e9ploiement de drones<\/strong> pour capturer, enregistrer et transmettre des images aux forces de l\u2019ordre.<\/p>\n<p>Vid\u00e9os : en ce moment sur ActuTrois communes cibl\u00e9es<\/p>\n<p class=\" wall-content\">Les drones pourront \u00eatre d\u00e9ploy\u00e9s dans une zone comprise sur les communes de <strong>Saint-Jory,<\/strong> de <strong>Castelnau-d\u2019Estr\u00e9tefonds<\/strong> et de <strong>Grenade<\/strong>, d\u00e9limit\u00e9e par la rivi\u00e8re l\u2019Hers au Nord, par la M820 et le pont de l\u2019Hers jusqu\u2019\u00e0 la D20.<\/p>\n<p class=\" wall-content\">\u00ab\u00a0Les forces de s\u00e9curit\u00e9 pourront ainsi b\u00e9n\u00e9ficier d\u2019une vision grand-angle afin de pouvoir<br \/>identifier et pr\u00e9venir rapidement les risques de troubles \u00e0 l\u2019ordre public et d\u2019atteintes \u00e0<br \/>la s\u00e9curit\u00e9 des personnes et des biens, tout en limitant l\u2019exposition des forces au sol\u00a0\u00bb, indique la pr\u00e9fecture.<\/p>\n<p class=\" wall-content\">Suivez toute l\u2019actualit\u00e9 de vos villes et m\u00e9dias favoris en vous inscrivant \u00e0 <a href=\"https:\/\/moncompte.actu.fr\" title=\"D\u00e9couvez Mon Actu\" rel=\"nofollow noopener\" data-trk=\"{&quot;cta&quot;:{&quot;action&quot;:&quot;https:\\\/\\\/moncompte.actu.fr&quot;,&quot;category&quot;:&quot;mon compte&quot;,&quot;from&quot;:&quot;article footer&quot;,&quot;name&quot;:&quot;Mon actu&quot;,&quot;type&quot;:&quot;cta&quot;}}\" target=\"_blank\">Mon Actu<\/a>.<\/p>\n<ul class=\"ac-article-tag wall-content\">\n<li><a href=\"https:\/\/actu.fr\/tag\/lgv-bordeaux-toulouse\" data-trk=\"{&quot;cta&quot;:{&quot;action&quot;:&quot;LGV Bordeaux-Toulouse&quot;,&quot;category&quot;:&quot;tag&quot;,&quot;from&quot;:&quot;article footer&quot;,&quot;name&quot;:&quot;LGV Bordeaux-Toulouse&quot;,&quot;type&quot;:&quot;cta&quot;}}\" target=\"_blank\" rel=\"noopener\">#LGV Bordeaux-Toulouse<\/a><\/li>\n<li><a href=\"https:\/\/actu.fr\/tag\/sncf\" data-trk=\"{&quot;cta&quot;:{&quot;action&quot;:&quot;SNCF&quot;,&quot;category&quot;:&quot;tag&quot;,&quot;from&quot;:&quot;article footer&quot;,&quot;name&quot;:&quot;SNCF&quot;,&quot;type&quot;:&quot;cta&quot;}}\" target=\"_blank\" rel=\"noopener\">#SNCF<\/a><\/li>\n<\/ul>\n","protected":false},"excerpt":{"rendered":"Par Mar\u00e9va Laville Publi\u00e9 le 24 juil. 2025 \u00e0 19h02 Avec l\u2019autoroute A69 Toulouse-Castres, c\u2019est l\u2019autre sujet \u00e9pineux&hellip;\n","protected":false},"author":2,"featured_media":271076,"comment_status":"","ping_status":"","sticky":false,"template":"","format":"standard","meta":{"footnotes":""},"categories":[2816],"tags":[1111,11,1777,674,118,1011,27,6200,12,2680,25,2215,2312],"class_list":{"0":"post-271075","1":"post","2":"type-post","3":"status-publish","4":"format-standard","5":"has-post-thumbnail","7":"category-toulouse","8":"tag-actu","9":"tag-actualites","10":"tag-eu","11":"tag-europe","12":"tag-faits-divers","13":"tag-fr","14":"tag-france","15":"tag-lgv-bordeaux-toulouse","16":"tag-news","17":"tag-occitanie","18":"tag-republique-francaise","19":"tag-sncf","20":"tag-toulouse"},"share_on_mastodon":{"url":"https:\/\/pubeurope.com\/@fr\/114909696783434106","error":""},"_links":{"self":[{"href":"https:\/\/www.europesays.com\/fr\/wp-json\/wp\/v2\/posts\/271075","targetHints":{"allow":["GET"]}}],"collection":[{"href":"https:\/\/www.europesays.com\/fr\/wp-json\/wp\/v2\/posts"}],"about":[{"href":"https:\/\/www.europesays.com\/fr\/wp-json\/wp\/v2\/types\/post"}],"author":[{"embeddable":true,"href":"https:\/\/www.europesays.com\/fr\/wp-json\/wp\/v2\/users\/2"}],"replies":[{"embeddable":true,"href":"https:\/\/www.europesays.com\/fr\/wp-json\/wp\/v2\/comments?post=271075"}],"version-history":[{"count":0,"href":"https:\/\/www.europesays.com\/fr\/wp-json\/wp\/v2\/posts\/271075\/revisions"}],"wp:featuredmedia":[{"embeddable":true,"href":"https:\/\/www.europesays.com\/fr\/wp-json\/wp\/v2\/media\/271076"}],"wp:attachment":[{"href":"https:\/\/www.europesays.com\/fr\/wp-json\/wp\/v2\/media?parent=271075"}],"wp:term":[{"taxonomy":"category","embeddable":true,"href":"https:\/\/www.europesays.com\/fr\/wp-json\/wp\/v2\/categories?post=271075"},{"taxonomy":"post_tag","embeddable":true,"href":"https:\/\/www.europesays.com\/fr\/wp-json\/wp\/v2\/tags?post=271075"}],"curies":[{"name":"wp","href":"https:\/\/api.w.org\/{rel}","templated":true}]}}