{"id":271079,"date":"2025-07-24T18:47:14","date_gmt":"2025-07-24T18:47:14","guid":{"rendered":"https:\/\/www.europesays.com\/fr\/271079\/"},"modified":"2025-07-24T18:47:14","modified_gmt":"2025-07-24T18:47:14","slug":"lille3000-fiesta-du-04-au-30-aout-2025-le-centre-commercial-westfield-euralille-accueillera-une-oeuvre-immersive-melant-peinture-video-mapping-musique-et-chant-lyrique","status":"publish","type":"post","link":"https:\/\/www.europesays.com\/fr\/271079\/","title":{"rendered":"[lille3000 &#8211; Fiesta] Du 04 au 30 ao\u00fbt 2025, le Centre Commercial Westfield Euralille accueillera une oeuvre immersive m\u00ealant peinture, vid\u00e9o mapping, musique et chant lyrique"},"content":{"rendered":"<p style=\"text-align: justify;\">\u00c0 l\u2019occasion de<strong> Fiesta, <\/strong>la <strong>nouvelle \u00e9dition <\/strong>de <strong>lille3000<\/strong> plac\u00e9e sous le <strong>signe de la f\u00eate,<\/strong> de <strong>l\u2019imaginaire<\/strong> et du <strong>dialogue entre les cultures, Westfield Euralille, fournisseur officiel de l\u2019\u00e9v\u00e9nement, <\/strong>accueille<strong> l\u2019installation artistique<\/strong> <strong>Les Toiles anim\u00e9es : \u00ab Dans les mains de S\u00e9raphine \u00bb <\/strong>du <strong>04 au 30 ao\u00fbt 2025.<\/strong> <strong>Une \u0153uvre immersive <\/strong>m\u00ealant <strong>peinture, vid\u00e9o mapping, musique<\/strong> et <strong>chant lyrique,<\/strong> <strong>accessible gratuitement<\/strong> <strong>au c\u0153ur du centre, <\/strong>pour offrir \u00e0 tous <strong>une exp\u00e9rience po\u00e9tique et sensorielle.<\/strong><\/p>\n<p style=\"text-align: justify;\"><strong>Une \u0153uvre sensible et immersive sign\u00e9e Les Rencontres Audiovisuelles<\/strong><br \/><strong>L\u2019installation Les Toiles anim\u00e9es \u00ab Dans les mains de S\u00e9raphine \u00bb,<\/strong> con\u00e7ue par <strong>Susie-Lou Chetcuti <\/strong>et produite par <strong>Les Rencontres Audiovisuelles,<\/strong> <strong>rend hommage \u00e0 l\u2019univers brut<\/strong> et <strong>flamboyant de S\u00e9raphine de Senlis, artiste embl\u00e9matique de l\u2019art na\u00eff.<\/strong> <strong>Trois tableaux :<\/strong> Les Grandes marguerites, L\u2019Arbre de Vie et L\u2019Arbre de Paradis, sont ici <strong>projet\u00e9s<\/strong> et <strong>anim\u00e9s<\/strong> gr\u00e2ce aux <strong>technologies du vid\u00e9o mapping.<\/strong> Une <strong>voix lyrique, <\/strong>des<strong> effets visuels soign\u00e9s,<\/strong> une<strong> musique originale<\/strong> sign\u00e9e <strong>G\u00e9raldine Kwik : <\/strong>tous les ingr\u00e9dients sont r\u00e9unis pour <strong>une immersion artistique <\/strong>au croisement de <strong>l\u2019art pictural <\/strong>et <strong>num\u00e9rique.<\/strong><\/p>\n<p><strong>Infos pratiques<\/strong><br \/><strong><img loading=\"lazy\" decoding=\"async\" class=\"size-full wp-image-45 lazyloaded tie-appear\" src=\"https:\/\/www.europesays.com\/fr\/wp-content\/uploads\/2025\/04\/arrow.png\" alt=\"\" width=\"9\" height=\"9\" data-lazy-src=\"https:\/\/www.europesays.com\/fr\/wp-content\/uploads\/2025\/04\/arrow.png\"\/><\/strong> <strong>Westfield Euralille \u2013 Cellule au rez-de-chauss\u00e9e<\/strong><br \/>100, avenue Willy Brandt \u2013 Lille<\/p>\n<p><strong><img loading=\"lazy\" decoding=\"async\" class=\"size-full wp-image-45 lazyloaded tie-appear\" src=\"https:\/\/www.europesays.com\/fr\/wp-content\/uploads\/2025\/04\/arrow.png\" alt=\"\" width=\"9\" height=\"9\" data-lazy-src=\"https:\/\/www.europesays.com\/fr\/wp-content\/uploads\/2025\/04\/arrow.png\"\/> Dates : <\/strong>04 au 30 ao\u00fbt 2025<\/p>\n<p><strong><img loading=\"lazy\" decoding=\"async\" class=\"size-full wp-image-45 lazyloaded tie-appear\" src=\"https:\/\/www.europesays.com\/fr\/wp-content\/uploads\/2025\/04\/arrow.png\" alt=\"\" width=\"9\" height=\"9\" data-lazy-src=\"https:\/\/www.europesays.com\/fr\/wp-content\/uploads\/2025\/04\/arrow.png\"\/> Horaires :<\/strong><br \/>\u2013 lundi au vendredi de 11h \u00e0 19h<\/p>\n<p><strong><img loading=\"lazy\" decoding=\"async\" class=\"size-full wp-image-45 lazyloaded tie-appear\" src=\"https:\/\/www.europesays.com\/fr\/wp-content\/uploads\/2025\/04\/arrow.png\" alt=\"\" width=\"9\" height=\"9\" data-lazy-src=\"https:\/\/www.europesays.com\/fr\/wp-content\/uploads\/2025\/04\/arrow.png\"\/> Tarif : <\/strong>gratuit<\/p>\n<p><strong><b><img loading=\"lazy\" decoding=\"async\" class=\"size-full wp-image-45 lazyloaded tie-appear\" src=\"https:\/\/www.europesays.com\/fr\/wp-content\/uploads\/2025\/04\/1743937991_452_arrow.png\" alt=\"\" width=\"9\" height=\"9\" data-lazy-src=\"https:\/\/www.europesays.com\/fr\/wp-content\/uploads\/2025\/04\/1743937991_452_arrow.png\"\/><\/b><\/strong> <a href=\"https:\/\/www.zoomsurlille.fr\/tag\/fiesta\" target=\"_blank\" rel=\"noreferrer noopener nofollow\">D\u00e9couvrez nos articles sur FIESTA<\/a><\/p>\n<p class=\"has-text-align-right\">Source : Westfield Euralille \/ Photo : \u00a9 Archive Zoom Sur Lille<\/p>\n","protected":false},"excerpt":{"rendered":"\u00c0 l\u2019occasion de Fiesta, la nouvelle \u00e9dition de lille3000 plac\u00e9e sous le signe de la f\u00eate, de l\u2019imaginaire&hellip;\n","protected":false},"author":2,"featured_media":271080,"comment_status":"","ping_status":"","sticky":false,"template":"","format":"standard","meta":{"footnotes":""},"categories":[2815],"tags":[1111,11,41037,1777,674,3274,1011,27,811,41038,41039,1307,3276,34991,12,25,41040,24206],"class_list":{"0":"post-271079","1":"post","2":"type-post","3":"status-publish","4":"format-standard","5":"has-post-thumbnail","7":"category-lille","8":"tag-actu","9":"tag-actualites","10":"tag-dans-les-mains-de-seraphine","11":"tag-eu","12":"tag-europe","13":"tag-fiesta","14":"tag-fr","15":"tag-france","16":"tag-hauts-de-france","17":"tag-les-rencontres-audiovisuelles","18":"tag-les-toiles-animees","19":"tag-lille","20":"tag-lille3000","21":"tag-mapping","22":"tag-news","23":"tag-republique-francaise","24":"tag-susie-lou-chetcuti","25":"tag-westfield-euralille"},"share_on_mastodon":{"url":"https:\/\/pubeurope.com\/@fr\/114909704752334535","error":""},"_links":{"self":[{"href":"https:\/\/www.europesays.com\/fr\/wp-json\/wp\/v2\/posts\/271079","targetHints":{"allow":["GET"]}}],"collection":[{"href":"https:\/\/www.europesays.com\/fr\/wp-json\/wp\/v2\/posts"}],"about":[{"href":"https:\/\/www.europesays.com\/fr\/wp-json\/wp\/v2\/types\/post"}],"author":[{"embeddable":true,"href":"https:\/\/www.europesays.com\/fr\/wp-json\/wp\/v2\/users\/2"}],"replies":[{"embeddable":true,"href":"https:\/\/www.europesays.com\/fr\/wp-json\/wp\/v2\/comments?post=271079"}],"version-history":[{"count":0,"href":"https:\/\/www.europesays.com\/fr\/wp-json\/wp\/v2\/posts\/271079\/revisions"}],"wp:featuredmedia":[{"embeddable":true,"href":"https:\/\/www.europesays.com\/fr\/wp-json\/wp\/v2\/media\/271080"}],"wp:attachment":[{"href":"https:\/\/www.europesays.com\/fr\/wp-json\/wp\/v2\/media?parent=271079"}],"wp:term":[{"taxonomy":"category","embeddable":true,"href":"https:\/\/www.europesays.com\/fr\/wp-json\/wp\/v2\/categories?post=271079"},{"taxonomy":"post_tag","embeddable":true,"href":"https:\/\/www.europesays.com\/fr\/wp-json\/wp\/v2\/tags?post=271079"}],"curies":[{"name":"wp","href":"https:\/\/api.w.org\/{rel}","templated":true}]}}