{"id":271083,"date":"2025-07-24T18:49:10","date_gmt":"2025-07-24T18:49:10","guid":{"rendered":"https:\/\/www.europesays.com\/fr\/271083\/"},"modified":"2025-07-24T18:49:10","modified_gmt":"2025-07-24T18:49:10","slug":"un-homme-mortellement-poignarde-par-lex-de-sa-compagne","status":"publish","type":"post","link":"https:\/\/www.europesays.com\/fr\/271083\/","title":{"rendered":"un homme mortellement poignard\u00e9 par l&rsquo;ex de sa compagne"},"content":{"rendered":"<p>Dans la nuit de mercredi \u00e0 jeudi 24 juillet, un homme de quarante ans a \u00e9t\u00e9 victime de coups de couteau et a succomb\u00e9 \u00e0 ses blessures \u00e0 l\u2019h\u00f4pital de La Timone, \u00e0 Marseille, a appris <a href=\"https:\/\/www.laprovence.com\/\" target=\"_blank\" rel=\"noopener\">La Provence<\/a>, de sources polici\u00e8res. D\u2019apr\u00e8s les premiers \u00e9l\u00e9ments de l\u2019enqu\u00eate, la victime \u00e9tait en couple avec une femme, dont l\u2019ancien compagnon ne supportait pas cette nouvelle relation.<\/p>\n<p>Souhaitant vraisemblablement se confronter \u00e0 celui qu\u2019il consid\u00e9rait comme son rival, l\u2019auteur des coups de couteau l\u2019a mortellement atteint au thorax, peu apr\u00e8s minuit. Rapidement pris en charge par les services de secours et transport\u00e9 \u00e0 l\u2019h\u00f4pital de La Timone, l\u2019homme est d\u00e9c\u00e9d\u00e9 dans la nuit.<\/p>\n<p>Apr\u00e8s avoir pris la fuite, son agresseur, \u00e9galement \u00e2g\u00e9 d\u2019une quarantaine d\u2019ann\u00e9es, s\u2019est rendu au commissariat de Noailles pour s\u2019y constituer prisonnier. Il a \u00e9t\u00e9 plac\u00e9 en garde \u00e0 vue.<\/p>\n","protected":false},"excerpt":{"rendered":"Dans la nuit de mercredi \u00e0 jeudi 24 juillet, un homme de quarante ans a \u00e9t\u00e9 victime de&hellip;\n","protected":false},"author":2,"featured_media":271084,"comment_status":"","ping_status":"","sticky":false,"template":"","format":"standard","meta":{"footnotes":""},"categories":[2814],"tags":[17,1111,11,1102,16152,1777,674,274,1011,27,4933,41042,884,41041,12,5912,13659,882,25],"class_list":{"0":"post-271083","1":"post","2":"type-post","3":"status-publish","4":"format-standard","5":"has-post-thumbnail","7":"category-marseille","8":"tag-17","9":"tag-actu","10":"tag-actualites","11":"tag-breakingnews","12":"tag-compagne","13":"tag-eu","14":"tag-europe","15":"tag-faits-divers-justice","16":"tag-fr","17":"tag-france","18":"tag-homme","19":"tag-lex","20":"tag-marseille","21":"tag-mortellement","22":"tag-news","23":"tag-par","24":"tag-poignarde","25":"tag-provence-alpes-cote-dazur","26":"tag-republique-francaise"},"share_on_mastodon":{"url":"https:\/\/pubeurope.com\/@fr\/114909712519677109","error":""},"_links":{"self":[{"href":"https:\/\/www.europesays.com\/fr\/wp-json\/wp\/v2\/posts\/271083","targetHints":{"allow":["GET"]}}],"collection":[{"href":"https:\/\/www.europesays.com\/fr\/wp-json\/wp\/v2\/posts"}],"about":[{"href":"https:\/\/www.europesays.com\/fr\/wp-json\/wp\/v2\/types\/post"}],"author":[{"embeddable":true,"href":"https:\/\/www.europesays.com\/fr\/wp-json\/wp\/v2\/users\/2"}],"replies":[{"embeddable":true,"href":"https:\/\/www.europesays.com\/fr\/wp-json\/wp\/v2\/comments?post=271083"}],"version-history":[{"count":0,"href":"https:\/\/www.europesays.com\/fr\/wp-json\/wp\/v2\/posts\/271083\/revisions"}],"wp:featuredmedia":[{"embeddable":true,"href":"https:\/\/www.europesays.com\/fr\/wp-json\/wp\/v2\/media\/271084"}],"wp:attachment":[{"href":"https:\/\/www.europesays.com\/fr\/wp-json\/wp\/v2\/media?parent=271083"}],"wp:term":[{"taxonomy":"category","embeddable":true,"href":"https:\/\/www.europesays.com\/fr\/wp-json\/wp\/v2\/categories?post=271083"},{"taxonomy":"post_tag","embeddable":true,"href":"https:\/\/www.europesays.com\/fr\/wp-json\/wp\/v2\/tags?post=271083"}],"curies":[{"name":"wp","href":"https:\/\/api.w.org\/{rel}","templated":true}]}}