{"id":271085,"date":"2025-07-24T18:50:15","date_gmt":"2025-07-24T18:50:15","guid":{"rendered":"https:\/\/www.europesays.com\/fr\/271085\/"},"modified":"2025-07-24T18:50:15","modified_gmt":"2025-07-24T18:50:15","slug":"le-marseille-jazz-des-cinq-continents-continue-degrener-des-concerts-gratuits-sur-le-territoire","status":"publish","type":"post","link":"https:\/\/www.europesays.com\/fr\/271085\/","title":{"rendered":"Le Marseille Jazz des Cinq continents continue d\u2019\u00e9grener des concerts gratuits sur le territoire"},"content":{"rendered":"<p>La 25e \u00e9dition du Marseille Jazz des Cinq Continents s\u2019est termin\u00e9e sur une f\u00eate, le dimanche 13\u00a0juillet, du c\u00f4t\u00e9 du th\u00e9\u00e2tre Silvain \u00e0 Marseille. Un \u00e9crin proche de la mer pour chalouper sur le jazz cr\u00e9ole de <a href=\"https:\/\/www.laprovence.com\/article\/culture-loisirs\/5286516414985\/jocelyne-beroard-et-tony-chasseur-sur-leur-31-en-cloture-du-festival-marseille-jazz-des-cinq-continents\" target=\"_blank\" rel=\"noopener\">Jocelyne B\u00e9roard, la chanteuse du mythique groupe antillais Kassav, et de Tony Chasseur, musicien martiniquais qui a notamment donn\u00e9 sa voix au groupe Malavoi<\/a>. Une ambiance joyeuse et tropicale pour refermer une \u00e9dition anniversaire marqu\u00e9e par un \u00e9v\u00e9nement capsule, cr\u00e9\u00e9 sp\u00e9cialement pour l\u2019occasion, le <a href=\"https:\/\/www.laprovence.com\/article\/culture-loisirs\/8013539972606214\/ici-jazz-fest-25-concerts-gratuits-dans-25-lieux-pour-les-25-ans-du-marseille-jazz-des-cinq-continents\" target=\"_blank\" rel=\"noopener\">Ici Jazz Fest : soit 25 concerts dans 25 lieux, durant cinq jours \u00e0 la fin du mois de mai<\/a>. Mais le festival c\u2019est aussi un \u00ab\u00a0parcours m\u00e9tropolitain\u00a0\u00bb, qui conna\u00eet certes son apog\u00e9e pendant l\u2019\u00e9t\u00e9, mais qui s\u2019arpente aussi pendant l\u2019ann\u00e9e.<\/p>\n","protected":false},"excerpt":{"rendered":"La 25e \u00e9dition du Marseille Jazz des Cinq Continents s\u2019est termin\u00e9e sur une f\u00eate, le dimanche 13\u00a0juillet, du&hellip;\n","protected":false},"author":2,"featured_media":271086,"comment_status":"","ping_status":"","sticky":false,"template":"","format":"standard","meta":{"footnotes":""},"categories":[2814],"tags":[17,1111,11,3216,32635,33487,251,41043,154,1777,674,1011,27,6910,884,12,882,25],"class_list":{"0":"post-271085","1":"post","2":"type-post","3":"status-publish","4":"format-standard","5":"has-post-thumbnail","7":"category-marseille","8":"tag-17","9":"tag-actu","10":"tag-actualites","11":"tag-cinq","12":"tag-continents","13":"tag-continue","14":"tag-culture","15":"tag-degrener","16":"tag-des","17":"tag-eu","18":"tag-europe","19":"tag-fr","20":"tag-france","21":"tag-jazz","22":"tag-marseille","23":"tag-news","24":"tag-provence-alpes-cote-dazur","25":"tag-republique-francaise"},"share_on_mastodon":{"url":"https:\/\/pubeurope.com\/@fr\/114909716389497986","error":""},"_links":{"self":[{"href":"https:\/\/www.europesays.com\/fr\/wp-json\/wp\/v2\/posts\/271085","targetHints":{"allow":["GET"]}}],"collection":[{"href":"https:\/\/www.europesays.com\/fr\/wp-json\/wp\/v2\/posts"}],"about":[{"href":"https:\/\/www.europesays.com\/fr\/wp-json\/wp\/v2\/types\/post"}],"author":[{"embeddable":true,"href":"https:\/\/www.europesays.com\/fr\/wp-json\/wp\/v2\/users\/2"}],"replies":[{"embeddable":true,"href":"https:\/\/www.europesays.com\/fr\/wp-json\/wp\/v2\/comments?post=271085"}],"version-history":[{"count":0,"href":"https:\/\/www.europesays.com\/fr\/wp-json\/wp\/v2\/posts\/271085\/revisions"}],"wp:featuredmedia":[{"embeddable":true,"href":"https:\/\/www.europesays.com\/fr\/wp-json\/wp\/v2\/media\/271086"}],"wp:attachment":[{"href":"https:\/\/www.europesays.com\/fr\/wp-json\/wp\/v2\/media?parent=271085"}],"wp:term":[{"taxonomy":"category","embeddable":true,"href":"https:\/\/www.europesays.com\/fr\/wp-json\/wp\/v2\/categories?post=271085"},{"taxonomy":"post_tag","embeddable":true,"href":"https:\/\/www.europesays.com\/fr\/wp-json\/wp\/v2\/tags?post=271085"}],"curies":[{"name":"wp","href":"https:\/\/api.w.org\/{rel}","templated":true}]}}