{"id":271091,"date":"2025-07-24T18:53:12","date_gmt":"2025-07-24T18:53:12","guid":{"rendered":"https:\/\/www.europesays.com\/fr\/271091\/"},"modified":"2025-07-24T18:53:12","modified_gmt":"2025-07-24T18:53:12","slug":"quelles-sont-les-circonstances-les-plus-propices-aux-accidents-en-ile-de-france","status":"publish","type":"post","link":"https:\/\/www.europesays.com\/fr\/271091\/","title":{"rendered":"Quelles sont les circonstances les plus propices aux accidents en \u00cele-de-France\u00a0?"},"content":{"rendered":"\n<p lang=\"fr-FR\" style=\"margin-bottom: 0cm;\">C&rsquo;est la question \u00e0 laquelle la direction r\u00e9gionale et interd\u00e9partementale des transports donne des \u00e9l\u00e9ments de r\u00e9ponse. La DRIEAT vient de publier son bilan sur les accidents corporels de la circulation en \u00cele-de-France pour 2024. On y apprend que plus de 69% des sinistres ont lieu avec des conditions atmosph\u00e9riques normales et sur route s\u00e8che. Plus en d\u00e9tail, 64% se d\u00e9roulent de jour. Concernant les victimes, 57% d&rsquo;entre elles ont \u00e9t\u00e9 tu\u00e9es entre 8h00 et 20h00. Sur 263 personnes d\u00e9c\u00e9d\u00e9es sur les routes en \u00cele-de-France, la majeure partie sont des automobilistes (93). Viennent ensuite les pi\u00e9tons (75) puis les motards (71). Enfin se trouvent les cyclistes (20).<\/p>\n<p lang=\"fr-FR\" style=\"margin-bottom: 0cm;\">\u00a0<\/p>\n<p lang=\"fr-FR\" style=\"margin-bottom: 0cm;\">Nicolas Chacun<\/p>\n<p>!function(f,b,e,v,n,t,s){if(f.fbq)return;n=f.fbq=function(){n.callMethod?<br \/>\nn.callMethod.apply(n,arguments):n.queue.push(arguments)};if(!f._fbq)f._fbq=n;<br \/>\nn.push=n;n.loaded=!0;n.version=&rsquo;2.0&prime;;n.queue=[];t=b.createElement(e);t.async=!0;<br \/>\nt.src=v;s=b.getElementsByTagName(e)[0];s.parentNode.insertBefore(t,s)}(window,<br \/>\ndocument,&rsquo;script&rsquo;,&rsquo;https:\/\/connect.facebook.net\/en_US\/fbevents.js&rsquo;);<br \/>\nfbq(&lsquo;init&rsquo;, &lsquo;278974969201861&rsquo;); \/\/ Insert your pixel ID here.<br \/>\nfbq(&lsquo;track&rsquo;, &lsquo;PageView&rsquo;);<\/p>\n","protected":false},"excerpt":{"rendered":"C&rsquo;est la question \u00e0 laquelle la direction r\u00e9gionale et interd\u00e9partementale des transports donne des \u00e9l\u00e9ments de r\u00e9ponse. La&hellip;\n","protected":false},"author":2,"featured_media":271092,"comment_status":"","ping_status":"","sticky":false,"template":"","format":"standard","meta":{"footnotes":""},"categories":[1592],"tags":[1111,11,1933,1936,1777,1939,674,1011,27,662,1934,12,1940,626,1935,25,1937,1941,1938],"class_list":{"0":"post-271091","1":"post","2":"type-post","3":"status-publish","4":"format-standard","5":"has-post-thumbnail","7":"category-ile-de-france","8":"tag-actu","9":"tag-actualites","10":"tag-actualites-locales","11":"tag-essonne","12":"tag-eu","13":"tag-eure-et-loir","14":"tag-europe","15":"tag-fr","16":"tag-france","17":"tag-ile-de-france","18":"tag-infos-locales","19":"tag-news","20":"tag-oise","21":"tag-paris","22":"tag-pres-de-chez-vous","23":"tag-republique-francaise","24":"tag-seine-et-marne","25":"tag-somme","26":"tag-yvelines"},"share_on_mastodon":{"url":"https:\/\/pubeurope.com\/@fr\/114909728246075380","error":""},"_links":{"self":[{"href":"https:\/\/www.europesays.com\/fr\/wp-json\/wp\/v2\/posts\/271091","targetHints":{"allow":["GET"]}}],"collection":[{"href":"https:\/\/www.europesays.com\/fr\/wp-json\/wp\/v2\/posts"}],"about":[{"href":"https:\/\/www.europesays.com\/fr\/wp-json\/wp\/v2\/types\/post"}],"author":[{"embeddable":true,"href":"https:\/\/www.europesays.com\/fr\/wp-json\/wp\/v2\/users\/2"}],"replies":[{"embeddable":true,"href":"https:\/\/www.europesays.com\/fr\/wp-json\/wp\/v2\/comments?post=271091"}],"version-history":[{"count":0,"href":"https:\/\/www.europesays.com\/fr\/wp-json\/wp\/v2\/posts\/271091\/revisions"}],"wp:featuredmedia":[{"embeddable":true,"href":"https:\/\/www.europesays.com\/fr\/wp-json\/wp\/v2\/media\/271092"}],"wp:attachment":[{"href":"https:\/\/www.europesays.com\/fr\/wp-json\/wp\/v2\/media?parent=271091"}],"wp:term":[{"taxonomy":"category","embeddable":true,"href":"https:\/\/www.europesays.com\/fr\/wp-json\/wp\/v2\/categories?post=271091"},{"taxonomy":"post_tag","embeddable":true,"href":"https:\/\/www.europesays.com\/fr\/wp-json\/wp\/v2\/tags?post=271091"}],"curies":[{"name":"wp","href":"https:\/\/api.w.org\/{rel}","templated":true}]}}