{"id":271093,"date":"2025-07-24T18:54:09","date_gmt":"2025-07-24T18:54:09","guid":{"rendered":"https:\/\/www.europesays.com\/fr\/271093\/"},"modified":"2025-07-24T18:54:09","modified_gmt":"2025-07-24T18:54:09","slug":"ces-maternites-de-seine-et-marne-sont-classees-parmi-les-meilleures-dile-de-france","status":"publish","type":"post","link":"https:\/\/www.europesays.com\/fr\/271093\/","title":{"rendered":"Ces maternit\u00e9s de Seine-et-Marne sont class\u00e9es parmi les meilleures d\u2019\u00cele-de-France"},"content":{"rendered":"<p>            Par<br \/>\n        <strong><br \/>\n            <a href=\"https:\/\/actu.fr\/auteur\/l-bourven\" title=\"Consulter tous les articles de Laura Bourven\" rel=\"nofollow noopener\" target=\"_blank\">Laura Bourven<\/a><br \/>\n        <\/strong><\/p>\n<p>        Publi\u00e9 le<\/p>\n<p>            24 juil. 2025 \u00e0 18h46        <\/p>\n<p>O\u00f9 fait-il bon d\u2019accoucher\u2009? Comment choisir sa maternit\u00e9\u2009? Comme chaque ann\u00e9e, <a href=\"https:\/\/www.lefigaro.fr\/sciences\/notre-classement-2025-des-meilleures-maternites-de-paris-et-d-ile-de-france-20250617\" rel=\"nofollow noopener\" target=\"_blank\">Le Figaro a publi\u00e9 son classement des meilleures maternit\u00e9s d\u2019\u00cele-de-France<\/a>. Si le bouche-\u00e0-oreille et la localisation sont importants pour les futurs parents, d\u2019autres crit\u00e8res peuvent avoir leur importance.<\/p>\n<p>Les maternit\u00e9s du Ghef dans le top<\/p>\n<p class=\" wall-content\">Le journal a r\u00e9alis\u00e9 son palmar\u00e8s 2025, gr\u00e2ce \u00e0 \u00ab\u2009des donn\u00e9es souvent in\u00e9dites et habituellement non communiqu\u00e9es par les \u00e9tablissements, qui refl\u00e8tent la qualit\u00e9 du suivi de la grossesse et de la pratique m\u00e9dicale au sein de chaque maternit\u00e9\u2009\u00bb. Suivant une m\u00e9thodologie tr\u00e8s pr\u00e9cise, Le Figaro a calcul\u00e9 les notes finales.<\/p>\n<p class=\" wall-content\">Avec une note de 16,6\/20, l\u2019antenne de Marne-la-Vall\u00e9e du Grand h\u00f4pital de l\u2019Est francilien (<b>Ghef<\/b>), bas\u00e9e \u00e0 <a href=\"https:\/\/actu.fr\/ile-de-france\/jossigny_77237\" rel=\"nofollow noopener\" target=\"_blank\">Jossigny <\/a>arrive \u00e0 la <b>5e position ex aequo<\/b>. En <a href=\"https:\/\/actu.fr\/ile-de-france\/seine-et-marne_77\" rel=\"nofollow noopener\" target=\"_blank\">Seine-et-Marne<\/a>, une autre maternit\u00e9 figure dans le classement\u2009: il s\u2019agit du Ghef de <a href=\"https:\/\/actu.fr\/ile-de-france\/meaux_77284\" rel=\"nofollow noopener\" target=\"_blank\">Meaux<\/a>, qui atteint la <b>20e place<\/b> avec une note de 15,1\/20.<\/p>\n<p class=\" wall-content\">Hors Ghef, d\u2019autres h\u00f4pitaux sont aussi mentionn\u00e9s par Le Figaro\u2009: le centre hospitalier du Sud Seine-et-Marne, site de Fontainebleau avec 13,5\/20, et le centre hospitalier du Sud Seine-et-Marne, site de Montereau avec 11,8\/20.<\/p>\n<p class=\" wall-content\">Ce classement r\u00e9unit toutes les maternit\u00e9s, priv\u00e9es comme publiques. \u00c0 l\u2019\u00e9chelle des \u00e9tablissements publics de l\u2019Est Parisien, le site de Marne-la-Vall\u00e9e d\u00e9croche la<b> premi\u00e8re place, et Meaux, la 2e<\/b>. \u00ab\u2009Ces distinctions viennent r\u00e9compenser l\u2019investissement constant, le savoir-faire et l\u2019humanit\u00e9 des \u00e9quipes m\u00e9dicales, param\u00e9dicales et logistiques mobilis\u00e9es chaque jour pour offrir un accompagnement de qualit\u00e9 aux futures mamans et \u00e0 leurs b\u00e9b\u00e9s\u2009\u00bb r\u00e9agit le Ghef, qui a accompagn\u00e9, en 2024, <b>3\u2009408 accouchements \u00e0 Jossigny, et 2\u2009877 accouchements \u00e0 Meaux.<\/b><\/p>\n<p>Vid\u00e9os : en ce moment sur ActuDe nombreux crit\u00e8res analys\u00e9s<\/p>\n<p class=\" wall-content\">Mais alors, qu\u2019est-ce qui explique le succ\u00e8s des maternit\u00e9s du Ghef de Marne-la-Vall\u00e9e et Meaux\u2009? Le Figaro s\u2019est appuy\u00e9 sur <b>plusieurs crit\u00e8res<\/b> comme \u00ab\u2009le taux de c\u00e9sarienne et d\u2019\u00e9pisiotomie, les ateliers sp\u00e9cialis\u00e9s, la disponibilit\u00e9 du personnel, la note de satisfaction\u2026\u2009\u00bb, pr\u00e9cise le journal.<\/p>\n<p class=\" wall-content\">\u00c0 Jossigny, l\u2019accouchement dans sa globalit\u00e9, et surtout les gyn\u00e9cologues et les sages-femmes re\u00e7oivent de tr\u00e8s bonnes notes, quand la satisfaction est, elle, plus basse avec 13,7\/20. M\u00eame son de cloche \u00e0 Meaux.<\/p>\n<p class=\" wall-content\">Le Figaro a aussi analys\u00e9 les <b>ateliers <\/b>propos\u00e9s aux mamans au sein des h\u00f4pitaux. Les \u00e9tablissements du Ghef en proposent plusieurs\u2009: pr\u00e9paration \u00e0 la naissance, cours d\u2019allaitement, accompagnement avec un psychologue, kin\u00e9sith\u00e9rapeute, ost\u00e9opathe, suivi di\u00e9t\u00e9tique et nutrition, tabacologie et addictologie, hypnose\u2026<\/p>\n<p class=\" wall-content\">\u00ab\u2009Le GHEF r\u00e9affirme son ambition de garantir une prise en charge exemplaire, s\u00e9curis\u00e9e et bienveillante pour toutes les patientes, tout au long de leur parcours de maternit\u00e9\u2009\u00bb commente l\u2019h\u00f4pital qui souhaite continuer de s\u2019am\u00e9liorer. Pour que les notes augmentent dans les prochaines ann\u00e9es, le Ghef pourrait, par exemple,<b> \u00e9largir son catalogue d\u2019ateliers<\/b> avec du yoga, de l\u2019acupuncture, accompagnement avec un sexologue, de l\u2019haptonomie et m\u00eame proposer des accouchements dans l\u2019eau. Ces derniers crit\u00e8res figurent d\u2019ailleurs dans ceux analys\u00e9s par Le Figaro cette ann\u00e9e.<\/p>\n<p class=\" wall-content\">Suivez toute l\u2019actualit\u00e9 de vos villes et m\u00e9dias favoris en vous inscrivant \u00e0 <a href=\"https:\/\/moncompte.actu.fr\" title=\"D\u00e9couvez Mon Actu\" rel=\"nofollow noopener\" data-trk=\"{&quot;cta&quot;:{&quot;action&quot;:&quot;https:\\\/\\\/moncompte.actu.fr&quot;,&quot;category&quot;:&quot;mon compte&quot;,&quot;from&quot;:&quot;article footer&quot;,&quot;name&quot;:&quot;Mon actu&quot;,&quot;type&quot;:&quot;cta&quot;}}\" target=\"_blank\">Mon Actu<\/a>.<\/p>\n","protected":false},"excerpt":{"rendered":"Par Laura Bourven Publi\u00e9 le 24 juil. 2025 \u00e0 18h46 O\u00f9 fait-il bon d\u2019accoucher\u2009? Comment choisir sa maternit\u00e9\u2009?&hellip;\n","protected":false},"author":2,"featured_media":271094,"comment_status":"","ping_status":"","sticky":false,"template":"","format":"standard","meta":{"footnotes":""},"categories":[1592],"tags":[1111,11,1777,674,1011,27,662,15761,12,626,25,71,104],"class_list":{"0":"post-271093","1":"post","2":"type-post","3":"status-publish","4":"format-standard","5":"has-post-thumbnail","7":"category-ile-de-france","8":"tag-actu","9":"tag-actualites","10":"tag-eu","11":"tag-europe","12":"tag-fr","13":"tag-france","14":"tag-ile-de-france","15":"tag-maternite","16":"tag-news","17":"tag-paris","18":"tag-republique-francaise","19":"tag-sante","20":"tag-societe"},"share_on_mastodon":{"url":"https:\/\/pubeurope.com\/@fr\/114909732224795547","error":""},"_links":{"self":[{"href":"https:\/\/www.europesays.com\/fr\/wp-json\/wp\/v2\/posts\/271093","targetHints":{"allow":["GET"]}}],"collection":[{"href":"https:\/\/www.europesays.com\/fr\/wp-json\/wp\/v2\/posts"}],"about":[{"href":"https:\/\/www.europesays.com\/fr\/wp-json\/wp\/v2\/types\/post"}],"author":[{"embeddable":true,"href":"https:\/\/www.europesays.com\/fr\/wp-json\/wp\/v2\/users\/2"}],"replies":[{"embeddable":true,"href":"https:\/\/www.europesays.com\/fr\/wp-json\/wp\/v2\/comments?post=271093"}],"version-history":[{"count":0,"href":"https:\/\/www.europesays.com\/fr\/wp-json\/wp\/v2\/posts\/271093\/revisions"}],"wp:featuredmedia":[{"embeddable":true,"href":"https:\/\/www.europesays.com\/fr\/wp-json\/wp\/v2\/media\/271094"}],"wp:attachment":[{"href":"https:\/\/www.europesays.com\/fr\/wp-json\/wp\/v2\/media?parent=271093"}],"wp:term":[{"taxonomy":"category","embeddable":true,"href":"https:\/\/www.europesays.com\/fr\/wp-json\/wp\/v2\/categories?post=271093"},{"taxonomy":"post_tag","embeddable":true,"href":"https:\/\/www.europesays.com\/fr\/wp-json\/wp\/v2\/tags?post=271093"}],"curies":[{"name":"wp","href":"https:\/\/api.w.org\/{rel}","templated":true}]}}