{"id":271097,"date":"2025-07-24T18:56:23","date_gmt":"2025-07-24T18:56:23","guid":{"rendered":"https:\/\/www.europesays.com\/fr\/271097\/"},"modified":"2025-07-24T18:56:23","modified_gmt":"2025-07-24T18:56:23","slug":"a-notre-dame-de-paris-saint-thomas-clot-le-retour-des-apotres-de-la-fleche","status":"publish","type":"post","link":"https:\/\/www.europesays.com\/fr\/271097\/","title":{"rendered":"\u00c0 Notre-Dame de Paris, saint Thomas cl\u00f4t le retour des ap\u00f4tres de la fl\u00e8che"},"content":{"rendered":"<p>Elles ont enfin regagn\u00e9 leur place d&rsquo;origine. En ce matin gris\u00e2tre du 24 juillet, la derni\u00e8re statue des douze ap\u00f4tres et des quatre symboles des \u00e9vang\u00e9listes \u2013 le lion, le taureau, l\u2019ange et l\u2019aigle \u2013 orne \u00e0 nouveau la base de la c\u00e9l\u00e8bre fl\u00e8che de la <a href=\"https:\/\/www.pointdevue.fr\/grand-angle\/dossiers-de-la-redaction\/dossier-actualites\/notre-dame-de-paris-de-lincendie-devastateur-a-la-renaissance-triomphante\" rel=\"nofollow noopener\" target=\"_blank\" data-ylk=\"slk:cath\u00e9drale Notre-Dame de Paris;elm:context_link;itc:0;sec:content-canvas\" class=\"link \">cath\u00e9drale Notre-Dame de Paris<\/a>. Si leur r\u00e9installation avait d\u00e9but\u00e9 le 23 juin, apr\u00e8s avoir \u00e9t\u00e9 b\u00e9nies par Mgr Laurent Ulrich, archev\u00eaque de Paris, Saint Thomas a d\u00fb attendre un mois pour \u00eatre remont\u00e9. Pesant plus de 100 kg pour trois m\u00e8tres de hauteur, l&rsquo;\u0153uvre en bronze d&rsquo;Adolphe-Victor Geoffroy-Dechaume devrait m\u00eame retrouver sa couleur vert-de-gris, \u00e0 l&rsquo;instar de ses confr\u00e8res.<\/p>\n<p><img decoding=\"async\" class=\"caas-img caas-lazy has-preview\" alt=\"La statue de saint Thomas, dont le visage a les traits d\u2019Eug\u00e8ne Viollet-le-Duc, le 24 juillet 2025.\" src=\"https:\/\/www.europesays.com\/fr\/wp-content\/uploads\/2025\/07\/a52b1a1fed1033fca4623629ba4c622c.jpeg\"\/><\/p>\n<p><strong>La statue de saint Thomas, dont le visage a les traits d\u2019Eug\u00e8ne Viollet-le-Duc, le 24 juillet 2025.<\/strong> \u00a9 Romaric Toussaint &#8211; Reb\u00e2tir Notre-Dame de Paris<\/p>\n<p>Mais pourquoi avoir choisi de terminer par Saint Thomas ? Pour rendre hommage justement au concepteur et cr\u00e9ateur de la fl\u00e8che gothique, l&rsquo;architecte Eug\u00e8ne Viollet-le-Duc. C&rsquo;est lui qui avait ainsi dessin\u00e9 la sculpture en lui donnant ses traits ! Autre point non n\u00e9gligeable, l&rsquo;ap\u00f4tre jud\u00e9en est \u00e9galement connu pour \u00eatre le saint patron des architectes, mais aussi des ma\u00e7ons, arpenteurs et tailleurs de pierre. L&rsquo;occasion d&rsquo;applaudir l&rsquo;ensemble des corps de m\u00e9tier et savoir-faire qui ont permis de redonner toute sa dignit\u00e9 \u00e0 l&rsquo;\u00e9difice pluris\u00e9culaire. Si aujourd&rsquo;hui, les statues sont encore cach\u00e9es par l&rsquo;\u00e9chafaudage n\u00e9cessaire aux couvreurs, elles seront tout \u00e0 fait visibles \u00e0 la fin du mois d&rsquo;ao\u00fbt lorsqu&rsquo;il sera d\u00e9mont\u00e9.<\/p>\n<p><img decoding=\"async\" class=\"caas-img caas-lazy has-preview\" alt=\"Philippe Jost, R\u00e9mi Fromont et Marie-H\u00e9l\u00e8ne Didier, entour\u00e9s de couvreurs-ornemanistes et des \u00e9chafaudeurs charg\u00e9s de la repose des seize statues, le 24 juillet 2025.\" src=\"https:\/\/www.europesays.com\/fr\/wp-content\/uploads\/2025\/07\/909fbb7a204f79d6e6eeef885cabd784.jpeg\"\/><\/p>\n<p><strong>Philippe Jost, pr\u00e9sident de l\u2019\u00e9tablissement public Reb\u00e2tir Notre-Dame de Paris, R\u00e9mi Fromont, architecte en chef des monuments historiques, Marie-H\u00e9l\u00e8ne Didier, conservatrice g\u00e9n\u00e9rale du patrimoine et conservatrice des monuments historiques \u00e0 la Drac \u00cele-de-France, entour\u00e9s de couvreurs-ornemanistes et des \u00e9chafaudeurs charg\u00e9s de la couverture de la fl\u00e8che et de la repose des seize statues.<\/strong> \u00a9 Romaric Toussaint &#8211; Reb\u00e2tir Notre-Dame de Paris<\/p>\n<p>Ces seize chefs-d&rsquo;\u0153uvre auraient d&rsquo;ailleurs pu compl\u00e8tement dispara\u00eetre si le hasard n&rsquo;avait pas jou\u00e9 des coudes. Quatre jours seulement avant <a href=\"https:\/\/www.pointdevue.fr\/culture\/patrimoine\/profonde-tristesse-et-pensees-emues-les-reactions-apres-lincendie-de-notre-dame-de-paris\" rel=\"nofollow noopener\" target=\"_blank\" data-ylk=\"slk:le terrible incident de Notre-Dame;elm:context_link;itc:0;sec:content-canvas\" class=\"link \">le terrible incident de Notre-Dame<\/a>, le 15 avril 2019, ils avaient \u00e9t\u00e9 d\u00e9pos\u00e9s pour leur restauration en atelier. Un <a href=\"https:\/\/www.pointdevue.fr\/culture\/patrimoine\/les-apotres-de-notre-dame-ont-trouve-refuge-a-marsac\" rel=\"nofollow noopener\" target=\"_blank\" data-ylk=\"slk:s\u00e9jour en Dordogne;elm:context_link;itc:0;sec:content-canvas\" class=\"link \">s\u00e9jour en Dordogne<\/a> qui leur avait ainsi permis d&rsquo;\u00e9chapper aux flammes et \u00e0 une chute qui auraient pu leur \u00eatre fatales. \u00c0 partir de septembre, les tours seront ouvertes \u00e0 la visite. Mais les travaux ne s&rsquo;arr\u00eateront pas l\u00e0 puisque l&rsquo;\u00e9tablissement public \u00ab\u00a0Reb\u00e2tir Notre-Dame\u00a0\u00bb ambitionne de parachever la construction de la cath\u00e9drale, notamment la ma\u00e7onnerie du chevet. D&rsquo;ici trois ans, Notre-Dame s&rsquo;\u00e9l\u00e8vera dans toute sa splendeur.<\/p>\n<p>Lire aussi &gt;&gt; <a href=\"https:\/\/www.pointdevue.fr\/culture\/patrimoine\/notre-dame-de-paris-la-transfiguration\" rel=\"nofollow noopener\" target=\"_blank\" data-ylk=\"slk:Notre-Dame de Paris, la transfiguration;elm:context_link;itc:0;sec:content-canvas\" class=\"link \">Notre-Dame de Paris, la transfiguration<\/a><\/p>\n","protected":false},"excerpt":{"rendered":"Elles ont enfin regagn\u00e9 leur place d&rsquo;origine. En ce matin gris\u00e2tre du 24 juillet, la derni\u00e8re statue des&hellip;\n","protected":false},"author":2,"featured_media":271098,"comment_status":"","ping_status":"","sticky":false,"template":"","format":"standard","meta":{"footnotes":""},"categories":[1888],"tags":[1111,1928,11,1927,41046,1777,41044,674,1011,27,12,1926,1049,626,1925,25,41045,40989,8149],"class_list":{"0":"post-271097","1":"post","2":"type-post","3":"status-publish","4":"format-standard","5":"has-post-thumbnail","7":"category-paris","8":"tag-actu","9":"tag-actu-paris","10":"tag-actualites","11":"tag-actualites-paris","12":"tag-architecte-en-chef-des-monuments-historiques","13":"tag-eu","14":"tag-eugene-viollet-le-duc","15":"tag-europe","16":"tag-fr","17":"tag-france","18":"tag-news","19":"tag-news-paris","20":"tag-notre-dame","21":"tag-paris","22":"tag-paris-news","23":"tag-republique-francaise","24":"tag-romaric-toussaint","25":"tag-saint-thomas","26":"tag-tailleurs-de-pierre"},"share_on_mastodon":{"url":"https:\/\/pubeurope.com\/@fr\/114909740042300678","error":""},"_links":{"self":[{"href":"https:\/\/www.europesays.com\/fr\/wp-json\/wp\/v2\/posts\/271097","targetHints":{"allow":["GET"]}}],"collection":[{"href":"https:\/\/www.europesays.com\/fr\/wp-json\/wp\/v2\/posts"}],"about":[{"href":"https:\/\/www.europesays.com\/fr\/wp-json\/wp\/v2\/types\/post"}],"author":[{"embeddable":true,"href":"https:\/\/www.europesays.com\/fr\/wp-json\/wp\/v2\/users\/2"}],"replies":[{"embeddable":true,"href":"https:\/\/www.europesays.com\/fr\/wp-json\/wp\/v2\/comments?post=271097"}],"version-history":[{"count":0,"href":"https:\/\/www.europesays.com\/fr\/wp-json\/wp\/v2\/posts\/271097\/revisions"}],"wp:featuredmedia":[{"embeddable":true,"href":"https:\/\/www.europesays.com\/fr\/wp-json\/wp\/v2\/media\/271098"}],"wp:attachment":[{"href":"https:\/\/www.europesays.com\/fr\/wp-json\/wp\/v2\/media?parent=271097"}],"wp:term":[{"taxonomy":"category","embeddable":true,"href":"https:\/\/www.europesays.com\/fr\/wp-json\/wp\/v2\/categories?post=271097"},{"taxonomy":"post_tag","embeddable":true,"href":"https:\/\/www.europesays.com\/fr\/wp-json\/wp\/v2\/tags?post=271097"}],"curies":[{"name":"wp","href":"https:\/\/api.w.org\/{rel}","templated":true}]}}