{"id":271103,"date":"2025-07-24T18:59:11","date_gmt":"2025-07-24T18:59:11","guid":{"rendered":"https:\/\/www.europesays.com\/fr\/271103\/"},"modified":"2025-07-24T18:59:11","modified_gmt":"2025-07-24T18:59:11","slug":"un-general-de-lotan-menace-la-russie-nous-pouvons-detruire-lexclave-de-kaliningrad-plus-vite-que-jamais","status":"publish","type":"post","link":"https:\/\/www.europesays.com\/fr\/271103\/","title":{"rendered":"Un g\u00e9n\u00e9ral de l&rsquo;Otan menace la Russie\u00a0: \u00ab\u00a0Nous pouvons d\u00e9truire l&rsquo;exclave de Kaliningrad plus vite que jamais\u00a0\u00bb"},"content":{"rendered":"<p><a href=\"https:\/\/www.lalibre.be\/debats\/opinions\/2025\/07\/24\/et-si-la-belgique-quittait-lotan-IY3O4UOK35B5DH55O32RUFOJQE\/\" target=\"_blank\" rel=\"noopener noreferrer\" class=\"ap-StoryInterstitialLink ap-StoryElement ap-StoryElement--mb\">Et si la Belgique quittait l&rsquo;Otan ?<\/a><\/p>\n<p class=\"ap-StoryElement ap-StoryElement--mb ap-StoryText\">Le g\u00e9n\u00e9ral Donahue, qui est le commandant des forces arm\u00e9es am\u00e9ricaines en Afrique et en Europe, mais aussi le commandant des forces terrestres de l&rsquo;Otan a tenu ces propos lors d&rsquo;une conf\u00e9rence sur la strat\u00e9gie terrestre europ\u00e9enne. Celle-ci portait notamment sur le nouveau plan de d\u00e9fense du flanc est europ\u00e9en, face \u00e0 la menace repr\u00e9sent\u00e9e par Vladimir Poutine.<\/p>\n<p>La menace russe s&rsquo;intensifie<\/p>\n<p class=\"ap-StoryElement ap-StoryElement--mb ap-StoryText\">\u00ab\u00a0Aujourd&rsquo;hui, face \u00e0 l&rsquo;Otan et l&rsquo;UE, la Russie n&rsquo;a aucune chance. Mais nous devons rester unis\u00a0\u00bb, a averti en juin dernier Kaja Kallas, cheffe de la diplomatie de l&rsquo;UE, affirmant que \u00ab\u00a0la Russie est d\u00e9j\u00e0 une menace directe pour l&rsquo;Union europ\u00e9enne\u00a0\u00bb. Des avertissements qui ont d\u00e9j\u00e0 \u00e9t\u00e9 relay\u00e9s \u00e0 plusieurs reprises par le pr\u00e9sident de l&rsquo;Otan Mark Rutte ainsi que le pr\u00e9sident ukrainien Volodymyr Zelensky.<\/p>\n<p><a href=\"https:\/\/www.lalibre.be\/debats\/opinions\/2025\/04\/16\/lotan-est-morte-est-les-dirigeants-europeens-sont-dans-le-deni-YSEEDWOYU5CRXBLA5AP5UBXD5Q\/\" target=\"_blank\" rel=\"noopener noreferrer\" class=\"ap-StoryInterstitialLink ap-StoryElement ap-StoryElement--mb\">L&rsquo;Otan est morte et les dirigeants europ\u00e9ens sont dans le d\u00e9ni<\/a><\/p>\n<p class=\"ap-StoryElement ap-StoryElement--mb ap-StoryText\">Depuis plusieurs mois, nombreux sont les experts militaires \u00e0 avertir sur l&rsquo;imminence d&rsquo;une attaque russe. C&rsquo;est pourquoi l&rsquo;Otan cherche \u00e0 renforcer ses d\u00e9fenses sur l&rsquo;est de l&rsquo;Europe. Le g\u00e9n\u00e9ral Donahue estime que le nouveau plan de d\u00e9fense de l&rsquo;Otan devrait rendre l&rsquo;alliance plus rapide, flexible et pr\u00eate au combat, gr\u00e2ce \u00e0 un renforcement de ses capacit\u00e9s terrestres mais aussi \u00e0 la mobilisation plus rapide des troupes et la standardisation des syst\u00e8mes d&rsquo;armement. Son but est ainsi de pr\u00e9venir d&rsquo;\u00e9ventuelles attaques russes.<\/p>\n<p>La Russie menace l&rsquo;Otan de repr\u00e9sailles<\/p>\n<p class=\"ap-StoryElement ap-StoryElement--mb ap-StoryText\">La Russie n&rsquo;a \u00e9videmment pas manqu\u00e9 de r\u00e9agir aux propos du g\u00e9n\u00e9ral Donahue. Ainsi, dans des propos relay\u00e9s par l&rsquo;agence de presse russe TASS le pr\u00e9sident de la Commission des affaires \u00e9trang\u00e8res du Parlement russe, Leonid Sloutski, a affirm\u00e9 qu&rsquo;une attaque de l&rsquo;Otan sur Kaliningrad serait consid\u00e9r\u00e9e comme \u00ab\u00a0une attaque directe sur la Russie\u00a0\u00bb.<\/p>\n<p class=\"ap-StoryElement ap-StoryElement--mb ap-StoryText\">Il a \u00e9galement menac\u00e9 l&rsquo;alliance de repr\u00e9sailles, y compris l&rsquo;utilisation de l&rsquo;arme nucl\u00e9aire.<\/p>\n","protected":false},"excerpt":{"rendered":"Et si la Belgique quittait l&rsquo;Otan ? Le g\u00e9n\u00e9ral Donahue, qui est le commandant des forces arm\u00e9es am\u00e9ricaines&hellip;\n","protected":false},"author":2,"featured_media":271104,"comment_status":"","ping_status":"","sticky":false,"template":"","format":"standard","meta":{"footnotes":""},"categories":[1591],"tags":[11,1887,12,1885,1886,132,135],"class_list":{"0":"post-271103","1":"post","2":"type-post","3":"status-publish","4":"format-standard","5":"has-post-thumbnail","7":"category-russie","8":"tag-actualites","9":"tag-federation-de-russie","10":"tag-news","11":"tag-russia","12":"tag-russian-federation","13":"tag-russie","14":"tag-vladimir-poutine"},"share_on_mastodon":{"url":"https:\/\/pubeurope.com\/@fr\/114909751837624589","error":""},"_links":{"self":[{"href":"https:\/\/www.europesays.com\/fr\/wp-json\/wp\/v2\/posts\/271103","targetHints":{"allow":["GET"]}}],"collection":[{"href":"https:\/\/www.europesays.com\/fr\/wp-json\/wp\/v2\/posts"}],"about":[{"href":"https:\/\/www.europesays.com\/fr\/wp-json\/wp\/v2\/types\/post"}],"author":[{"embeddable":true,"href":"https:\/\/www.europesays.com\/fr\/wp-json\/wp\/v2\/users\/2"}],"replies":[{"embeddable":true,"href":"https:\/\/www.europesays.com\/fr\/wp-json\/wp\/v2\/comments?post=271103"}],"version-history":[{"count":0,"href":"https:\/\/www.europesays.com\/fr\/wp-json\/wp\/v2\/posts\/271103\/revisions"}],"wp:featuredmedia":[{"embeddable":true,"href":"https:\/\/www.europesays.com\/fr\/wp-json\/wp\/v2\/media\/271104"}],"wp:attachment":[{"href":"https:\/\/www.europesays.com\/fr\/wp-json\/wp\/v2\/media?parent=271103"}],"wp:term":[{"taxonomy":"category","embeddable":true,"href":"https:\/\/www.europesays.com\/fr\/wp-json\/wp\/v2\/categories?post=271103"},{"taxonomy":"post_tag","embeddable":true,"href":"https:\/\/www.europesays.com\/fr\/wp-json\/wp\/v2\/tags?post=271103"}],"curies":[{"name":"wp","href":"https:\/\/api.w.org\/{rel}","templated":true}]}}