{"id":271107,"date":"2025-07-24T19:01:11","date_gmt":"2025-07-24T19:01:11","guid":{"rendered":"https:\/\/www.europesays.com\/fr\/271107\/"},"modified":"2025-07-24T19:01:11","modified_gmt":"2025-07-24T19:01:11","slug":"israel-et-usa-rappellent-pour-consultations-leurs-negociateurs-sur-un-cessez-le-feu-a-gaza-24-07-2025-a-2035","status":"publish","type":"post","link":"https:\/\/www.europesays.com\/fr\/271107\/","title":{"rendered":"Isra\u00ebl et USA rappellent pour consultations leurs n\u00e9gociateurs sur un cessez-le-feu \u00e0 Gaza &#8211; 24\/07\/2025 \u00e0 20:35"},"content":{"rendered":"<p>\n (Actualis\u00e9 tout du long; photo\/TV \u00e0 disposition)\n<\/p>\n<p>\n Isra\u00ebl et les<br \/>\nEtats-Unis ont rappel\u00e9 jeudi pour consultations leurs<br \/>\nd\u00e9l\u00e9gations charg\u00e9es de mener au Qatar les pourparlers sur un<br \/>\ncessez-le-feu avec le Hamas dans la bande de Gaza, un<br \/>\nrepr\u00e9sentant am\u00e9ricain de haut rang accusant le groupe arm\u00e9<br \/>\npalestinien de ne pas n\u00e9gocier de bonne foi.\n<\/p>\n<p>\n Ces n\u00e9gociations se d\u00e9roulent dans un contexte de<br \/>\npressions croissantes \u00e9manant de la communaut\u00e9 internationale<br \/>\npour qu&rsquo;Isra\u00ebl et le Hamas scellent un accord mettant fin \u00e0 leur<br \/>\nguerre de pr\u00e8s de deux ans.\n<\/p>\n<p>\n Plus d&rsquo;une vingtaine de pays, dont le Royaume-Uni et la<br \/>\nFrance, ont appel\u00e9 lundi \u00e0\n<\/p>\n<p>\n une fin imm\u00e9diate\n<\/p>\n<p>\n de la guerre dans l&rsquo;enclave palestinienne, assi\u00e9g\u00e9e par<br \/>\nIsra\u00ebl en r\u00e9ponse \u00e0 l&rsquo;attaque men\u00e9e par le Hamas le 7 octobre<br \/>\n2023.\n<\/p>\n<p>\n Ils ont \u00e9galement d\u00e9nonc\u00e9 le mod\u00e8le d&rsquo;acheminement de<br \/>\nl&rsquo;aide alimentaire, organis\u00e9 par une fondation soutenue par<br \/>\nl&rsquo;Etat h\u00e9breu et les Etats-Unis mais d\u00e9cri\u00e9e par l&rsquo;Onu et des<br \/>\nONG.\n<\/p>\n<p>\n Une centaine d&rsquo;organisations humanitaires et de d\u00e9fense<br \/>\ndes droits humains ont exhort\u00e9 la communaut\u00e9 internationale \u00e0<br \/>\nagir contre \u00a0\u00bb\n<\/p>\n<p>\n la famine de masse\n<\/p>\n<p>\n \u00a0\u00bb qui s&rsquo;\u00e9tend dans la bande de Gaza.\n<\/p>\n<p>\n Le Premier ministre britannique Keir Starmer a d\u00e9nonc\u00e9<br \/>\njeudi une catastrophe humanitaire \u00ab\u00a0indescriptible et<br \/>\nind\u00e9fendable\u00a0\u00bb dans l&rsquo;enclave palestinienne, demandant \u00e0 Isra\u00ebl<br \/>\nde laisser de toute urgence l&rsquo;aide \u00eatre achemin\u00e9e dans Gaza.\n<\/p>\n<p>\n Une r\u00e9union d&rsquo;urgence va se tenir jeudi avec le<br \/>\npr\u00e9sident fran\u00e7ais Emmanuel Macron et le chancelier allemand<br \/>\nFriedrich Merz pour discuter des mesures pouvant \u00eatre prises<br \/>\npour \u00ab\u00a0mettre fin \u00e0 la tuerie et donner \u00e0 la population la<br \/>\nnourriture dont elle a d\u00e9sesp\u00e9r\u00e9ment besoin\u00a0\u00bb, ont ajout\u00e9 les<br \/>\nservices du dirigeant britannique dans un communiqu\u00e9.\n<\/p>\n<p>\n \u00ab\u00a0OPTIONS ALTERNATIVES\u00a0\u00bb\n<\/p>\n<p>\n Washington va \u00ab\u00a0consid\u00e9rer des options alternatives\u00a0\u00bb pour<br \/>\nlib\u00e9rer les otages encore d\u00e9tenus dans la bande de Gaza, a<br \/>\nd\u00e9clar\u00e9 l&rsquo;\u00e9missaire sp\u00e9cial am\u00e9ricain Steve Witkoff.\n<\/p>\n<p>\n \u00ab\u00a0Si les m\u00e9diateurs ont effectu\u00e9 de grands efforts, le<br \/>\nHamas ne semble pas agir de bonne foi\u00a0\u00bb, a-t-il \u00e9crit sur le<br \/>\nr\u00e9seau social X. \u00ab\u00a0Nous allons d\u00e9sormais consid\u00e9rer des options<br \/>\nalternatives pour ramener les otages \u00e0 la maison et cr\u00e9er un<br \/>\nenvironnement plus stable pour la population de Gaza\u00a0\u00bb.\n<\/p>\n<p>\n Un repr\u00e9sentant isra\u00e9lien au fait des n\u00e9gociations avec<br \/>\nle Hamas a d\u00e9clar\u00e9 que la r\u00e9ponse formul\u00e9e par le groupe<br \/>\npalestinien \u00e0 la derni\u00e8re proposition \u00e0 date de cessez-le-feu ne<br \/>\n\u00ab\u00a0permettait pas de progr\u00e8s\u00a0\u00bb en l&rsquo;absence d&rsquo;une \u00ab\u00a0concession\u00a0\u00bb de<br \/>\nla part du Hamas. Isra\u00ebl entend toutefois continuer les<br \/>\ndiscussions, a-t-il ajout\u00e9.\n<\/p>\n<p>\n Plus t\u00f4t, le Hamas avait confirm\u00e9 avoir transmis une<br \/>\nr\u00e9ponse, sans en d\u00e9voiler le contenu, \u00e0 la derni\u00e8re proposition<br \/>\nde cessez-le-feu.\n<\/p>\n<p>\n Une pr\u00e9c\u00e9dente version, pr\u00e9sent\u00e9e aux m\u00e9diateurs mardi soir,<br \/>\nn&rsquo;avait pas \u00e9t\u00e9 jug\u00e9e suffisante par ces derniers, qui ne<br \/>\nl&rsquo;avaient pas transmise \u00e0 Isra\u00ebl, a-t-on appris de sources<br \/>\nproches des discussions.\n<\/p>\n<p>\n L&rsquo;administration du pr\u00e9sident am\u00e9ricain Donald Trump pousse<br \/>\nen faveur d&rsquo;un cessez-le-feu de 60 jours. Il est possible que<br \/>\nSteve Witkoff, qui s&rsquo;est envol\u00e9 mercredi soir pour l&rsquo;Europe,<br \/>\nrencontre vendredi le ministre isra\u00e9lien des Affaires<br \/>\nstrat\u00e9giques, Ron Dermer.\n<\/p>\n<p>\n D&rsquo;apr\u00e8s quatre sources, dont l&rsquo;une proche de Benjamin<br \/>\nNetanyahu, Ron Dermer \u00e9tait jeudi \u00e0 Paris, \u00e0 la veille de<br \/>\ndiscussions \u00e0 Istanbul entre Europ\u00e9ens et l&rsquo;Iran \u00e0 propos du<br \/>\nprogramme nucl\u00e9aire de T\u00e9h\u00e9ran.\n<\/p>\n<p>\n Selon les m\u00e9diateurs, le Hamas r\u00e9clame que les troupes<br \/>\nisra\u00e9liennes se retirent des positions qu&rsquo;elles ont conquises<br \/>\napr\u00e8s la rupture en mars par Isra\u00ebl de la derni\u00e8re tr\u00eave en<br \/>\ndate.\n<\/p>\n<p>\n Il demande \u00e9galement que l&rsquo;aide humanitaire soit livr\u00e9e \u00e0<br \/>\nGaza sous le contr\u00f4le des Nations unies et la fin des op\u00e9rations<br \/>\nde la Fondation humanitaire de Gaza (GHF), mise en place par<br \/>\nIsra\u00ebl avec le soutien des Etats-Unis et dont l&rsquo;action et le<br \/>\nmanque d&rsquo;impartialit\u00e9 sont vivement critiqu\u00e9es par l&rsquo;Onu et les<br \/>\nONG.\n<\/p>\n<p>\n \u00ab\u00a0LA FAIM MENACE LEUR SURVIE\u00a0\u00bb\n<\/p>\n<p>\n Un responsable palestinien a d\u00e9clar\u00e9 \u00e0 Reuters que la<br \/>\nposition du Hamas \u00e9tait \u00ab\u00a0flexible, positive\u00a0\u00bb et prenait en<br \/>\ncompte l&rsquo;aggravation de la situation humanitaire dans le<br \/>\nterritoire et \u00ab\u00a0la n\u00e9cessit\u00e9 d&rsquo;arr\u00eater la famine\u00a0\u00bb.\n<\/p>\n<p>\n Des dizaines d&rsquo;habitants de la bande de Gaza sont morts de<br \/>\nmalnutrition ces derni\u00e8res semaines, une \u00ab\u00a0famine de masse\u00a0\u00bb<br \/>\nd\u00e9nonc\u00e9e mercredi par plus d&rsquo;une centaine d&rsquo;organisations<br \/>\nhumanitaires et de d\u00e9fense des droits humains.\n<\/p>\n<p>\n Jeudi, dans une d\u00e9claration conjointe, quatre organisations<br \/>\nde presse &#8211; l&rsquo;AFP, AP, Reuters et BBC News &#8211; ont alert\u00e9 sur la<br \/>\nsituation de leurs journalistes \u00e0 Gaza, \u00ab\u00a0qui peinent de plus en<br \/>\nplus \u00e0 subvenir aux besoins alimentaires de leurs familles et<br \/>\nd&rsquo;eux-m\u00eames\u00a0\u00bb.\n<\/p>\n<p>\n \u00ab\u00a0D\u00e9sormais, la faim menace leur survie\u00a0\u00bb, ont-elles soulign\u00e9<br \/>\n\u00ab\u00a0en appelant une nouvelle fois les autorit\u00e9s isra\u00e9liennes \u00e0<br \/>\nautoriser l&rsquo;entr\u00e9e et la sortie des journalistes \u00e0 Gaza\u00a0\u00bb.\n<\/p>\n<p>\n Isra\u00ebl, qui contr\u00f4le tous les acc\u00e8s \u00e0 la bande de Gaza, nie<br \/>\n\u00eatre responsable des p\u00e9nuries de nourriture.\n<\/p>\n<p>\n Plus de 60.000 personnes ont \u00e9t\u00e9 tu\u00e9es dans la bande de Gaza<br \/>\ndepuis le d\u00e9but de la guerre, pr\u00e9sent\u00e9e comme une r\u00e9ponse aux<br \/>\nattaques du Hamas qui ont fait 1.200 morts en Isra\u00ebl le 7<br \/>\noctobre 2023.\n<\/p>\n<p>\n Les forces isra\u00e9liennes ont bombard\u00e9 jeudi les villes de<br \/>\nNousseirat, Deir al Balah et Bureij dans le centre de l&rsquo;enclave,<br \/>\ntuant huit personnes au total selon le personnel de l&rsquo;h\u00f4pital<br \/>\nd&rsquo;Al Aouda.\n<\/p>\n<p>\n Trois personnes ont \u00e9galement \u00e9t\u00e9 tu\u00e9es par des tirs de<br \/>\nl&rsquo;arm\u00e9e isra\u00e9lienne alors qu&rsquo;elles tentaient d&rsquo;acc\u00e9der \u00e0 un site<br \/>\nde distribution d&rsquo;aide dans le sud du territoire, a-t-on appris<br \/>\naupr\u00e8s de l&rsquo;h\u00f4pital Nasser.\n<\/p>\n<p>\n (Reportage de Nidal al Mughrabi au Caire, Emily Rose \u00e0<br \/>\nJ\u00e9rusalem, avec Samia Nakhoul, Ahmed Elimam et Maayan Lubell;<br \/>\nversion fran\u00e7aise Jean-St\u00e9phane Brosse et Jean Terzian)<\/p>\n","protected":false},"excerpt":{"rendered":"(Actualis\u00e9 tout du long; photo\/TV \u00e0 disposition) Isra\u00ebl et les Etats-Unis ont rappel\u00e9 jeudi pour consultations leurs d\u00e9l\u00e9gations&hellip;\n","protected":false},"author":2,"featured_media":2486,"comment_status":"","ping_status":"","sticky":false,"template":"","format":"standard","meta":{"footnotes":""},"categories":[1589],"tags":[400,11,398,408,405,73,1866,403,402,399,404,12,401,406,1864,1865,1863,308,407],"class_list":{"0":"post-271107","1":"post","2":"type-post","3":"status-publish","4":"format-standard","5":"has-post-thumbnail","7":"category-etats-unis","8":"tag-action-cac-40","9":"tag-actualites","10":"tag-bourse-de-paris","11":"tag-boursorama","12":"tag-cotations","13":"tag-etats-unis","14":"tag-etats-unis-damerique","15":"tag-indices-devises","16":"tag-investir","17":"tag-investissement","18":"tag-marche-boursier","19":"tag-news","20":"tag-sicav","21":"tag-trackers","22":"tag-united-states","23":"tag-united-states-of-america","24":"tag-us","25":"tag-usa","26":"tag-warrants"},"share_on_mastodon":{"url":"https:\/\/pubeurope.com\/@fr\/114909759657164169","error":""},"_links":{"self":[{"href":"https:\/\/www.europesays.com\/fr\/wp-json\/wp\/v2\/posts\/271107","targetHints":{"allow":["GET"]}}],"collection":[{"href":"https:\/\/www.europesays.com\/fr\/wp-json\/wp\/v2\/posts"}],"about":[{"href":"https:\/\/www.europesays.com\/fr\/wp-json\/wp\/v2\/types\/post"}],"author":[{"embeddable":true,"href":"https:\/\/www.europesays.com\/fr\/wp-json\/wp\/v2\/users\/2"}],"replies":[{"embeddable":true,"href":"https:\/\/www.europesays.com\/fr\/wp-json\/wp\/v2\/comments?post=271107"}],"version-history":[{"count":0,"href":"https:\/\/www.europesays.com\/fr\/wp-json\/wp\/v2\/posts\/271107\/revisions"}],"wp:featuredmedia":[{"embeddable":true,"href":"https:\/\/www.europesays.com\/fr\/wp-json\/wp\/v2\/media\/2486"}],"wp:attachment":[{"href":"https:\/\/www.europesays.com\/fr\/wp-json\/wp\/v2\/media?parent=271107"}],"wp:term":[{"taxonomy":"category","embeddable":true,"href":"https:\/\/www.europesays.com\/fr\/wp-json\/wp\/v2\/categories?post=271107"},{"taxonomy":"post_tag","embeddable":true,"href":"https:\/\/www.europesays.com\/fr\/wp-json\/wp\/v2\/tags?post=271107"}],"curies":[{"name":"wp","href":"https:\/\/api.w.org\/{rel}","templated":true}]}}