{"id":271110,"date":"2025-07-24T19:03:14","date_gmt":"2025-07-24T19:03:14","guid":{"rendered":"https:\/\/www.europesays.com\/fr\/271110\/"},"modified":"2025-07-24T19:03:14","modified_gmt":"2025-07-24T19:03:14","slug":"afd-ses-ambitions-pour-conquerir-le-pouvoir-en-allemagne","status":"publish","type":"post","link":"https:\/\/www.europesays.com\/fr\/271110\/","title":{"rendered":"AfD: ses ambitions pour conqu\u00e9rir le pouvoir en Allemagne"},"content":{"rendered":"<p>Extr\u00eame droite allemande \u2013 <\/p>\n<p>L\u2019AfD d\u00e9voile sa feuille de route pour conqu\u00e9rir le pouvoir en Allemagne<\/p>\n<p class=\"ContentHead_lead____SsS link_regular__O0hk0 link_externalicon-big__ZdPgo link_externalicon__qcwXs\">Un document r\u00e9v\u00e8le les ambitions du parti d\u2019extr\u00eame droite. Entre polarisation d\u00e9lib\u00e9r\u00e9e et s\u00e9duction des conservateurs, l\u2019AfD vise 30% des suffrages aux prochaines \u00e9lections.<\/p>\n<p><img loading=\"lazy\" decoding=\"async\" src=\"https:\/\/www.europesays.com\/fr\/wp-content\/uploads\/2025\/07\/BcedbJQTaVPBO-wienIDoK.jpg\"  width=\"100\" height=\"100\"  alt=\"Simon Widmer\" class=\"AuthorImage_root__WCxj_ ContentMetaInfo_authorimage__Mp4LD AuthorImage_-content-head__3qDob\" style=\"background-color:#898989\"\/>Publi\u00e9 aujourd\u2019hui \u00e0 19h34<img decoding=\"async\" loading=\"eager\" fetchpriority=\"high\" src=\"https:\/\/www.europesays.com\/fr\/wp-content\/uploads\/2025\/07\/83SApT6_qNeBTozJJDzA8d.jpg\" alt=\"Alice Weidel, co-dirigeante de l\u2019AfD, lors d\u2019une interview estivale \u00e0 Berlin, 20 juillet 2025.\" title=\"Alice Weidel, co-dirigeante de l\u2019AfD, lors d\u2019une interview estivale \u00e0 Berlin, 20 juillet 2025.\" class=\"ResponsiveImage_root__ZDz10 responsive-image\" style=\"background-color:#425260\"\/><\/p>\n<p>Alice Weidel est la nouvelle leader de l\u2019extr\u00eame droite allemande.<\/p>\n<p>HANNIBAL HANSCHKE\/EPA\/KEYSTONE<\/p>\n<p>Abonnez-vous d\u00e8s maintenant et profitez de la fonction de lecture audio.<a href=\"https:\/\/bottalk.io\/\" class=\"BottalkPaywall_bottalklink__KDtuf\" target=\"_blank\" rel=\"noreferrer nofollow noopener\">BotTalk<\/a><\/p>\n<p class=\"ArticleParagraph_root__lhFZo ArticleContainer_content-width__FRl7F link_focus__0ZMwx link_externalicon-big__ZdPgo link_externalicon__qcwXs ArticleElement_article-element__q93eL\">\u00catre dans l\u2019opposition ne suffit plus \u00e0 l\u2019Alternative f\u00fcr Deutschland (<a class=\"HtmlText_root__A1OSq\" href=\"https:\/\/www.24heures.ch\/berlin-defavorable-a-une-interdiction-de-lafd-parti-dextreme-droite-176330832102\" rel=\"nofollow noopener\" target=\"_blank\">AfD<\/a>). Apr\u00e8s les prochaines \u00e9lections f\u00e9d\u00e9rales, le parti d\u2019extr\u00eame droite veut entrer au gouvernement. Fort de son succ\u00e8s lors des derniers votes, pour lesquels il a obtenu plus de <a class=\"HtmlText_root__A1OSq\" href=\"https:\/\/www.24heures.ch\/elections-parlementaires-la-popularite-de-lextreme-droite-132565214289\" rel=\"nofollow noopener\" target=\"_blank\">20% des voix<\/a>, il concr\u00e9tise d\u00e9sormais ses projets.<\/p>\n<p class=\"ArticleParagraph_root__lhFZo ArticleContainer_content-width__FRl7F link_focus__0ZMwx link_externalicon-big__ZdPgo link_externalicon__qcwXs ArticleElement_article-element__q93eL\">D\u00e9but juillet, le parti a \u00e9tabli un plan strat\u00e9gique pour fa\u00e7onner la politique allemande \u2013 suppression du mur coupe-feu et chemin vers la responsabilit\u00e9 gouvernementale. Le site web \u00ab<a href=\"https:\/\/www.politico.eu\/wp-content\/uploads\/2025\/07\/06\/StrategieFraktionsklausurZusammenfassungFINAL.pdf\" class=\"HtmlText_root__A1OSq\" target=\"_blank\" rel=\"noopener noreferrer nofollow\">Politico<\/a>\u00bb a publi\u00e9 le document r\u00e9dig\u00e9 par la vice-pr\u00e9sidente du parti, Beatrix von Storch.<\/p>\n<p class=\"ArticleParagraph_root__lhFZo ArticleContainer_content-width__FRl7F link_focus__0ZMwx link_externalicon-big__ZdPgo link_externalicon__qcwXs ArticleElement_article-element__q93eL\">L\u2019AfD veut s\u2019attaquer \u00e0 un probl\u00e8me de fond. Personne ne veut travailler avec elle. Seule Sahra Wagenknecht, cheffe du BSW (B\u00fcndnis Sarah Wagenknecht, ou Alliance Sahra Wagenknecht), tente un rapprochement prudent. Mais comme le parti n\u2019est pas repr\u00e9sent\u00e9 au Bundestag, une collaboration ne serait envisageable qu\u2019au niveau des L\u00e4nder.<\/p>\n<p class=\"ArticleParagraph_root__lhFZo ArticleContainer_content-width__FRl7F link_focus__0ZMwx link_externalicon-big__ZdPgo link_externalicon__qcwXs ArticleElement_article-element__q93eL\">L\u2019AfD estime que son potentiel \u00e9lectoral peut atteindre 30%. Le parti courtise la CDU\/CSU en vue d\u2019une \u00e9ventuelle coalition. Voici comme il compte s\u2019y prendre pour convaincre.<\/p>\n<p>R\u00e9duire la peur<\/p>\n<p class=\"ArticleParagraph_root__lhFZo ArticleContainer_content-width__FRl7F link_focus__0ZMwx link_externalicon-big__ZdPgo link_externalicon__qcwXs ArticleElement_article-element__q93eL\">L\u2019AfD s\u2019appuie sur son \u00e9lectorat: les Allemands de l\u2019Est, les ouvriers, les jeunes, les Allemands de Russie et les \u00e9lecteurs des zones rurales. Elle souhaite fid\u00e9liser sa base tout en conqu\u00e9rant de nouveaux publics: les plus de 60\u00a0ans, les femmes, les universitaires, les chr\u00e9tiens pratiquants et les citadins.<\/p>\n<p class=\"ArticleParagraph_root__lhFZo ArticleContainer_content-width__FRl7F link_focus__0ZMwx link_externalicon-big__ZdPgo link_externalicon__qcwXs ArticleElement_article-element__q93eL\">Le parti entend par ailleurs am\u00e9liorer le climat social en sa faveur. L\u2019objectif est de faire passer sous la barre des 50% la proportion de personnes qui le craignent, <a class=\"HtmlText_root__A1OSq\" href=\"https:\/\/www.24heures.ch\/des-milliers-de-manifestants-en-allemagne-pour-linterdiction-de-lafd-985434035909\" rel=\"nofollow noopener\" target=\"_blank\">soutiennent son interdiction<\/a> ou refusent de collaborer avec lui. Avant les derni\u00e8res \u00e9lections, deux tiers de la population s\u2019\u00e9taient prononc\u00e9s contre une entr\u00e9e de l\u2019AfD au gouvernement. Le document \u00e9voque la n\u00e9cessit\u00e9 de cr\u00e9er un environnement plus favorable. Cet objectif doit \u00eatre atteint gr\u00e2ce \u00e0 une communication qui donne une image positive du parti. Il aime afficher sa bonne humeur sur les r\u00e9seaux sociaux.<\/p>\n<p>Pousser \u00e0 la polarisation<\/p>\n<p class=\"ArticleParagraph_root__lhFZo ArticleContainer_content-width__FRl7F link_focus__0ZMwx link_externalicon-big__ZdPgo link_externalicon__qcwXs ArticleElement_article-element__q93eL\">L\u2019AfD va-t-elle se mod\u00e9rer apr\u00e8s ses succ\u00e8s \u00e9lectoraux? Plut\u00f4t non, si l\u2019on en croit le point suivant du document. Il est question de \u00abdiviser le gouvernement noir-rouge\u00bb. Le parti cherche \u00e0 alimenter d\u00e9lib\u00e9r\u00e9ment les tensions entre, au sein de la coalition gouvernementale, CDU\/CSU et SPD. Il faut pousser le SPD et les Verts plus \u00e0 gauche et creuser le foss\u00e9 entre la CDU\/CSU et les partis de gauche. L\u2019objectif est de cr\u00e9er une scission claire entre le \u00abcamp conservateur bourgeois\u00bb et le \u00abcamp de gauche\u00bb.<\/p>\n<p class=\"ArticleParagraph_root__lhFZo ArticleContainer_content-width__FRl7F link_focus__0ZMwx link_externalicon-big__ZdPgo link_externalicon__qcwXs ArticleElement_article-element__q93eL\">Jusqu\u2019\u00e0 pr\u00e9sent, tous les partis ont pris leurs distances avec le <a class=\"HtmlText_root__A1OSq\" href=\"https:\/\/www.24heures.ch\/allemagne-lextreme-droite-est-forte-parce-que-les-gens-sont-epuises-335764392428\" rel=\"nofollow noopener\" target=\"_blank\">parti d\u2019extr\u00eame droite allemand<\/a>. Mais ce dernier mise sur une polarisation \u00e0 l\u2019am\u00e9ricaine: deux camps irr\u00e9conciliables, l\u2019AfD face \u00e0 la gauche, Alice Weidel, cheffe de file du parti, contre Heidi Reichinnek, t\u00eate de liste de la gauche. Dans ce sc\u00e9nario, le SPD et les Verts devraient prendre un virage \u00e0 gauche pour s\u2019en d\u00e9marquer. Cela compliquerait \u00e0 son tour la coop\u00e9ration avec la CDU\/CSU. L\u2019AfD entend exploiter ces clivages en s\u2019appuyant sur des oppositions fondamentales: la famille face aux th\u00e9ories du genre, la nation face \u00e0 l\u2019ouverture des fronti\u00e8res, la libert\u00e9 face au socialisme.<\/p>\n<p>Chercher \u00e0 conqu\u00e9rir la droite<\/p>\n<p class=\"ArticleParagraph_root__lhFZo ArticleContainer_content-width__FRl7F link_focus__0ZMwx link_externalicon-big__ZdPgo link_externalicon__qcwXs ArticleElement_article-element__q93eL\">L\u2019AfD souhaite convaincre la CDU\/CSU de devenir son partenaire de coalition. Pour y parvenir, elle compte faire pression sur les deux partis de droite en d\u00e9posant des motions, particuli\u00e8rement sur les sujets qui pr\u00e9occupent son \u00e9lectorat. Il faut \u00e0 tout prix interpeller les personnes d\u00e9\u00e7ues et persuader gr\u00e2ce \u00e0 des arguments percutants en mati\u00e8re de politique migratoire et \u00e9conomique.<\/p>\n<p class=\"ArticleParagraph_root__lhFZo ArticleContainer_content-width__FRl7F link_focus__0ZMwx link_externalicon-big__ZdPgo link_externalicon__qcwXs ArticleElement_article-element__q93eL\">Avec <a class=\"HtmlText_root__A1OSq\" href=\"https:\/\/www.24heures.ch\/allemagne-merz-a-ete-elu-chancelier-au-deuxieme-tour-904160905897\" rel=\"nofollow noopener\" target=\"_blank\">Friedrich Merz<\/a> \u00e0 la t\u00eate du pays, cela risque d\u2019\u00eatre difficile. Le chancelier allemand ne fait pas myst\u00e8re de son opposition \u00e0 l\u2019AfD. D\u2019autres, comme le chef du groupe parlementaire Jens Spahn, dont le gouvernement semble \u00e0 bout de souffle, pourraient se montrer moins r\u00e9ticents.<\/p>\n<p>Focus sur l\u2019\u00e9conomie<\/p>\n<p class=\"ArticleParagraph_root__lhFZo ArticleContainer_content-width__FRl7F link_focus__0ZMwx link_externalicon-big__ZdPgo link_externalicon__qcwXs ArticleElement_article-element__q93eL\">L\u2019AfD tente de se positionner comme le parti de l\u2019\u00e9conomie sociale de march\u00e9 et de supplanter la droite sur ce terrain. La situation lui serait favorable. La CDU\/CSU perd en cr\u00e9dibilit\u00e9 \u00e0 cause de son revirement sur le frein \u00e0 l\u2019endettement. Pendant la campagne \u00e9lectorale, le chancelier Friedrich Merz avait en effet vant\u00e9 les m\u00e9rites du frein \u00e0 l\u2019endettement. Pourtant, il laisse aujourd\u2019hui son gouvernement contracter une dette record de 850\u00a0milliards d\u2019euros. Avec le SPD, les r\u00e9formes structurelles ne sont de toute fa\u00e7on pas possibles.<\/p>\n<p class=\"ArticleParagraph_root__lhFZo ArticleContainer_content-width__FRl7F link_focus__0ZMwx link_externalicon-big__ZdPgo link_externalicon__qcwXs ArticleElement_article-element__q93eL\">L\u2019AfD voit un autre avantage dans sa position sur le d\u00e9r\u00e8glement climatique. Elle remet r\u00e9guli\u00e8rement en question l\u2019origine humaine du r\u00e9chauffement et d\u00e9fend clairement la croissance \u00e9conomique \u00absans tenir compte des discours de gauche sur le climat\u00bb.<\/p>\n<p>R\u00e9serve en mati\u00e8re de politique \u00e9trang\u00e8re<\/p>\n<p class=\"ArticleParagraph_root__lhFZo ArticleContainer_content-width__FRl7F link_focus__0ZMwx link_externalicon-big__ZdPgo link_externalicon__qcwXs ArticleElement_article-element__q93eL\">L\u2019AfD veut \u00e9viter les conflits. Sa mission est de \u00abne pas cr\u00e9er de probl\u00e8mes suppl\u00e9mentaires\u00bb. Les sources de tension potentielles doivent \u00eatre rep\u00e9r\u00e9es \u00e0 temps et d\u00e9samorc\u00e9es gr\u00e2ce \u00e0 une communication rigoureuse. Le document ne mentionne ni l\u2019Ukraine, ni la guerre \u00e0 Gaza, ni Donald Trump, ni <a class=\"HtmlText_root__A1OSq\" href=\"https:\/\/www.24heures.ch\/musk-reitere-son-soutien-au-parti-allemand-dextreme-droite-afd-649703955306\" rel=\"nofollow noopener\" target=\"_blank\">Elon Musk<\/a>, avec qui Alice Weidel a eu un entretien tr\u00e8s remarqu\u00e9 en janvier.<\/p>\n<p class=\"ArticleParagraph_root__lhFZo ArticleContainer_content-width__FRl7F link_focus__0ZMwx link_externalicon-big__ZdPgo link_externalicon__qcwXs ArticleElement_article-element__q93eL\">Mais rien n\u2019est laiss\u00e9 au hasard. En mati\u00e8re de politique \u00e9trang\u00e8re, les fractures au sein du parti apparaissent tr\u00e8s clairement. De nombreux politiciens de l\u2019AfD se sont rendus en Russie et ont relay\u00e9 la propagande du Kremlin. La copr\u00e9sidente du parti s\u2019est toutefois r\u00e9cemment prononc\u00e9e en faveur d\u2019une \u00abrelation de partenariat\u00bb et d\u2019un dialogue avec les \u00c9tats-Unis. Mettre le parti d\u2019accord risque d\u2019\u00eatre difficile. D\u2019un point de vue strat\u00e9gique, il semble donc judicieux d\u2019\u00e9viter le sujet.<\/p>\n<p>Traduit de l\u2019allemand par Emmanuelle Stevan<\/p>\n<p class=\"DynamicTeaser_boxtitle__B6piN\">\u00c0 propos de l\u2019AfD<\/p>\n<p>Newsletter<\/p>\n<p>\u00abDerni\u00e8res nouvelles\u00bb<\/p>\n<p>Vous voulez rester au top de l\u2019info? \u00ab24 heures\u00bb vous propose deux rendez-vous par jour, pour ne rien rater de ce qui se passe dans votre Canton, en Suisse ou dans le monde.<\/p>\n<p><a class=\"NewsletterBox_more__FNemz link_underlinelink__K5Zr0\" href=\"https:\/\/www.24heures.ch\/nos-newsletters\" rel=\"nofollow noopener\" target=\"_blank\">Autres newsletters<\/a><\/p>\n<p>Se connecter<strong>Simon Widmer <\/strong>est journaliste \u00e0 la rubrique Monde de la r\u00e9daction de Tamedia depuis 2019. Auparavant, il a travaill\u00e9 pour la \u00abSonntagsZeitung\u00bb. Simon Widmer a \u00e9tudi\u00e9 les sciences politiques et l&rsquo;\u00e9conomie politique \u00e0 l&rsquo;Universit\u00e9 de Berne.<a class=\"ArticleAuthorBio_moreinfo__cqyvz link_underlinelink__K5Zr0\" rel=\"author nofollow noopener\" href=\"https:\/\/www.24heures.ch\/author\/65655631\/simon-widmer\" target=\"_blank\">Plus d&rsquo;infos<\/a><a href=\"https:\/\/twitter.com\/widmersimon\" rel=\"nofollow noopener\" target=\"_blank\">@WidmerSimon<\/a><\/p>\n<p class=\"Feedback_root__fr_Mi ArticleContainer_content-width__FRl7F\">Vous avez trouv\u00e9 une erreur?<a href=\"mailto:tes_correction@tamedia.ch?subject=Avis%20d'erreur%20%7C%20Simon%20Widmer%20%7C%20L%E2%80%99AfD%20d%C3%A9voile%20sa%20feuille%20de%20route%20pour%20conqu%C3%A9rir%20le%20pouvoir%20en%20Allemagne&amp;body=J'ai%20trouv%C3%A9%20une%20erreur%20dans%20cet%20article%3A%20https%3A%2F%2Fwww.24heures.ch%2Fafd-ses-ambitions-pour-conquerir-le-pouvoir-en-allemagne-690843449137\" class=\"Feedback_feedbacklink__VyDCi link_underlinelink__K5Zr0\">Merci de nous la signaler.<\/a><\/p>\n<p>9 commentaires<\/p>\n<p><script async src=\"https:\/\/platform.twitter.com\/widgets.js\" charset=\"utf-8\"><\/script><\/p>\n","protected":false},"excerpt":{"rendered":"Extr\u00eame droite allemande \u2013 L\u2019AfD d\u00e9voile sa feuille de route pour conqu\u00e9rir le pouvoir en Allemagne Un document&hellip;\n","protected":false},"author":2,"featured_media":271111,"comment_status":"","ping_status":"","sticky":false,"template":"","format":"standard","meta":{"footnotes":""},"categories":[1587],"tags":[11,672,1804,1805,1803,1777,674,1801,12,1802,2300],"class_list":{"0":"post-271110","1":"post","2":"type-post","3":"status-publish","4":"format-standard","5":"has-post-thumbnail","7":"category-allemagne","8":"tag-actualites","9":"tag-allemagne","10":"tag-bundesrepublik-deutschland","11":"tag-de","12":"tag-deutschland","13":"tag-eu","14":"tag-europe","15":"tag-germany","16":"tag-news","17":"tag-republique-federale-dallemagne","18":"tag-stats-seo"},"share_on_mastodon":{"url":"https:\/\/pubeurope.com\/@fr\/114909767544430685","error":""},"_links":{"self":[{"href":"https:\/\/www.europesays.com\/fr\/wp-json\/wp\/v2\/posts\/271110","targetHints":{"allow":["GET"]}}],"collection":[{"href":"https:\/\/www.europesays.com\/fr\/wp-json\/wp\/v2\/posts"}],"about":[{"href":"https:\/\/www.europesays.com\/fr\/wp-json\/wp\/v2\/types\/post"}],"author":[{"embeddable":true,"href":"https:\/\/www.europesays.com\/fr\/wp-json\/wp\/v2\/users\/2"}],"replies":[{"embeddable":true,"href":"https:\/\/www.europesays.com\/fr\/wp-json\/wp\/v2\/comments?post=271110"}],"version-history":[{"count":0,"href":"https:\/\/www.europesays.com\/fr\/wp-json\/wp\/v2\/posts\/271110\/revisions"}],"wp:featuredmedia":[{"embeddable":true,"href":"https:\/\/www.europesays.com\/fr\/wp-json\/wp\/v2\/media\/271111"}],"wp:attachment":[{"href":"https:\/\/www.europesays.com\/fr\/wp-json\/wp\/v2\/media?parent=271110"}],"wp:term":[{"taxonomy":"category","embeddable":true,"href":"https:\/\/www.europesays.com\/fr\/wp-json\/wp\/v2\/categories?post=271110"},{"taxonomy":"post_tag","embeddable":true,"href":"https:\/\/www.europesays.com\/fr\/wp-json\/wp\/v2\/tags?post=271110"}],"curies":[{"name":"wp","href":"https:\/\/api.w.org\/{rel}","templated":true}]}}