{"id":271112,"date":"2025-07-24T19:04:11","date_gmt":"2025-07-24T19:04:11","guid":{"rendered":"https:\/\/www.europesays.com\/fr\/271112\/"},"modified":"2025-07-24T19:04:11","modified_gmt":"2025-07-24T19:04:11","slug":"guerre-commerciale-quand-leurope-se-rebiffe","status":"publish","type":"post","link":"https:\/\/www.europesays.com\/fr\/271112\/","title":{"rendered":"Guerre commerciale\u00a0: quand l\u2019Europe se rebiffe"},"content":{"rendered":"<p>Nous sommes, cette fois, vraiment dans le \u00ab\u00a0money time\u00a0\u00bb, expression am\u00e9ricaine on ne peut plus appropri\u00e9e. Et dans les derniers hectom\u00e8tres des n\u00e9gociations douani\u00e8res inflig\u00e9es \u00e0 l\u2019Europe &#8211; et au reste du monde &#8211; par Donald Trump, l\u2019unit\u00e9 de compte est la dizaine de milliards de dollars.<\/p>\n<p>Apr\u00e8s des mois, des semaines, d\u2019injonctions, de menaces prof\u00e9r\u00e9es par le bulldozer de la Maison Blanche, de combien serons-nous tax\u00e9s\u00a0? Combien nous en co\u00fbtera-t-il en faillites et en emplois\u00a0? Les Britanniques et les Japonais connaissent leur sort\u00a0: ils \u00e9copent de 10\u00a0%. Les Chinois vont finaliser \u00e0 Washington une n\u00e9gociation qui a parfois tourn\u00e9 au grand-guignol, avec des surench\u00e8res de plus de 100\u00a0%.<\/p>\n<p>L\u2019Europe a, pour sa part, paru bien mi\u00e8vre apr\u00e8s la lettre assassine adress\u00e9e par Trump, le 12 juillet, \u00e0 Ursula von der Leyen, pr\u00e9sidente de la Commission, par laquelle il promettait, d\u00e8s le 1er ao\u00fbt, d\u2019appliquer des droits de douane asym\u00e9triques de 30\u00a0% \u00e0 nos exportations vers les \u00c9tats-Unis. Insupportable provocation.<\/p>\n<p>Une riposte \u00e0 la hauteur du d\u00e9fi<\/p>\n<p>Le pr\u00e9sident am\u00e9ricain n\u2019aime pas l\u2019UE, qu\u2019il tient pour une rivale aussi syst\u00e9mique que la Chine. Au m\u00e9pris de l\u2019ordre international, il impose la force du dominant au droit. Il le fait en dehors de toute rationalit\u00e9 \u00e9conomique car l\u2019\u00e9conomie mondiale va p\u00e2tir de cette guerre commerciale qui avivera l\u2019inflation outre Atlantique et peut co\u00fbter jusqu\u2019\u00e0 1,5\u00a0% de PIB aux \u00c9tats-Unis et de l\u2019ordre de 0,4\u00a0% \u00e0 l\u2019Europe.<\/p>\n<p>Un moment choqu\u00e9s, les Vingt-Sept se sont ressaisis. Ils ne sont pas tomb\u00e9s dans le pi\u00e8ge des n\u00e9gociations \u00c9tat par \u00c9tat, ce qui aurait provoqu\u00e9 une d\u00e9bandade et mis en danger l\u2019union. Faire front ou se coucher. Le rapport de force \u00e9tant la seule option qui vaille face \u00e0 Trump, la Commission, n\u00e9gociant au nom de tous, a fini par \u00e9chafauder une riposte \u00e0 la hauteur du d\u00e9fi\u00a0: <a href=\"https:\/\/www.letelegramme.fr\/monde\/droits-de-douane-lue-saccorde-sur-des-represailles-a-93-milliards-deuros-en-cas-dechec-des-negociations-avec-les-usa-6860751.php\" rel=\"nofollow noopener\" target=\"_blank\">taxer en retour les marchandises am\u00e9ricaines de 30\u00a0%, soit, dans l\u2019absolu, une p\u00e9nalit\u00e9 de l\u2019ordre de 93 milliards d\u2019euros.<\/a><\/p>\n<p>L\u2019ombre des exportations chinoises<\/p>\n<p>Bien qu\u2019elles aient bien plus \u00e0 perdre que la France dans le commerce avec l\u2019Am\u00e9rique, l\u2019Allemagne de Merz et l\u2019Italie de Meloni ont jou\u00e9 le jeu. Les Vingt-Sept menacent m\u00eame de d\u00e9gainer des mesures de coercition ant\u00e9rieures \u00e9labor\u00e9es contre les pratiques des Chinois. Une menace \u00e0 prendre au s\u00e9rieux pour les entreprises am\u00e9ricaines qui d\u00e9versent pour pr\u00e8s de 1\u00a0600 milliards en Europe, leur premier march\u00e9 d\u2019exportation. Les Europ\u00e9ens, dit-on, seraient proches de conclure un \u00ab\u00a0deal\u00a0\u00bb sur la base de droits de douane de 15\u00a0% appliqu\u00e9s au gros des importations europ\u00e9ennes. L\u2019automobile, la sid\u00e9rurgie, la pharmacie, les semi-conducteurs resteraient tax\u00e9s \u00e0 25\u00a0%.<\/p>\n<p>Avec Trump l\u2019impr\u00e9visible, tout peut encore basculer. Mais, \u00e0 ce stade, une cote mal taill\u00e9e serait per\u00e7ue comme un moindre mal pour l\u2019Europe, pour autant que certains secteurs en soient exempt\u00e9s. L\u2019a\u00e9ronautique, les spiritueux, par exemple. Accul\u00e9s par Trump, voici les Europ\u00e9ens confront\u00e9s au d\u00e9ferlement des exportations chinoises. Un p\u00e9ril tout aussi inqui\u00e9tant.<\/p>\n","protected":false},"excerpt":{"rendered":"Nous sommes, cette fois, vraiment dans le \u00ab\u00a0money time\u00a0\u00bb, expression am\u00e9ricaine on ne peut plus appropri\u00e9e. Et dans&hellip;\n","protected":false},"author":2,"featured_media":271113,"comment_status":"","ping_status":"","sticky":false,"template":"","format":"standard","meta":{"footnotes":""},"categories":[1586],"tags":[11,765,1777,674,1011,27,74,12,25],"class_list":{"0":"post-271112","1":"post","2":"type-post","3":"status-publish","4":"format-standard","5":"has-post-thumbnail","7":"category-europe","8":"tag-actualites","9":"tag-en-continu","10":"tag-eu","11":"tag-europe","12":"tag-fr","13":"tag-france","14":"tag-monde","15":"tag-news","16":"tag-republique-francaise"},"share_on_mastodon":{"url":"https:\/\/pubeurope.com\/@fr\/114909771580735399","error":""},"_links":{"self":[{"href":"https:\/\/www.europesays.com\/fr\/wp-json\/wp\/v2\/posts\/271112","targetHints":{"allow":["GET"]}}],"collection":[{"href":"https:\/\/www.europesays.com\/fr\/wp-json\/wp\/v2\/posts"}],"about":[{"href":"https:\/\/www.europesays.com\/fr\/wp-json\/wp\/v2\/types\/post"}],"author":[{"embeddable":true,"href":"https:\/\/www.europesays.com\/fr\/wp-json\/wp\/v2\/users\/2"}],"replies":[{"embeddable":true,"href":"https:\/\/www.europesays.com\/fr\/wp-json\/wp\/v2\/comments?post=271112"}],"version-history":[{"count":0,"href":"https:\/\/www.europesays.com\/fr\/wp-json\/wp\/v2\/posts\/271112\/revisions"}],"wp:featuredmedia":[{"embeddable":true,"href":"https:\/\/www.europesays.com\/fr\/wp-json\/wp\/v2\/media\/271113"}],"wp:attachment":[{"href":"https:\/\/www.europesays.com\/fr\/wp-json\/wp\/v2\/media?parent=271112"}],"wp:term":[{"taxonomy":"category","embeddable":true,"href":"https:\/\/www.europesays.com\/fr\/wp-json\/wp\/v2\/categories?post=271112"},{"taxonomy":"post_tag","embeddable":true,"href":"https:\/\/www.europesays.com\/fr\/wp-json\/wp\/v2\/tags?post=271112"}],"curies":[{"name":"wp","href":"https:\/\/api.w.org\/{rel}","templated":true}]}}