{"id":271114,"date":"2025-07-24T19:05:11","date_gmt":"2025-07-24T19:05:11","guid":{"rendered":"https:\/\/www.europesays.com\/fr\/271114\/"},"modified":"2025-07-24T19:05:11","modified_gmt":"2025-07-24T19:05:11","slug":"riposte-de-lue-accord-avec-pekin-sur-les-terres-rares-bce-ce-quil-faut-retenir-de-ce-jeudi-24-juillet","status":"publish","type":"post","link":"https:\/\/www.europesays.com\/fr\/271114\/","title":{"rendered":"Riposte de l&rsquo;UE, accord avec P\u00e9kin sur les terres rares, BCE&#8230; Ce qu&rsquo;il faut retenir de ce jeudi 24 juillet"},"content":{"rendered":"<p><strong>Bonsoir \u00e0 tous,<\/strong>\u00a0nous sommes le <strong>jeudi\u00a0<\/strong><strong>24 juillet 2025<\/strong>.\u00a0Parmi les actualit\u00e9s \u00e0 retenir, la riposte de 93 milliards d&rsquo;euros de l&rsquo;Union europ\u00e9enne en cas d&rsquo;\u00e9chec des <strong>n\u00e9gociations commerciales<\/strong> avec les \u00c9tats-Unis, l&rsquo;accord de l&rsquo;Europe avec P\u00e9kin sur les <strong>terres rares<\/strong> ou encore la <strong>BCE<\/strong> qui maintient ses taux inchang\u00e9s au vu du contexte incertain.<\/p>\n<p>Bonne soir\u00e9e\u00a0et bonne lecture\u00a0\ud83d\udc4b<\/p>\n<p>\ud83d\udccd\u00a0Droits de douane\u00a0: l&rsquo;UE pr\u00eate \u00e0 une riposte \u00e0 93 milliards<\/p>\n<p><strong>Aller de l&rsquo;avant. L&rsquo;Union europ\u00e9enne<\/strong> a donn\u00e9 ce jeudi son feu vert \u00e0 des repr\u00e9sailles \u00e0 hauteur de <strong>93 milliards d&rsquo;euros<\/strong>, qui s&rsquo;appliqueraient d\u00e8s le 7 ao\u00fbt si les n\u00e9gociations commerciales avec les \u00c9tats-Unis devaient \u00e9chouer. L&rsquo;UE a pr\u00e9par\u00e9 une liste de marchandises am\u00e9ricaines, <strong>du Bourbon aux voitures en passant par les avions<\/strong>, qui seraient tax\u00e9es si les \u00c9tats-Unis de Donald Trump devaient appliquer des droits de douane de 30 % sur les importations europ\u00e9ennes \u00e0 compter du 1er ao\u00fbt.<\/p>\n<p>\ud83d\udccd\u00a0Accord UE-Chine sur les terres rares<\/p>\n<p><strong>Bonne nouvelle pour l&rsquo;UE<\/strong> qui est parvenue \u00e0 conclure un <strong>accord avec P\u00e9kin sur les terres rares<\/strong>. La pr\u00e9sidente de la Commission europ\u00e9enne, Ursula von\u00a0der\u00a0Leyen, a annonc\u00e9 un m\u00e9canisme \u00ab am\u00e9lior\u00e9 \u00bb pour les exportations chinoises de terres rares. \u00ab\u00a0En d&rsquo;autres termes, si des goulets d&rsquo;\u00e9tranglement apparaissent, ce <strong>m\u00e9canisme am\u00e9lior\u00e9 de soutien<\/strong> \u00e0 la cha\u00eene d&rsquo;approvisionnement peut imm\u00e9diatement v\u00e9rifier et r\u00e9soudre le probl\u00e8me ou la question qui se pose \u00bb, a-t-elle d\u00e9clar\u00e9 lors d&rsquo;une conf\u00e9rence de presse dans le cadre du sommet UE-Chine qui se tient\u00a0ce jeudi \u00e0 P\u00e9kin.<\/p>\n<p><strong>Pour en savoir plus sur les enjeux de ce sommet et sur le commerces entre l&rsquo;UE et la Chine :<\/strong><\/p>\n<p>\ud83d\udc49 <a href=\"https:\/\/www.latribune.fr\/economie\/union-europeenne\/les-enjeux-du-sommet-chine-union-europeenne-1030111.html\" target=\"_blank\" rel=\"noopener\">Dumping, terres rares et sanctions&#8230; Les enjeux du sommet Chine-Union europ\u00e9enne<\/a><\/p>\n<p>\ud83d\udc49 <a href=\"https:\/\/www.latribune.fr\/economie\/international\/ue-chine-une-relation-complexe-qui-pese-des-milliards-1030145.html\" target=\"_blank\" rel=\"noopener\">UE-Chine : une relation complexe qui p\u00e8se des milliards<\/a><\/p>\n<p>\ud83d\udccd La BCE maintient ses taux inchang\u00e9s<\/p>\n<p>Pas de surprise de la part de la Banque centrale europ\u00e9enne (BCE). L&rsquo;institution financi\u00e8re a d\u00e9cid\u00e9 de <strong>maintenir ses taux au niveau actuel.<\/strong> Le contexte \u00e9conomique est \u00ab extr\u00eamement incertain \u00bb \u00e0 cause des tensions commerciales, a d\u00e9clar\u00e9 sa pr\u00e9sidente, Christine Lagarde, faisant ainsi r\u00e9f\u00e9rence aux droits de douane que Donald Trump menace d&rsquo;imposer \u00e0 l&rsquo;Europe notamment \u00e0 partir du 1er ao\u00fbt.<\/p>\n<p><strong>\ud83d\udc49 Pour comprendre la strat\u00e9gie de la BCE : <\/strong><a href=\"https:\/\/www.latribune.fr\/entreprises-finance\/banques-finance\/industrie-financiere\/la-bce-reste-l-arme-au-pied-pour-de-nouvelles-baisses-de-taux-1030239.html\" target=\"_blank\" rel=\"noopener\">La BCE reste l&rsquo;arme au pied pour de nouvelles baisses de taux<\/a><\/p>\n<p>\ud83d\udccdTrump attendu \u00e0 la Fed<\/p>\n<p>C&rsquo;est tout sauf une visite de courtoisie : <strong>Donald Trump se rend jeudi au si\u00e8ge de la Fed<\/strong>, la puissante banque centrale am\u00e9ricaine, dont il ne cesse d&rsquo;invectiver le patron Jerome Powell, trait\u00e9 de \u00ab nigaud \u00bb qui tarderait trop \u00e0 baisser les taux. Le pr\u00e9sident r\u00e9publicain, qui avait nomm\u00e9 le patron de la R\u00e9serve f\u00e9d\u00e9rale pendant son premier mandat (2017-2021), avant qu&rsquo;il ne soit reconduit par le d\u00e9mocrate Joe Biden, est attendu \u00e0 <strong>16\u00a0heures locale sur place<\/strong> (22 heures \u00e0 Paris), selon la Maison Blanche.<\/p>\n<p>\ud83d\udccdLe march\u00e9 automobile europ\u00e9en s&rsquo;enfonce dans la crise<\/p>\n<p><strong>Mauvaise nouvelle.<\/strong> Le march\u00e9 europ\u00e9en des voitures neuves a marqu\u00e9 <strong>un net recul au mois de juin de -7,3 % sur un an<\/strong>, selon les chiffres publi\u00e9s ce jeudi par l&rsquo;association des constructeurs ACEA. L&rsquo;Allemagne, la France et l&rsquo;Italie affichent notamment de fortes baisses. Le groupe <strong>Stellantis<\/strong>, num\u00e9ro 2 europ\u00e9en, subit l&rsquo;essentiel de la baisse en juin (-16,1 % soit 30 000 ventes de moins), notamment sur ses marques Fiat et Citro\u00ebn, en plein renouvellement de leur gamme.<\/p>\n<p><strong>\ud83d\udc49 Pour aller plus loin :<\/strong> <a href=\"https:\/\/www.latribune.fr\/entreprises-finance\/industrie\/automobile\/stellantis-plonge-pour-la-premiere-fois-dans-le-rouge-1030073.html\" target=\"_blank\" rel=\"noopener\">Stellantis plonge pour la premi\u00e8re fois dans le rouge<\/a><\/p>\n<p>\ud83d\udcf0 La Une du vendredi 25 juillet, d\u00e9j\u00e0 disponible \ud83d\udc49ici<\/p>\n<p>(Veille r\u00e9alis\u00e9e avec AFP et Reuters)<\/p>\n","protected":false},"excerpt":{"rendered":"Bonsoir \u00e0 tous,\u00a0nous sommes le jeudi\u00a024 juillet 2025.\u00a0Parmi les actualit\u00e9s \u00e0 retenir, la riposte de 93 milliards d&rsquo;euros&hellip;\n","protected":false},"author":2,"featured_media":271115,"comment_status":"","ping_status":"","sticky":false,"template":"","format":"standard","meta":{"footnotes":""},"categories":[1586],"tags":[17,743,11,3396,33,1777,674,1779,1011,27,1861,151,12,2484,25,5545,3356,1778,364],"class_list":{"0":"post-271114","1":"post","2":"type-post","3":"status-publish","4":"format-standard","5":"has-post-thumbnail","7":"category-europe","8":"tag-17","9":"tag-accord","10":"tag-actualites","11":"tag-avec","12":"tag-economie","13":"tag-eu","14":"tag-europe","15":"tag-european-union","16":"tag-fr","17":"tag-france","18":"tag-lue","19":"tag-les","20":"tag-news","21":"tag-pekin","22":"tag-republique-francaise","23":"tag-riposte","24":"tag-sur","25":"tag-ue","26":"tag-union-europeenne"},"share_on_mastodon":{"url":"https:\/\/pubeurope.com\/@fr\/114909775467570539","error":""},"_links":{"self":[{"href":"https:\/\/www.europesays.com\/fr\/wp-json\/wp\/v2\/posts\/271114","targetHints":{"allow":["GET"]}}],"collection":[{"href":"https:\/\/www.europesays.com\/fr\/wp-json\/wp\/v2\/posts"}],"about":[{"href":"https:\/\/www.europesays.com\/fr\/wp-json\/wp\/v2\/types\/post"}],"author":[{"embeddable":true,"href":"https:\/\/www.europesays.com\/fr\/wp-json\/wp\/v2\/users\/2"}],"replies":[{"embeddable":true,"href":"https:\/\/www.europesays.com\/fr\/wp-json\/wp\/v2\/comments?post=271114"}],"version-history":[{"count":0,"href":"https:\/\/www.europesays.com\/fr\/wp-json\/wp\/v2\/posts\/271114\/revisions"}],"wp:featuredmedia":[{"embeddable":true,"href":"https:\/\/www.europesays.com\/fr\/wp-json\/wp\/v2\/media\/271115"}],"wp:attachment":[{"href":"https:\/\/www.europesays.com\/fr\/wp-json\/wp\/v2\/media?parent=271114"}],"wp:term":[{"taxonomy":"category","embeddable":true,"href":"https:\/\/www.europesays.com\/fr\/wp-json\/wp\/v2\/categories?post=271114"},{"taxonomy":"post_tag","embeddable":true,"href":"https:\/\/www.europesays.com\/fr\/wp-json\/wp\/v2\/tags?post=271114"}],"curies":[{"name":"wp","href":"https:\/\/api.w.org\/{rel}","templated":true}]}}