{"id":271118,"date":"2025-07-24T19:07:13","date_gmt":"2025-07-24T19:07:13","guid":{"rendered":"https:\/\/www.europesays.com\/fr\/271118\/"},"modified":"2025-07-24T19:07:13","modified_gmt":"2025-07-24T19:07:13","slug":"hulk-hogan-le-legendaire-catcheur-americain-est-mort-a-71-ans","status":"publish","type":"post","link":"https:\/\/www.europesays.com\/fr\/271118\/","title":{"rendered":"Hulk Hogan, le l\u00e9gendaire catcheur am\u00e9ricain est mort \u00e0 71 ans"},"content":{"rendered":"<p class=\"article-p mdl\">Jour de deuil pour les amateurs de ring et de passage par-dessus la troisi\u00e8me corde. Le l\u00e9gendaire catcheur am\u00e9ricain Hulk Hogan est d\u00e9c\u00e9d\u00e9, a r\u00e9v\u00e9l\u00e9 la presse am\u00e9ricaine ce jeudi 24 juillet. \u00c0 71 ans, il \u00e9tait une ic\u00f4ne de la WWF (devenue WWE).<\/p>\n<p class=\"article-p mdl\">Selon les informations de\u00a0<a class=\"link\" href=\"https:\/\/www.tmz.com\/2025\/07\/24\/hulk-hogan-dead\/\" target=\"_blank\" rel=\"noopener\">TMZ Sports<\/a>, des m\u00e9decins se sont rendus au domicile d&rsquo;Hulk Hogan en Floride, dans la matin\u00e9e, pour un arr\u00eat cardiaque. Quelques semaines plus t\u00f4t, la femme de la superstar am\u00e9ricaine avait d\u00e9menti des rumeurs selon lesquelles son mari se trouvait dans le coma et assurait que son c\u0153ur \u00e9tait \u00ab\u00a0fort\u00a0\u00bb.<\/p>\n<p class=\"article-p mdl\">Toujours avec son bandana jaune et sa moustache iconique, Hulk Hogan est devenue c\u00e9l\u00e8bre dans les ann\u00e9es 80 gr\u00e2ce \u00e0 ses performances sur le ring, \u00e0 la m\u00eame p\u00e9riode notamment que le Fran\u00e7ais Andr\u00e9 The Giant, avant de quitter le catch en 1993.\u00a0Il a aussi jou\u00e9 dans des films pour le petit comme le grand \u00e9cran, de \u00ab\u00a0Rocky III\u00a0\u00bb \u00e0 \u00ab\u00a0Cadence de combat\u00a0\u00bb en passant par la tr\u00e8s populaire s\u00e9rie \u00ab\u00a0Alerte \u00e0 Malibu\u00a0\u00bb.\u00a0<br \/><strong\/><\/p>\n<p>    La r\u00e9daction vous recommande<\/p>\n<p class=\"s-newsletter__title\">\n                L\u2019actualit\u00e9 par la r\u00e9daction de RTL dans votre bo\u00eete mail.\n            <\/p>\n<p class=\"s-newsletter__subtitle\">\n                Gr\u00e2ce \u00e0 votre compte RTL abonnez-vous \u00e0 la newsletter RTL info pour suivre toute l&rsquo;actualit\u00e9 au quotidien\n            <\/p>\n<p>\n                                    Lire la suite\n                                <\/p>\n","protected":false},"excerpt":{"rendered":"Jour de deuil pour les amateurs de ring et de passage par-dessus la troisi\u00e8me corde. Le l\u00e9gendaire catcheur&hellip;\n","protected":false},"author":2,"featured_media":271119,"comment_status":"","ping_status":"","sticky":false,"template":"","format":"standard","meta":{"footnotes":""},"categories":[2],"tags":[11,898,3983,73,2414,107,2619,1011,27,12,25],"class_list":{"0":"post-271118","1":"post","2":"type-post","3":"status-publish","4":"format-standard","5":"has-post-thumbnail","7":"category-actualites","8":"tag-actualites","9":"tag-alerte","10":"tag-deces","11":"tag-etats-unis","12":"tag-fil-culture","13":"tag-fil-info","14":"tag-fil-sport","15":"tag-fr","16":"tag-france","17":"tag-news","18":"tag-republique-francaise"},"share_on_mastodon":{"url":"https:\/\/pubeurope.com\/@fr\/114909783408296077","error":""},"_links":{"self":[{"href":"https:\/\/www.europesays.com\/fr\/wp-json\/wp\/v2\/posts\/271118","targetHints":{"allow":["GET"]}}],"collection":[{"href":"https:\/\/www.europesays.com\/fr\/wp-json\/wp\/v2\/posts"}],"about":[{"href":"https:\/\/www.europesays.com\/fr\/wp-json\/wp\/v2\/types\/post"}],"author":[{"embeddable":true,"href":"https:\/\/www.europesays.com\/fr\/wp-json\/wp\/v2\/users\/2"}],"replies":[{"embeddable":true,"href":"https:\/\/www.europesays.com\/fr\/wp-json\/wp\/v2\/comments?post=271118"}],"version-history":[{"count":0,"href":"https:\/\/www.europesays.com\/fr\/wp-json\/wp\/v2\/posts\/271118\/revisions"}],"wp:featuredmedia":[{"embeddable":true,"href":"https:\/\/www.europesays.com\/fr\/wp-json\/wp\/v2\/media\/271119"}],"wp:attachment":[{"href":"https:\/\/www.europesays.com\/fr\/wp-json\/wp\/v2\/media?parent=271118"}],"wp:term":[{"taxonomy":"category","embeddable":true,"href":"https:\/\/www.europesays.com\/fr\/wp-json\/wp\/v2\/categories?post=271118"},{"taxonomy":"post_tag","embeddable":true,"href":"https:\/\/www.europesays.com\/fr\/wp-json\/wp\/v2\/tags?post=271118"}],"curies":[{"name":"wp","href":"https:\/\/api.w.org\/{rel}","templated":true}]}}