{"id":271120,"date":"2025-07-24T19:08:15","date_gmt":"2025-07-24T19:08:15","guid":{"rendered":"https:\/\/www.europesays.com\/fr\/271120\/"},"modified":"2025-07-24T19:08:15","modified_gmt":"2025-07-24T19:08:15","slug":"vers-un-retour-de-la-chaleur-et-du-grand-soleil-en-france-les-previsions-pour-fin-juillet-et-debut-aout","status":"publish","type":"post","link":"https:\/\/www.europesays.com\/fr\/271120\/","title":{"rendered":"Vers un retour de la chaleur et du grand soleil en France\u00a0? Les pr\u00e9visions pour fin juillet et d\u00e9but ao\u00fbt \u00a0"},"content":{"rendered":"<p>            Par<br \/>\n        <strong><br \/>\n            <a href=\"https:\/\/actu.fr\/auteur\/briac-trebert\" title=\"Consulter tous les articles de Briac Tr\u00e9bert\" rel=\"nofollow noopener\" target=\"_blank\">Briac Tr\u00e9bert<\/a><br \/>\n        <\/strong><\/p>\n<p>        Publi\u00e9 le<\/p>\n<p>            24 juil. 2025 \u00e0 20h36        <\/p>\n<p>La France a \u00e9t\u00e9 touch\u00e9e par une (longue) <a href=\"https:\/\/actu.fr\/tag\/vague-de-chaleur\" rel=\"nofollow noopener\" target=\"_blank\">vague de chaleur<\/a> du 19\u00a0juin au 4\u00a0juillet 2025. Un \u00e9pisode bien souvent au-dessus du seuil de la <a href=\"https:\/\/actu.fr\/tag\/canicule\" rel=\"nofollow noopener\" target=\"_blank\">canicule<\/a>. L\u2019une des vagues de chaleur les plus pr\u00e9coces, les plus intenses au niveau national, derri\u00e8re juillet\u00a02019 et ao\u00fbt\u00a02003, et l\u2019une des plus remarquables par sa dur\u00e9e (16\u00a0jours). Elle se classe au troisi\u00e8me rang des plus longues ex-aequo avec juillet\u00a02018 ou ao\u00fbt\u00a02003, a calcul\u00e9 M\u00e9t\u00e9o France.<\/p>\n<p class=\" wall-content\">Depuis\u2009? Le mercure a sensiblement baiss\u00e9 et les temp\u00e9ratures sont m\u00eame inf\u00e9rieures aux normales de saison depuis ce mercredi 23\u00a0juillet et ce sera encore le cas ce vendredi 25\u00a0juillet. Presque un \u00e9v\u00e9nement sur fond de <a href=\"https:\/\/actu.fr\/tag\/rechauffement-climatique\" rel=\"nofollow noopener\" target=\"_blank\">r\u00e9chauffement climatique<\/a>.<\/p>\n<p class=\" wall-content\">Quand est-ce que les temp\u00e9ratures vont remonter\u2009? Et le grand soleil briller, alors que M\u00e9t\u00e9o France multiplie les vigilances jaune et orange pour pluie-<a href=\"https:\/\/actu.fr\/tag\/inondations\" rel=\"nofollow noopener\" target=\"_blank\">inondation<\/a> et <a href=\"https:\/\/actu.fr\/tag\/orages\" rel=\"nofollow noopener\" target=\"_blank\">orages<\/a> depuis ce mercredi\u2009? R\u00e9ponse, \u00e7a sera plus sec et plus chaud d\u00e8s ce week-end des samedi 26\u00a0juillet et dimanche 27\u00a0juillet, mais pour le grand soleil et les fortes chaleurs, rien ou presque encore \u00e0 l\u2019horizon\u2009!<\/p>\n<p>Une am\u00e9lioration\u2026 puis une nouvelle d\u00e9gradation vers le 1er\u00a0ao\u00fbt<\/p>\n<p class=\" wall-content\"><strong>C\u2019est une s\u00e9quence estivale assez classique, chaude mais sans exc\u00e8s, qui va se mettre en place<\/strong>. Avant une nouvelle d\u00e9gradation pr\u00e9vue les tout premiers jours d\u2019ao\u00fbt.<br \/>\u00ab\u2009Si retour d\u2019une vague de chaleur sur la France, \u00e7a ne sera pas avant le 8 ou le 9\u00a0ao\u00fbt, d\u2019apr\u00e8s les mod\u00e8les de pr\u00e9visions <a href=\"https:\/\/actu.fr\/meteo\" rel=\"nofollow noopener\" target=\"_blank\">m\u00e9t\u00e9o<\/a>\u2009\u00bb, estime, sur actu.fr, le m\u00e9t\u00e9orologue Yann Amice.<\/p>\n<p class=\" wall-content\">La France va conna\u00eetre un \u00ab\u2009\u00e9t\u00e9 caniculaire\u2009\u00bb, alertait pourtant <a href=\"https:\/\/actu.fr\/societe\/fete-de-la-musique-avec-la-canicule-le-ministre-de-la-sante-demande-d-y-aller-doucement-sur-l-alcool_62806473.html\" rel=\"nofollow noopener\" target=\"_blank\">le ministre de la Sant\u00e9, Yannick Neuder, le 21\u00a0juin<\/a>. Mais pr\u00e9voir la m\u00e9t\u00e9o sur un temps long reste une utopie, m\u00eame si les cons\u00e9quences du r\u00e9chauffement climatique (vagues de chaleur plus nombreuses, ph\u00e9nom\u00e8nes extr\u00eames\u2026) se font d\u00e9j\u00e0 ressentir. Et sont d\u00e9sormais \u00e9tablies.<\/p>\n<p class=\" wall-content\">Les \u00e9t\u00e9s futurs seront plus chauds que tous ceux connus jusqu\u2019\u00e0 aujourd\u2019hui. Et cet \u00e9t\u00e9 2025 sera plus chaud \u00e9galement que par le pass\u00e9 au regard des temp\u00e9ratures d\u00e9j\u00e0 enregistr\u00e9es ces pr\u00e9c\u00e9dentes semaines.<\/p>\n<blockquote class=\"ac-article-quote wall-content\">\n<p>En observant la situation des autres pays europ\u00e9ens, on saisit toute la variabilit\u00e9 extr\u00eame de ces phases de chaleur intense : le moindre d\u00e9calage dans la position des flux d\u2019altitude suffit \u00e0 faire basculer un pays d\u2019un sc\u00e9nario caniculaire \u00e0 un \u00e9pisode orageux et perturb\u00e9, ou inversement. C\u2019est cette sensibilit\u00e9 accrue \u00e0 la dynamique atmosph\u00e9rique qui rend les \u00e9t\u00e9s europ\u00e9ens de plus en plus contrast\u00e9s et impr\u00e9visibles.<\/p>\n<p>    <strong>Yann Amice<\/strong><br \/>\n        M\u00e9t\u00e9orologue    <\/p><\/blockquote>\n<p class=\" wall-content\">Les conditions m\u00e9t\u00e9orologiques vont donc s\u2019am\u00e9liorer d\u00e8s ce week-end des samedi\u00a026 et dimanche 27\u00a0juillet sur la France. Un temps plus estival, \u00ab\u2009mais sans fortes chaleurs\u2009\u00bb, insiste Yann Amice, car le courant restera orient\u00e9 au nord-ouest avec une influence oc\u00e9anique plut\u00f4t fra\u00eeche et assez humide (avec beaucoup de nuages au nord).<\/p>\n<p class=\" wall-content\">L\u2019anticyclone des A\u00e7ores va regonfler vers notre pays ce week-end et apportera un temps plus ensoleill\u00e9 avec des temp\u00e9ratures orient\u00e9es \u00e0 la hausse, mais les nuages resteront donc bien souvent pr\u00e9sents, sauf pr\u00e8s de la M\u00e9diterran\u00e9e o\u00f9 le retour du mistral et de la tramontane se feront n\u00e9anmoins sentir jusqu\u2019\u00e0 mercredi prochain.<\/p>\n<p>    <img   decoding=\"async\" loading=\"lazy\" src=\"https:\/\/www.europesays.com\/fr\/wp-content\/uploads\/2025\/07\/vent28juillet2025-960x636.jpeg\" alt=\"ddd\" width=\"960\" height=\"636\"\/><br \/>\n    Le mistral et la tramontane vont souffler en M\u00e9diterran\u00e9e jusqu\u2019au mercredi 30\u00a0juillet 2025, d\u2019apr\u00e8s les mod\u00e8les m\u00e9t\u00e9o. (\u00a9WeatherNCo avec Meteologix)Le retour annonc\u00e9 d\u2019une goutte froide par l\u2019ouest de la France<\/p>\n<p class=\" wall-content\">Les temp\u00e9ratures regagneront d\u00e8s ce week-end les moyennes saisonni\u00e8res, avec de 21 \u00e0 32\u00a0\u00b0C en moyenne du nord au sud-est. Pour la suite, les diff\u00e9rents mod\u00e8les num\u00e9riques m\u00e9t\u00e9orologiques envisagent d\u00e9j\u00e0 une nouvelle d\u00e9gradation du 1er\u00a0ao\u00fbt au 5\u00a0ao\u00fbt, avec une nouvelle goutte froide (de l\u2019air froid altitude) attendue sur la Bretagne.<\/p>\n<p>    <img   decoding=\"async\" loading=\"lazy\" src=\"https:\/\/www.europesays.com\/fr\/wp-content\/uploads\/2025\/07\/temperatures26juillet2025-960x639.jpeg\" alt=\"ddd\" width=\"960\" height=\"639\"\/><br \/>\n    Les temp\u00e9ratures pr\u00e9vues samedi\u00a026 et dimanche 27\u00a0juillet 2025 en France. (\u00a9WeatherNCo avec Meteologix)<\/p>\n<p class=\" wall-content\">Au menu, encore, une nouvelle (l\u00e9g\u00e8re) baisse du mercure et le retour des orages et de la pluie sur une grande partie du pays, d\u2019ouest en est, comme cette semaine.<\/p>\n<blockquote class=\"ac-article-quote wall-content\">\n<p>\u00c0 celles et ceux qui disent que \u00ab\u00a0l\u2019\u00e9t\u00e9 est pourri\u00a0\u00bb parce qu\u2019ils ont eu trois gouttes sur le cr\u00e2ne : du 1er juin au 21 juillet 2025, la France a connu son d\u00e9but d\u2019\u00e9t\u00e9 le plus chaud jamais enregistr\u00e9, devant 2003.<\/p>\n<p>    <strong>Serge Zaka<\/strong><br \/>\n        Agroclimatologue    <\/p><\/blockquote>\n<p class=\" wall-content\">Mais ensuite, \u00e0 partir du 8\u00a0ao\u00fbt, un renforcement du bloc anticyclonique se dessine, ce qui laisse pr\u00e9sager une remont\u00e9e plus sensible des temp\u00e9ratures. Cette \u00e9volution, bien que modeste, appara\u00eet dans les diff\u00e9rents sc\u00e9narios.<\/p>\n<p class=\" wall-content\">\n<p class=\" wall-content\">Vous avez l\u2019impression que cet \u00e9t\u00e9 est pourri car vous venez juste de d\u00e9buter vos cong\u00e9s\u2009? Pour rappel, le mois de juin a \u00e9t\u00e9 <strong>le deuxi\u00e8me mois de juin le plus chaud jamais enregistr\u00e9<\/strong> (+3,3\u00a0\u00b0C), derri\u00e8re 2003. Et la p\u00e9riode du 1er\u00a0juin au 14\u00a0juillet a \u00e9t\u00e9 la plus chaude jamais enregistr\u00e9e en France, devant l\u2019\u00e9t\u00e9 2003\u2009!<\/p>\n<p class=\" wall-content\">Les temp\u00e9ratures connues cette semaine sur la moiti\u00e9 nord (20 \u00e0 27\u00a0\u00b0C), vous paraissent \u00ab\u2009froides\u2009\u00bb elles correspondent pourtant aux normales de saison ou presque.<\/p>\n<p class=\" wall-content\">Suivez toute l\u2019actualit\u00e9 de vos villes et m\u00e9dias favoris en vous inscrivant \u00e0 <a href=\"https:\/\/moncompte.actu.fr\" title=\"D\u00e9couvez Mon Actu\" rel=\"nofollow noopener\" data-trk=\"{&quot;cta&quot;:{&quot;action&quot;:&quot;https:\\\/\\\/moncompte.actu.fr&quot;,&quot;category&quot;:&quot;mon compte&quot;,&quot;from&quot;:&quot;article footer&quot;,&quot;name&quot;:&quot;Mon actu&quot;,&quot;type&quot;:&quot;cta&quot;}}\" target=\"_blank\">Mon Actu<\/a>.<\/p>\n","protected":false},"excerpt":{"rendered":"Par Briac Tr\u00e9bert Publi\u00e9 le 24 juil. 2025 \u00e0 20h36 La France a \u00e9t\u00e9 touch\u00e9e par une (longue)&hellip;\n","protected":false},"author":2,"featured_media":271121,"comment_status":"","ping_status":"","sticky":false,"template":"","format":"standard","meta":{"footnotes":""},"categories":[4],"tags":[11,1011,27,2487,2357,12,4594,25,15637],"class_list":{"0":"post-271120","1":"post","2":"type-post","3":"status-publish","4":"format-standard","5":"has-post-thumbnail","7":"category-france","8":"tag-actualites","9":"tag-fr","10":"tag-france","11":"tag-meteo","12":"tag-meteo-france","13":"tag-news","14":"tag-orages","15":"tag-republique-francaise","16":"tag-vague-de-chaleur"},"share_on_mastodon":{"url":"https:\/\/pubeurope.com\/@fr\/114909787708663894","error":""},"_links":{"self":[{"href":"https:\/\/www.europesays.com\/fr\/wp-json\/wp\/v2\/posts\/271120","targetHints":{"allow":["GET"]}}],"collection":[{"href":"https:\/\/www.europesays.com\/fr\/wp-json\/wp\/v2\/posts"}],"about":[{"href":"https:\/\/www.europesays.com\/fr\/wp-json\/wp\/v2\/types\/post"}],"author":[{"embeddable":true,"href":"https:\/\/www.europesays.com\/fr\/wp-json\/wp\/v2\/users\/2"}],"replies":[{"embeddable":true,"href":"https:\/\/www.europesays.com\/fr\/wp-json\/wp\/v2\/comments?post=271120"}],"version-history":[{"count":0,"href":"https:\/\/www.europesays.com\/fr\/wp-json\/wp\/v2\/posts\/271120\/revisions"}],"wp:featuredmedia":[{"embeddable":true,"href":"https:\/\/www.europesays.com\/fr\/wp-json\/wp\/v2\/media\/271121"}],"wp:attachment":[{"href":"https:\/\/www.europesays.com\/fr\/wp-json\/wp\/v2\/media?parent=271120"}],"wp:term":[{"taxonomy":"category","embeddable":true,"href":"https:\/\/www.europesays.com\/fr\/wp-json\/wp\/v2\/categories?post=271120"},{"taxonomy":"post_tag","embeddable":true,"href":"https:\/\/www.europesays.com\/fr\/wp-json\/wp\/v2\/tags?post=271120"}],"curies":[{"name":"wp","href":"https:\/\/api.w.org\/{rel}","templated":true}]}}