{"id":271123,"date":"2025-07-24T19:10:18","date_gmt":"2025-07-24T19:10:18","guid":{"rendered":"https:\/\/www.europesays.com\/fr\/271123\/"},"modified":"2025-07-24T19:10:18","modified_gmt":"2025-07-24T19:10:18","slug":"je-commence-a-peine-a-realiser-originaire-de-douarnenez-la-volleyeuse-caroline-le-mao-senvole-pour-le-championnat-universitaire-americain","status":"publish","type":"post","link":"https:\/\/www.europesays.com\/fr\/271123\/","title":{"rendered":"\u00ab\u00a0Je commence \u00e0 peine \u00e0 r\u00e9aliser\u00a0!\u00a0\u00bb\u00a0: originaire de Douarnenez, la volleyeuse Caroline Le Mao s\u2019envole pour le championnat universitaire am\u00e9ricain"},"content":{"rendered":"<p>C\u2019\u00e9tait il y a dix ans\u00a0: le dimanche 10 mai 2015, \u00e0 Lannion (22), <a href=\"https:\/\/www.letelegramme.fr\/finistere\/douarnenez-29100\/spanvolleyspan-les-benjamines-du-dvbc-remportent-le-bretagne-2418245.php\" target=\"_blank\" rel=\"nofollow noopener\">les benjamines du Douarnenez Volley-Ball Club devenaient championnes de Bretagne face \u00e0 Montgermont<\/a>. Membre de cette jeune g\u00e9n\u00e9ration dor\u00e9e du club, Caroline Le Mao, 22 ans, a poursuivi son bonhomme de chemin dans le milieu du volley-ball de haut niveau, malgr\u00e9 une rupture des ligaments crois\u00e9s et un gros p\u00e9pin de sant\u00e9 qui ont frein\u00e9 sa progression. Pass\u00e9e par <a href=\"https:\/\/www.letelegramme.fr\/finistere\/douarnenez-29100\/spanvolleyspan-caroline-le-mao-une-grande-espoir-3281299.php\" target=\"_blank\" rel=\"nofollow noopener\">le P\u00f4le espoirs de Sabl\u00e9-sur-Sarthe<\/a>, puis par les clubs de Quimper, <a href=\"https:\/\/www.letelegramme.fr\/finistere\/douarnenez-29100\/alexandra-et-caroline-le-mao-deux-soeurs-douarnenistes-vers-lelite-du-volley-ball-francais-3759099.php\" target=\"_blank\" rel=\"nofollow noopener\">N\u00eemes<\/a>, Cannes, Montpellier et Strasbourg, elle s\u2019appr\u00eate \u00e0 vivre une exp\u00e9rience unique\u00a0: d\u00e9but ao\u00fbt, elle int\u00e9grera le championnat universitaire am\u00e9ricain, sous les couleurs de l\u2019universit\u00e9 d\u2019Indian Hills, situ\u00e9e \u00e0 Ottumwa, ville de 25\u00a0000 habitants dans l\u2019Iowa.<\/p>\n<p>Recrut\u00e9e\u2026 sur vid\u00e9o\u00a0!<\/p>\n<p>\u00c0 quelques jours du grand d\u00e9part vers les \u00c9tats-Unis, Caroline Le Mao l\u2019avoue\u00a0: \u00ab\u00a0Je suis un peu stress\u00e9e, je commence \u00e0 peine \u00e0 r\u00e9aliser ce qui m\u2019arrive\u00a0\u00bb. Pourtant, ce p\u00e9riple est le fruit d\u2019une m\u00fbre r\u00e9flexion. \u00ab\u00a0Je suis pass\u00e9e par une agence nomm\u00e9e Athletic USA pour int\u00e9grer le championnat universitaire am\u00e9ricain. J\u2019ai pris contact avec l\u2019agence il y a deux ans. Je pensais partir pour la saison 2024-2025 mais j\u2019ai finalement d\u00e9cid\u00e9 de reporter ce projet d\u2019un an afin de terminer en France mon master de marketing et communication d\u2019influence\u00a0\u00bb, explique la Douarneniste, qui \u00e9volue au poste de centrale sur le terrain et recrut\u00e9e sur vid\u00e9o. \u00ab\u00a0L\u2019agence a pr\u00e9par\u00e9 une compilation de mes actions, qu\u2019elle a ensuite transmise aux universit\u00e9s. La coach d\u2019Indian Hills, Lyndsey Michel, m\u2019a indiqu\u00e9 qu\u2019elle avait appr\u00e9ci\u00e9 mon engagement, mon enthousiasme et mon c\u00f4t\u00e9 bosseur\u00a0\u00bb, poursuit Caroline Le Mao, titulaire d\u2019une bourse compl\u00e8te pour jouer et \u00e9tudier pendant deux ans.<\/p>\n<p>Passer un cap sportif<\/p>\n<p>L\u00e0-bas, elle ambitionne de devenir bilingue, certes, et surtout de passer un cap sur le plan sportif, en jouant entour\u00e9e de jeunes volleyeuses am\u00e9ricaines, br\u00e9siliennes, \u00e9gyptiennes ou portugaises. \u00ab\u00a0Ce sera une tout autre mani\u00e8re de jouer, m\u00eame les r\u00e8gles du jeu seront diff\u00e9rentes\u00a0! Et puis, l\u2019encadrement au sein de l\u2019\u00e9quipe sera tr\u00e8s professionnel\u00a0\u00bb, affirme la sportive, qui avait la sensation de stagner dans son pays natal, o\u00f9, par ailleurs, la trajectoire du volley f\u00e9minin ne l\u2019incite pas vraiment \u00e0 l\u2019optimisme. \u00ab\u00a0On aurait pu penser que la discipline gagnerait en notori\u00e9t\u00e9 avec les deux titres olympiques cons\u00e9cutifs de l\u2019\u00e9quipe masculine mais ce n\u2019est pas le cas\u00a0\u00bb, regrette Caroline.<\/p>\n<p>La grande s\u0153ur premi\u00e8re supportrice<\/p>\n<p>Un point de vue partag\u00e9 par <a href=\"https:\/\/www.letelegramme.fr\/finistere\/douarnenez-29100\/le-retour-au-bercail-de-la-volleyeuse-douarneniste-alexandra-le-mao-336088.php\" target=\"_blank\" rel=\"nofollow noopener\">sa grande s\u0153ur Alexandra, 27 ans<\/a>, elle aussi volleyeuse de haut niveau. \u00ab\u00a0Je viens de signer mon troisi\u00e8me contrat professionnel, je vais jouer \u00e0 Clamart (92) la saison prochaine, en \u00c9lite (deuxi\u00e8me division fran\u00e7aise). C\u2019est super de pouvoir vivre de ma passion, mais le volley f\u00e9minin reste tr\u00e8s peu mis en valeur dans les m\u00e9dias et par les sponsors, et on voit que beaucoup de clubs ont du mal \u00e0 se maintenir au haut niveau\u00a0\u00bb, constate l\u2019a\u00een\u00e9e de la fratrie, toujours aussi d\u00e9termin\u00e9e malgr\u00e9 cela \u00e0 poursuivre sa carri\u00e8re de sportive professionnelle en France. \u00ab\u00a0Je suis d\u00e9j\u00e0 tr\u00e8s contente d\u2019en \u00eatre arriv\u00e9e l\u00e0, d\u2019autant que mon parcours est un peu atypique dans la mesure o\u00f9 je ne suis pas pass\u00e9e par le P\u00f4le espoirs. Jouer dans un autre pays europ\u00e9en ou aux \u00c9tats-Unis comme Caro, je pense que c\u2019est trop tard me concernant\u00a0\u00bb, affirme Alexandra, qui sera, avec ses parents Suzanne et Jacques, la premi\u00e8re supportrice des Indian Hills lors de la saison 2025-2026.<\/p>\n","protected":false},"excerpt":{"rendered":"C\u2019\u00e9tait il y a dix ans\u00a0: le dimanche 10 mai 2015, \u00e0 Lannion (22), les benjamines du Douarnenez&hellip;\n","protected":false},"author":2,"featured_media":271124,"comment_status":"","ping_status":"","sticky":false,"template":"","format":"standard","meta":{"footnotes":""},"categories":[1417],"tags":[3320,1011,27,60,1470,1469],"class_list":{"0":"post-271123","1":"post","2":"type-post","3":"status-publish","4":"format-standard","5":"has-post-thumbnail","7":"category-volley","8":"tag-douarnenez","9":"tag-fr","10":"tag-france","11":"tag-sports","12":"tag-volley","13":"tag-volleyball"},"share_on_mastodon":{"url":"https:\/\/pubeurope.com\/@fr\/114909795083064719","error":""},"_links":{"self":[{"href":"https:\/\/www.europesays.com\/fr\/wp-json\/wp\/v2\/posts\/271123","targetHints":{"allow":["GET"]}}],"collection":[{"href":"https:\/\/www.europesays.com\/fr\/wp-json\/wp\/v2\/posts"}],"about":[{"href":"https:\/\/www.europesays.com\/fr\/wp-json\/wp\/v2\/types\/post"}],"author":[{"embeddable":true,"href":"https:\/\/www.europesays.com\/fr\/wp-json\/wp\/v2\/users\/2"}],"replies":[{"embeddable":true,"href":"https:\/\/www.europesays.com\/fr\/wp-json\/wp\/v2\/comments?post=271123"}],"version-history":[{"count":0,"href":"https:\/\/www.europesays.com\/fr\/wp-json\/wp\/v2\/posts\/271123\/revisions"}],"wp:featuredmedia":[{"embeddable":true,"href":"https:\/\/www.europesays.com\/fr\/wp-json\/wp\/v2\/media\/271124"}],"wp:attachment":[{"href":"https:\/\/www.europesays.com\/fr\/wp-json\/wp\/v2\/media?parent=271123"}],"wp:term":[{"taxonomy":"category","embeddable":true,"href":"https:\/\/www.europesays.com\/fr\/wp-json\/wp\/v2\/categories?post=271123"},{"taxonomy":"post_tag","embeddable":true,"href":"https:\/\/www.europesays.com\/fr\/wp-json\/wp\/v2\/tags?post=271123"}],"curies":[{"name":"wp","href":"https:\/\/api.w.org\/{rel}","templated":true}]}}