{"id":271125,"date":"2025-07-24T19:11:11","date_gmt":"2025-07-24T19:11:11","guid":{"rendered":"https:\/\/www.europesays.com\/fr\/271125\/"},"modified":"2025-07-24T19:11:11","modified_gmt":"2025-07-24T19:11:11","slug":"top-14-quand-reprendront-les-internationaux-francais-avec-leur-club","status":"publish","type":"post","link":"https:\/\/www.europesays.com\/fr\/271125\/","title":{"rendered":"Top 14 \u2013 Quand reprendront les internationaux fran\u00e7ais avec leur club\u00a0?"},"content":{"rendered":"<p>\n                Apr\u00e8s une saison \u00e9prouvante termin\u00e9e par la tourn\u00e9e en Nouvelle-Z\u00e9lande, les joueurs du XV de France ont enfin droit \u00e0 un peu de vacances. Mais bien vite, la reprise des entra\u00eenements se pr\u00e9cise pour eux aussi.\n            <\/p>\n<p>Les saisons sont de plus en plus longues pour les joueurs professionnels fran\u00e7ais. Tellement, qu\u2019entre le Top 14, la Champions Cup (ou Challenge Cup) et les diff\u00e9rents matchs du XV de France, avoir quelques jours de repos est devenu une chose rare. L\u2019intersaison est la p\u00e9riode o\u00f9 les organismes sont le plus laiss\u00e9s au repos mais tout le monde n\u2019en profite pas au m\u00eame moment. Pour les joueurs s\u00e9lectionn\u00e9s avec les Bleus pour la tourn\u00e9e en Nouvelle-Z\u00e9lande, les cong\u00e9s sont bien d\u00e9cal\u00e9s par rapport au reste des acteurs du championnat. Il faut d\u00e9j\u00e0 savoir une chose\u00a0: les hommes pr\u00e9sents en Nouvelle-Z\u00e9lande doivent obligatoirement b\u00e9n\u00e9ficier de quatre semaines de vacances.<\/p>\n<p><strong>Lire aussi :\u00a0<a data-xiti-action=\"thema-xv-de-france::colgauche::article12::article-titre,N\" href=\"https:\/\/www.rugbyrama.fr\/2025\/07\/24\/xv-de-france-exclusivite-midi-olympique-les-bleus-debuteront-la-premiere-ligue-des-nations-chez-les-all-blacks-et-finiront-au-japon-12842018.php\" rel=\"nofollow noopener\" target=\"_blank\">Exclu Midol. Trois matchs, trois pays : les Bleus pas \u00e9pargn\u00e9s pour la premi\u00e8re Ligue des Nations<\/a><\/strong><\/p>\n<p>Cela am\u00e8ne donc une reprise programm\u00e9e au 18\u00a0ao\u00fbt, comme cela sera le cas pour\u00a0les Toulousains (Barassi, Mallez, Brennan, Colombe), les Clermontois (Montagne, Tixeront, Darricarr\u00e8re, Jauneau), les Bayonnais (Fischer, Segonds, Tiberghien, Spring), les Perpignanais (van Tonder, Beria, Duguivalu) et les Lyonnais (Guillard, Marchand, William, Berdeu, Millet). Pour ce qui est des\u00a0Racingmen (Bamba, Taofifenua, Fickou), tout n\u2019a pas encore \u00e9t\u00e9 tranch\u00e9 mais ils pourraient retrouver les terrains \u00e0 partir du 18\u00a0ao\u00fbt \u00e9galement.<\/p>\n<p>Reprise rapide \u00e0 Toulon et Bordeaux, tardive \u00e0 Pau et Montpellier<\/p>\n<p>D\u2019autres clubs ont d\u00e9cid\u00e9 de laisser un peu plus de temps de r\u00e9cup\u00e9ration \u00e0 leurs internationaux, qui ont \u00e9norm\u00e9ment jou\u00e9 la saison pass\u00e9e. C\u2019est le cas \u00e0 Pau o\u00f9 Attissogbe, Gailleton, Auradou et Daubagna reprendont le 20\u00a0ao\u00fbt et ne participeront pas aux matchs de pr\u00e9paration. C\u2019est aussi ce qu\u2019a fait\u00a0Montpellier, puisque Duguid et\u00a0Erdocio retrouveront les terrains le 25\u00a0ao\u00fbt. Au contraire, \u00e0 Bordeaux-B\u00e8gles, les cinq joueurs ayant jou\u00e9 en Nouvelle-Z\u00e9lande (Vergnes-Taillefer, Barlot, Bochaton, Depoortere, Woki) retrouveront le CEVA Campus d\u00e8s le 11\u00a0ao\u00fbt, soit trois semaines apr\u00e8s le dernier test, afin notamment de participer au stage de pr\u00e9-saison \u00e0 Faro.<\/p>\n<p><strong>Lire aussi :\u00a0<a data-xiti-action=\"thema-competitions-rugby-a-xv-top-14::colgauche::article6::article-titre,N\" href=\"https:\/\/www.rugbyrama.fr\/2025\/07\/22\/top-14-le-mhr-a-enfin-le-temps-comment-montpellier-prepare-la-nouvelle-saison-12834889.php\" rel=\"nofollow noopener\" target=\"_blank\">\u00ab\u00a0Le MHR a enfin le temps\u00a0\u00bb\u00a0: comment Montpellier pr\u00e9pare la nouvelle saison\u00a0?<\/a><\/strong><\/p>\n<p>Ce sera aussi le cas\u00a0pour les Toulonnais (Domon, Abadie, Halagahu, Villi\u00e8re) et les Rochelais (Bourgarit, Le Garrec, Hastoy). Une semaine de cong\u00e9s devra donc leur \u00eatre donn\u00e9e en fin d\u2019ann\u00e9e, en plus de leurs vacances habituelles. La date de reprise de\u00a0L\u00e9o Barr\u00e9, seul joueur du Stade fran\u00e7ais pr\u00e9sent lors de la tourn\u00e9e, n\u2019a pas encore \u00e9t\u00e9 fix\u00e9e.<\/p>\n","protected":false},"excerpt":{"rendered":"Apr\u00e8s une saison \u00e9prouvante termin\u00e9e par la tourn\u00e9e en Nouvelle-Z\u00e9lande, les joueurs du XV de France ont enfin&hellip;\n","protected":false},"author":2,"featured_media":271126,"comment_status":"","ping_status":"","sticky":false,"template":"","format":"standard","meta":{"footnotes":""},"categories":[1416],"tags":[1011,27,479,1468,60],"class_list":{"0":"post-271125","1":"post","2":"type-post","3":"status-publish","4":"format-standard","5":"has-post-thumbnail","7":"category-rugby","8":"tag-fr","9":"tag-france","10":"tag-rugby","11":"tag-rugby-football","12":"tag-sports"},"share_on_mastodon":{"url":"https:\/\/pubeurope.com\/@fr\/114909798994207401","error":""},"_links":{"self":[{"href":"https:\/\/www.europesays.com\/fr\/wp-json\/wp\/v2\/posts\/271125","targetHints":{"allow":["GET"]}}],"collection":[{"href":"https:\/\/www.europesays.com\/fr\/wp-json\/wp\/v2\/posts"}],"about":[{"href":"https:\/\/www.europesays.com\/fr\/wp-json\/wp\/v2\/types\/post"}],"author":[{"embeddable":true,"href":"https:\/\/www.europesays.com\/fr\/wp-json\/wp\/v2\/users\/2"}],"replies":[{"embeddable":true,"href":"https:\/\/www.europesays.com\/fr\/wp-json\/wp\/v2\/comments?post=271125"}],"version-history":[{"count":0,"href":"https:\/\/www.europesays.com\/fr\/wp-json\/wp\/v2\/posts\/271125\/revisions"}],"wp:featuredmedia":[{"embeddable":true,"href":"https:\/\/www.europesays.com\/fr\/wp-json\/wp\/v2\/media\/271126"}],"wp:attachment":[{"href":"https:\/\/www.europesays.com\/fr\/wp-json\/wp\/v2\/media?parent=271125"}],"wp:term":[{"taxonomy":"category","embeddable":true,"href":"https:\/\/www.europesays.com\/fr\/wp-json\/wp\/v2\/categories?post=271125"},{"taxonomy":"post_tag","embeddable":true,"href":"https:\/\/www.europesays.com\/fr\/wp-json\/wp\/v2\/tags?post=271125"}],"curies":[{"name":"wp","href":"https:\/\/api.w.org\/{rel}","templated":true}]}}