{"id":271134,"date":"2025-07-24T19:17:11","date_gmt":"2025-07-24T19:17:11","guid":{"rendered":"https:\/\/www.europesays.com\/fr\/271134\/"},"modified":"2025-07-24T19:17:11","modified_gmt":"2025-07-24T19:17:11","slug":"les-infos-du-jour-revirements-a-lom-et-au-psg-ventes-en-vue-a-lasse-coup-dur-au-fc-barcelone","status":"publish","type":"post","link":"https:\/\/www.europesays.com\/fr\/271134\/","title":{"rendered":"Les infos du jour : revirements \u00e0 l&rsquo;OM et au PSG, ventes en vue \u00e0 l&rsquo;ASSE, coup dur au FC Barcelone"},"content":{"rendered":"<p><strong>Si vous n\u2019avez pas eu le temps de suivre l\u2019actualit\u00e9 du jour, But! Football Club r\u00e9capitule pour vous les informations importantes de ce jeudi 24 juillet 2025.<\/strong><\/p>\n<p>La grosse info : l\u2019OM tente d\u2019oublier l\u2019\u00e9pisode Paixao<\/p>\n<p>Les dirigeants marseillais ont fait tout ce qu\u2019ils ont pu mais le Feyenoord a refus\u00e9 de leur vendre Igor Paixao. Ils ont donc commenc\u00e9 \u00e0 explorer d\u2019autres pistes.<\/p>\n<p><a href=\"https:\/\/www.butfootballclub.fr\/ligue-1\/om\/om-mercato-qui-est-nene-dorgeles-plan-b-de-paixao-a-marseille\/\" rel=\"noreferrer noopener nofollow\" target=\"_blank\">OM\u00a0Mercato\u00a0: qui est Nene Dorgeles, plan B de Paixao\u00a0\u00e0 Marseille\u00a0?<\/a><\/p>\n<p><a href=\"https:\/\/www.butfootballclub.fr\/ligue-1\/om\/om-mercato-aubameyang-pourquoi-ca-traine\/\" rel=\"noreferrer noopener nofollow\" target=\"_blank\">OM Mercato\u00a0: Aubameyang, pourquoi \u00e7a traine<\/a><\/p>\n<p><a href=\"https:\/\/www.butfootballclub.fr\/ligue-1\/om\/om-mercato-paixao-aguerd-ounahi-la-tension-monte-dun-cran-a-marseille\/\" rel=\"noreferrer noopener nofollow\" target=\"_blank\">OM Mercato : Paixao, Aguerd, Ounahi\u2026 la tension monte d\u2019un cran \u00e0 Marseille\u00a0!\u00a0<\/a><\/p>\n<p><a href=\"https:\/\/www.butfootballclub.fr\/ligue-1\/om\/om-mercato-un-ex-du-psg-offre-un-autre-bresilien-pour-faire-oublier-paixao\/\" rel=\"noreferrer noopener nofollow\" target=\"_blank\">OM Mercato : un ex du PSG offre un autre Br\u00e9silien pour faire oublier Paixao<\/a><\/p>\n<p><a href=\"https:\/\/www.butfootballclub.fr\/ligue-1\/om\/om-lexplication-lunaire-de-vitinha-a-son-passage-catastrophique-a-marseille\/\" rel=\"noreferrer noopener nofollow\" target=\"_blank\">OM : l\u2019explication lunaire de Vitinha \u00e0 son passage catastrophique \u00e0 Marseille<\/a><\/p>\n<p>Mais aussi\u2026<\/p>\n<p>Les Verts devraient pouvoir finaliser au moins deux ventes d\u2019ici la fin de la semaine, celles de Benjamin Bouchouari et de Dylan Batubinsika.<\/p>\n<p><a href=\"https:\/\/www.butfootballclub.fr\/ligue-2\/asse\/asse-mercato-trabzonspor-confirme-pour-bouchouari\/\" rel=\"noreferrer noopener nofollow\" target=\"_blank\">ASSE Mercato\u00a0: Trabzonspor confirme pour Bouchouari\u00a0!<\/a><\/p>\n<p><a href=\"https:\/\/www.butfootballclub.fr\/ligue-2\/asse\/asse-mercato-bye-bye-macon\/\" rel=\"noreferrer noopener nofollow\" target=\"_blank\">ASSE Mercato\u00a0: Bye bye Ma\u00e7on\u00a0!<\/a><\/p>\n<p><a href=\"https:\/\/www.butfootballclub.fr\/ligue-2\/asse\/asse-mercato-une-pepite-sud-africaine-a-debarque-chez-les-verts\/\" rel=\"noreferrer noopener nofollow\" target=\"_blank\">ASSE Mercato\u00a0: une p\u00e9pite sud-africaine a d\u00e9barqu\u00e9 chez les Verts\u00a0!<\/a><\/p>\n<p><a href=\"https:\/\/www.butfootballclub.fr\/ligue-2\/asse\/asse-les-premiers-enseignements-des-matchs-amicaux\/\" rel=\"noreferrer noopener nofollow\" target=\"_blank\">ASSE : les premiers enseignements des matchs amicaux<\/a><\/p>\n<p><a href=\"https:\/\/www.butfootballclub.fr\/ligue-2\/asse\/asse-mercato-nouvelle-piste-pour-un-vert-pousse-vers-la-sortie\/\" rel=\"noreferrer noopener nofollow\" target=\"_blank\">ASSE Mercato : nouvelle piste pour un Vert pouss\u00e9 vers la sortie<\/a><\/p>\n<p>Voici ce qu\u2019il fallait retenir de l\u2019actualit\u00e9 des clubs fran\u00e7ais moins m\u00e9diatis\u00e9s en ce jeudi 24 juillet 2025.<\/p>\n<p><a href=\"https:\/\/www.butfootballclub.fr\/ligue-1\/stade-rennais\/stade-rennais-mercato-les-conditions-du-srfc-pour-kalimuendo-devoilees-deux-nouveaux-clubs-a-laffut\/\" rel=\"noreferrer noopener nofollow\" target=\"_blank\">Stade Rennais Mercato\u00a0: les conditions du SRFC pour Kalimuendo d\u00e9voil\u00e9es, deux nouveaux clubs \u00e0 l\u2019aff\u00fbt<\/a><\/p>\n<p>Les Dogues ont officialis\u00e9 l\u2019arriv\u00e9e d\u2019un d\u00e9fenseur belge et travaillent sur un lat\u00e9ral vis\u00e9 par l\u2019OM.<\/p>\n<p><a href=\"https:\/\/www.butfootballclub.fr\/ligue-1\/losc\/losc-mercato-les-dogues-ont-fait-une-double-crasse-a-lom\/\" rel=\"noreferrer noopener nofollow\" target=\"_blank\">LOSC Mercato : les Dogues ont fait une double crasse \u00e0 l\u2019OM !<\/a><\/p>\n<p><a href=\"https:\/\/www.butfootballclub.fr\/ligue-1\/losc\/losc-mercato-cest-officiel-pour-nathan-ngoy\/\" rel=\"noreferrer noopener nofollow\" target=\"_blank\">LOSC Mercato : c\u2019est officiel pour Nathan Ngoy !<\/a><\/p>\n<p>Le quotidien Marca a class\u00e9 les meilleurs entra\u00eeneurs de la saison pass\u00e9e et, sans surprise, Luis Enrique arrive en t\u00eate.<\/p>\n<p><a href=\"https:\/\/www.butfootballclub.fr\/ligue-1\/psg\/psg-mercato-le-qatar-prepare-une-immense-surprise-cet-ete\/\" rel=\"noreferrer noopener nofollow\" target=\"_blank\">PSG Mercato\u00a0: le Qatar pr\u00e9pare une immense surprise cet \u00e9t\u00e9<\/a><\/p>\n<p><a href=\"https:\/\/www.butfootballclub.fr\/ligue-1\/psg\/psg-mercato-en-attente-de-transfert-skriniar-surprend-les-supporters\/\" rel=\"noreferrer noopener nofollow\" target=\"_blank\">PSG Mercato\u00a0: en attente de transfert, Skriniar surprend les supporters<\/a><\/p>\n<p><a href=\"https:\/\/www.butfootballclub.fr\/ligue-1\/psg\/psg-luis-enrique-sacre-meilleur-entraineur-de-la-planete\/\" rel=\"noreferrer noopener nofollow\" target=\"_blank\">PSG : Luis Enrique sacr\u00e9 meilleur entra\u00eeneur de la plan\u00e8te !<\/a><\/p>\n<p><a href=\"https:\/\/www.butfootballclub.fr\/ligue-1\/psg\/psg-mourinho-donne-le-ballon-dor-a-un-parisien-inattendu-plutot-qua-yamal\/\" rel=\"noreferrer noopener nofollow\" target=\"_blank\">PSG : Mourinho donne le Ballon d\u2019Or \u00e0 un Parisien inattendu plut\u00f4t qu\u2019\u00e0 Yamal<\/a><\/p>\n<p>Bonne nouvelle pour les Sang et Or, Deiver Machado aurait repouss\u00e9 une proposition saoudienne.<\/p>\n<p><a href=\"https:\/\/www.butfootballclub.fr\/ligue-1\/rc-lens\/mercato-apres-frankowski-un-autre-gros-dossier-oppose-le-rc-lens-et-le-stade-rennais\/\" rel=\"noreferrer noopener nofollow\" target=\"_blank\">Mercato : apr\u00e8s Frankowski, un autre gros dossier oppose le RC Lens et le Stade Rennais !<\/a><\/p>\n<p><a href=\"https:\/\/www.butfootballclub.fr\/ligue-1\/rc-lens\/rc-lens-mercato-machado-a-fait-son-choix-entre-les-sang-et-or-et-larabie-saoudite\/\" rel=\"noreferrer noopener nofollow\" target=\"_blank\">RC Lens Mercato\u00a0: Machado a fait son choix entre les Sang et Or et l\u2019Arabie saoudite<\/a><\/p>\n<p><a href=\"https:\/\/www.butfootballclub.fr\/ligue-1\/rc-lens\/rc-lens-mercato-les-sang-et-or-deboulent-sur-une-piste-de-lasse\/\" rel=\"noreferrer noopener nofollow\" target=\"_blank\">RC Lens \u2013 Mercato\u00a0: les Sang et Or d\u00e9boulent sur une piste de l\u2019ASSE\u00a0!<\/a><\/p>\n<p>Les Canaris ont officiellement pr\u00eat\u00e9 Lamine Diack au FC Sion.<\/p>\n<p><a href=\"https:\/\/www.butfootballclub.fr\/ligue-1\/fc-nantes\/fc-nantes-mercato-les-deboires-de-lafont-se-poursuivent-au-panathinaikos\/\" rel=\"noreferrer noopener nofollow\" target=\"_blank\">FC Nantes\u00a0Mercato : les d\u00e9boires de Lafont se poursuivent au Panathina\u00efkos\u00a0<\/a><\/p>\n<p><a href=\"https:\/\/www.butfootballclub.fr\/ligue-1\/fc-nantes\/fc-nantes-mercato-un-depart-officialise\/\" rel=\"noreferrer noopener nofollow\" target=\"_blank\">FC Nantes Mercato : un d\u00e9part officialis\u00e9<\/a><\/p>\n<p>Les Gones continuent de se d\u00e9plumer et de tenter de se renforcer \u00e0 moindre co\u00fbt.<\/p>\n<p><a href=\"https:\/\/www.butfootballclub.fr\/ligue-1\/ol\/ol-mercato-fonseca-veut-piocher-a-lac-milan\/\" rel=\"noreferrer noopener nofollow\" target=\"_blank\">OL Mercato\u00a0: Fonseca veut piocher \u00e0 l\u2019AC Milan<\/a><\/p>\n<p><a href=\"https:\/\/www.butfootballclub.fr\/ligue-1\/ol\/ol-mercato-kluivert-est-a-lyon-les-dessous-de-son-transfert-deja-devoiles\/\" rel=\"noreferrer noopener nofollow\" target=\"_blank\">OL Mercato\u00a0: Kluivert est \u00e0 Lyon, les dessous de son transfert d\u00e9j\u00e0 d\u00e9voil\u00e9s\u00a0!<\/a><\/p>\n<p><a href=\"https:\/\/www.butfootballclub.fr\/ligue-1\/ol\/ol-mercato-lucas-perri-va-filer-a-langlaise-le-montant-de-son-transfert-devoile\/\" rel=\"noreferrer noopener nofollow\" target=\"_blank\">OL Mercato\u00a0: Lucas Perri va filer \u00e0 l\u2019anglaise, le montant de son transfert d\u00e9voil\u00e9<\/a><\/p>\n<p><a href=\"https:\/\/www.butfootballclub.fr\/ligue-1\/ol\/ol-mercato-mikautadze-cash-sur-son-avenir\/\" rel=\"noreferrer noopener nofollow\" target=\"_blank\">OL Mercato\u00a0: Mikautadze cash sur son avenir<\/a><\/p>\n<p><a href=\"https:\/\/www.butfootballclub.fr\/ligue-1\/ol\/ol-kang-a-finalise-un-deal-a-plusieurs-millions\/\" rel=\"noreferrer noopener nofollow\" target=\"_blank\">OL : Kang a finalis\u00e9 un deal \u00e0 plusieurs millions<\/a><\/p>\n<p>La cha\u00eene qatarie n\u2019a pas r\u00e9gl\u00e9 deux traites, ce qui met la LFP dans une dr\u00f4le de situation\u2026<\/p>\n<p><a href=\"https:\/\/www.butfootballclub.fr\/ligue-1\/droits-tv-bein-fait-planer-une-nouvelle-menace-sur-le-football-francais\/\" rel=\"noreferrer noopener nofollow\" target=\"_blank\">Droits TV : beIN fait planer une nouvelle menace sur le football fran\u00e7ais<\/a><\/p>\n<p>La Maison Blanche est pr\u00eate \u00e0 miser gros sur le milieu de Manchester City Rodri.<\/p>\n<p><a href=\"https:\/\/www.butfootballclub.fr\/liga\/real-madrid\/real-madrid-vinicius-sest-offert-son-propre-parc-dattraction\/\" rel=\"noreferrer noopener nofollow\" target=\"_blank\">Real Madrid : Vinicius s\u2019est offert son propre parc d\u2019attraction !<\/a><\/p>\n<p><a href=\"https:\/\/www.butfootballclub.fr\/liga\/real-madrid\/real-madrid-mercato-florentino-perez-pret-a-casser-sa-tirelire\/\" rel=\"noreferrer noopener nofollow\" target=\"_blank\">Real Madrid Mercato\u00a0: Florentino P\u00e9rez pr\u00eat \u00e0 casser sa tirelire\u00a0!<\/a><\/p>\n<p><a href=\"https:\/\/www.butfootballclub.fr\/liga\/real-madrid\/real-madrid-mercato-nouveau-gros-coup-dur-pour-endrick-son-remplacant-deja-identifie\/\" rel=\"noreferrer noopener nofollow\" target=\"_blank\">Real Madrid Mercato\u00a0: nouveau gros coup dur pour Endrick, son rempla\u00e7ant d\u00e9j\u00e0 identifi\u00e9<\/a><\/p>\n<p><a href=\"https:\/\/www.butfootballclub.fr\/liga\/real-madrid\/real-madrid-mercato-liverpool-va-lancer-les-hostilites-pour-rodrygo\/\" rel=\"noreferrer noopener nofollow\" target=\"_blank\">Real Madrid Mercato : Liverpool va lancer les hostilit\u00e9s pour Rodrygo !<\/a><\/p>\n<p>Marc-Andr\u00e9 ter Stegen a pris la d\u00e9cision de se faire op\u00e9rer, ce qui a provoqu\u00e9 la col\u00e8re de ses dirigeants.<\/p>\n<p><a href=\"https:\/\/www.butfootballclub.fr\/liga\/fc-barcelone\/fc-barcelone-mercato-le-qatar-fait-la-paix-et-signe-un-gros-cheque\/\" rel=\"noreferrer noopener nofollow\" target=\"_blank\">FC Barcelone Mercato : le Qatar fait la paix et signe un gros ch\u00e8que<\/a><\/p>\n<p><a href=\"https:\/\/www.butfootballclub.fr\/liga\/fc-barcelone\/fc-barcelone-ter-stegen-prend-une-grande-decision-et-impacte-directement-une-recrue\/\" rel=\"noreferrer noopener nofollow\" target=\"_blank\">FC Barcelone : ter Stegen prend une grande d\u00e9cision et impacte directement une recrue<\/a><\/p>\n","protected":false},"excerpt":{"rendered":"Si vous n\u2019avez pas eu le temps de suivre l\u2019actualit\u00e9 du jour, But! Football Club r\u00e9capitule pour vous&hellip;\n","protected":false},"author":2,"featured_media":271135,"comment_status":"","ping_status":"","sticky":false,"template":"","format":"standard","meta":{"footnotes":""},"categories":[1410],"tags":[11,448,63,1011,27,66,3388,12,60,10662],"class_list":{"0":"post-271134","1":"post","2":"type-post","3":"status-publish","4":"format-standard","5":"has-post-thumbnail","7":"category-football","8":"tag-actualites","9":"tag-champions-league","10":"tag-football","11":"tag-fr","12":"tag-france","13":"tag-ligue-1","14":"tag-matchs","15":"tag-news","16":"tag-sports","17":"tag-transferts"},"share_on_mastodon":{"url":"https:\/\/pubeurope.com\/@fr\/114909822460400902","error":""},"_links":{"self":[{"href":"https:\/\/www.europesays.com\/fr\/wp-json\/wp\/v2\/posts\/271134","targetHints":{"allow":["GET"]}}],"collection":[{"href":"https:\/\/www.europesays.com\/fr\/wp-json\/wp\/v2\/posts"}],"about":[{"href":"https:\/\/www.europesays.com\/fr\/wp-json\/wp\/v2\/types\/post"}],"author":[{"embeddable":true,"href":"https:\/\/www.europesays.com\/fr\/wp-json\/wp\/v2\/users\/2"}],"replies":[{"embeddable":true,"href":"https:\/\/www.europesays.com\/fr\/wp-json\/wp\/v2\/comments?post=271134"}],"version-history":[{"count":0,"href":"https:\/\/www.europesays.com\/fr\/wp-json\/wp\/v2\/posts\/271134\/revisions"}],"wp:featuredmedia":[{"embeddable":true,"href":"https:\/\/www.europesays.com\/fr\/wp-json\/wp\/v2\/media\/271135"}],"wp:attachment":[{"href":"https:\/\/www.europesays.com\/fr\/wp-json\/wp\/v2\/media?parent=271134"}],"wp:term":[{"taxonomy":"category","embeddable":true,"href":"https:\/\/www.europesays.com\/fr\/wp-json\/wp\/v2\/categories?post=271134"},{"taxonomy":"post_tag","embeddable":true,"href":"https:\/\/www.europesays.com\/fr\/wp-json\/wp\/v2\/tags?post=271134"}],"curies":[{"name":"wp","href":"https:\/\/api.w.org\/{rel}","templated":true}]}}