{"id":271136,"date":"2025-07-24T19:18:12","date_gmt":"2025-07-24T19:18:12","guid":{"rendered":"https:\/\/www.europesays.com\/fr\/271136\/"},"modified":"2025-07-24T19:18:12","modified_gmt":"2025-07-24T19:18:12","slug":"apres-leur-brouille-jean-luc-reichmann-balance-sur-paul-el-kharrat-nous-nous-sommes","status":"publish","type":"post","link":"https:\/\/www.europesays.com\/fr\/271136\/","title":{"rendered":"Apr\u00e8s leur brouille, Jean-Luc Reichmann balance sur Paul El Kharrat : \u00ab\u00a0Nous nous sommes\u2026\u00a0\u00bb"},"content":{"rendered":"<p>Le jeu des 12 Coups de midi a r\u00e9cemment laiss\u00e9 partir son plus<br \/>\ngrand champion. Au terme de plusieurs centaines d\u2019\u00e9missions et d\u2019un<br \/>\njackpot de 2,5 millions d\u2019euros, Emilien a \u00e9t\u00e9 \u00e9limin\u00e9. Avant lui,<br \/>\nun autre candidat avait lui aussi marqu\u00e9 le programme. Il s\u2019agit<br \/>\nbien \u00e9videmment de Paul El Kharrat. Apr\u00e8s 153 participations et<br \/>\nplus de 691 000 euros empoch\u00e9s, ce dernier a laiss\u00e9 une marque<br \/>\nind\u00e9l\u00e9bile dans l\u2019esprit des t\u00e9l\u00e9spectateurs et celui de Jean-Luc<br \/>\nReichmann.<\/p>\n<p>Paul El Kharrat \u00e9voque \u00ab\u00a0un contentieux\u00a0\u00bb avec Jean-Luc<br \/>\nReichmann<\/p>\n<p>Surprenant mais vrai, <a href=\"https:\/\/www.melty.fr\/tele\/6-ans-apres-paul-el-kharrat-balance-sur-la-vraie-personnalite-de-jean-luc-reichmann-cest-un-2251119.html\" target=\"_blank\" rel=\"noopener\"><br \/>\nles deux hommes avaient pourtant connu quelques frictions<\/a> comme<br \/>\nl\u2019avait r\u00e9v\u00e9l\u00e9 Paul El Kharrat dans les colonnes de T\u00e9l\u00e9 Star en<br \/>\n2022. <strong>\u00ab\u00a0Pourquoi serais-je ami avec Jean-Luc Reichmann<br \/>\n?<\/strong> Cela fait pr\u00e8s d\u00a0\u00bb<strong>un an qu&rsquo;on ne s&rsquo;adresse plus<br \/>\nla parole<\/strong> pour toutes sortes de raisons que je ne<br \/>\nd\u00e9voilerai pas. <strong>Je n&rsquo;ai pas de contacts ni directs, ni<br \/>\nprivil\u00e9gi\u00e9s, avec cet homme\u00a0\u00bb<\/strong>, d\u00e9voilait ainsi<br \/>\nl\u2019ex-champion.<\/p>\n<p>Dans l&rsquo;\u00e9mission Chez Jordan cette fois-ci, Paul El Kharrat avait<br \/>\najout\u00e9 en toute franchise : \u00ab\u00a0Il n&rsquo;y a <strong>rien de<br \/>\ngravissime entre lui et moi<\/strong>. Je n&rsquo;ai pas de probl\u00e8me,<br \/>\n<strong>il y a peut-\u00eatre eu un contentieux<\/strong>. Au fur et \u00e0<br \/>\nmesure que le temps va passer, \u00e7a va rentrer dans l&rsquo;ordre. C&rsquo;est<br \/>\npersonnel. On m&rsquo;a \u00e9videmment dit (\u2026) que je suis ingrat parce que<br \/>\nj&rsquo;ose critiquer l&rsquo;animateur qui a permis que je sois connu. (&#8230;)<br \/>\nCe n&rsquo;est pas important du tout, on peut passer \u00e0 autre chose. Je<br \/>\nl&rsquo;appr\u00e9cie mais <strong>c&rsquo;est vrai qu&rsquo;il y a eu des<br \/>\nsoucis\u00a0\u00bb<\/strong>.<\/p>\n<p>L\u2019animateur avoue que \u00ab\u00a0le moindre petit grain de sable peut<br \/>\nfaire d\u00e9railler la machine\u00a0\u00bb<\/p>\n<p>Heureusement, <strong>cette brouille entre Jean-Luc Reichmann et<br \/>\nPaul El Kharrat ne s\u2019est pas \u00e9ternis\u00e9e<\/strong>. Ces derniers<br \/>\ns\u2019\u00e9taient d\u2019ailleurs <strong>retrouv\u00e9s lors d\u2019une occasion tr\u00e8s<br \/>\nsp\u00e9ciale<\/strong>. \u00ab\u00a0Vraiment tr\u00e8s heureux que nous nous soyons<br \/>\nrevus Paul. Et surtout sinc\u00e8rement content que nous ayons pu<br \/>\n<strong>nous expliquer en toute s\u00e9r\u00e9nit\u00e9<\/strong>. Un vrai bonheur<br \/>\nque tu aies accept\u00e9 mon invitation pour l\u2019anniversaire des 13 ans<br \/>\ndes 12 Coups de Midi le 28 Juin, et surtout \u00e9galement tr\u00e8s fier que<br \/>\ntu m\u2019aies confirm\u00e9 ta pr\u00e9sence pour la &lsquo;Summer Party du Combat des<br \/>\nMa\u00eetres 2023&prime;\u00a0\u00bb, avait alors partag\u00e9 <a href=\"https:\/\/www.melty.fr\/people\/jean-luc-reichmann-declare-mort-apres-un-accident-de-moto-tout-peut-sarreter-dun-instant-a-lautre-2248636.html\" target=\"_blank\" rel=\"noopener\"><br \/>\ncelui qui a fr\u00f4l\u00e9 la mort<\/a>.<\/p>\n<p>En juin de cette ann\u00e9e-l\u00e0, Jean-Luc Reichmann \u00e9tait revenu sur<br \/>\nsa dispute avec l\u2019ancien ma\u00eetre de midi lors d\u2019un entretien accord\u00e9<br \/>\n\u00e0 T\u00e9l\u00e9 Poche : \u00ab\u00a0Il ne s&rsquo;est rien pass\u00e9 d&rsquo;aussi grave que ce qui<br \/>\na \u00e9t\u00e9 imagin\u00e9 ! <strong>Paul avait juste des interrogations<br \/>\nauxquelles je n&rsquo;ai pas pu r\u00e9pondre tout de suite<\/strong> car je<br \/>\ntraversais une crise familiale et humaine (le d\u00e9c\u00e8s de sa m\u00e8re en<br \/>\nao\u00fbt 2022, ndlr). Apr\u00e8s, Paul et moi nous sommes expliqu\u00e9s et tout<br \/>\ns&rsquo;est arrang\u00e9. Je le connais bien. Je sais que <strong>ce n&rsquo;est pas<br \/>\ntous les jours facile pour lui<\/strong> et que le moindre petit<br \/>\ngrain de sable peut faire d\u00e9railler la machine\u00a0\u00bb.<\/p>\n<p>Quels sont les rapports aujourd\u2019hui<br \/>\nentre Paul El Kharrat et Jean-Luc Reichmann ?<\/p>\n<p>Ce mardi 22 juillet 2025, Paul El Kharrat \u00e9tait l\u2019invit\u00e9 de<br \/>\nJean-Pierre Foucault sur Europe 1. L\u2019occasion pour lui<br \/>\nd\u2019<strong>\u00e9voquer de nouveau ses rapports avec l\u2019animateur<\/strong><br \/>\nembl\u00e9matique des 12 Coups de midi. \u00ab\u00a0Dans le cadre du jeu, on a<br \/>\npass\u00e9 certains instants en dehors des plateaux. Mais bien trop<br \/>\nrares pour que je puisse avoir une id\u00e9e totale de la<br \/>\npersonne\u00a0\u00bb, a-t-il d\u2019abord tenu \u00e0 rappeler.<\/p>\n<p>Et de poursuivre sans d\u00e9tour : \u00ab\u00a0Dans le cadre de la<br \/>\nt\u00e9l\u00e9vision, <strong>c&rsquo;est un animateur qui met \u00e0 l&rsquo;aise, qui est<br \/>\nfort sympathique, qui rigole, qui est de bonne humeur<\/strong>. Je<br \/>\npense que c&rsquo;est aussi \u00e7a qui fait sa renomm\u00e9e et le succ\u00e8s de<br \/>\nl&rsquo;\u00e9mission aussi, \u00e9videmment\u00a0\u00bb. Une brouille qui est<br \/>\nd\u00e9finitivement derri\u00e8re eux.<\/p>\n","protected":false},"excerpt":{"rendered":"Le jeu des 12 Coups de midi a r\u00e9cemment laiss\u00e9 partir son plus grand champion. Au terme de&hellip;\n","protected":false},"author":2,"featured_media":271137,"comment_status":"","ping_status":"","sticky":false,"template":"","format":"standard","meta":{"footnotes":""},"categories":[1359],"tags":[905,58,59,1011,27,465,973],"class_list":{"0":"post-271136","1":"post","2":"type-post","3":"status-publish","4":"format-standard","5":"has-post-thumbnail","7":"category-people","8":"tag-a-la-une-melty","9":"tag-divertissement","10":"tag-entertainment","11":"tag-fr","12":"tag-france","13":"tag-jean-luc-reichmann","14":"tag-people"},"share_on_mastodon":{"url":"","error":""},"_links":{"self":[{"href":"https:\/\/www.europesays.com\/fr\/wp-json\/wp\/v2\/posts\/271136","targetHints":{"allow":["GET"]}}],"collection":[{"href":"https:\/\/www.europesays.com\/fr\/wp-json\/wp\/v2\/posts"}],"about":[{"href":"https:\/\/www.europesays.com\/fr\/wp-json\/wp\/v2\/types\/post"}],"author":[{"embeddable":true,"href":"https:\/\/www.europesays.com\/fr\/wp-json\/wp\/v2\/users\/2"}],"replies":[{"embeddable":true,"href":"https:\/\/www.europesays.com\/fr\/wp-json\/wp\/v2\/comments?post=271136"}],"version-history":[{"count":0,"href":"https:\/\/www.europesays.com\/fr\/wp-json\/wp\/v2\/posts\/271136\/revisions"}],"wp:featuredmedia":[{"embeddable":true,"href":"https:\/\/www.europesays.com\/fr\/wp-json\/wp\/v2\/media\/271137"}],"wp:attachment":[{"href":"https:\/\/www.europesays.com\/fr\/wp-json\/wp\/v2\/media?parent=271136"}],"wp:term":[{"taxonomy":"category","embeddable":true,"href":"https:\/\/www.europesays.com\/fr\/wp-json\/wp\/v2\/categories?post=271136"},{"taxonomy":"post_tag","embeddable":true,"href":"https:\/\/www.europesays.com\/fr\/wp-json\/wp\/v2\/tags?post=271136"}],"curies":[{"name":"wp","href":"https:\/\/api.w.org\/{rel}","templated":true}]}}