{"id":271140,"date":"2025-07-24T19:20:12","date_gmt":"2025-07-24T19:20:12","guid":{"rendered":"https:\/\/www.europesays.com\/fr\/271140\/"},"modified":"2025-07-24T19:20:12","modified_gmt":"2025-07-24T19:20:12","slug":"hachette-resiste-a-la-crise-du-livre-en-france","status":"publish","type":"post","link":"https:\/\/www.europesays.com\/fr\/271140\/","title":{"rendered":"Hachette r\u00e9siste \u00e0 la crise du livre en France"},"content":{"rendered":"<p>Avec l\u2019annonce de ces r\u00e9sultats, le groupe Lagard\u00e8re confirmerait la solidit\u00e9 de son mod\u00e8le, combinant leadership \u00e9ditorial et croissance dans la distribution de biens de consommation en milieu de voyage. Le tout en poursuivant un d\u00e9sendettement structur\u00e9 et une politique active d\u2019investissement. De fait, Pour le deuxi\u00e8me trimestre, le groupe s\u2019installe \u00e0 2,373 milliards \u20ac, en hausse de +2,7 % en donn\u00e9es publi\u00e9es et +2,1 % en donn\u00e9es comparables.\u00a0<\/p>\n<p>Le chiffre d\u2019affaires stable et un r\u00e9sultat op\u00e9rationnel solide confirment la r\u00e9silience de la branche \u00e9dition du groupe Lagard\u00e8re pour le premier semestre 2025, port\u00e9e par ses march\u00e9s matures et une transition num\u00e9rique soutenue.<\/p>\n<p>Ainsi, le CA du semestre aligne 1,349 milliard d\u2019euros (+1\u00a0% en comparable), port\u00e9 par l\u2019\u00e9dition anglophone et les jeux de soci\u00e9t\u00e9 (+14\u00a0%). Les acquisitions de Sterling Publishing et 999 Games renforcent la diversification. Le R\u00e9sop recule de 6,2\u00a0%, \u00e0 106 millions\u00a0\u20ac, affect\u00e9 par un repli en Espagne\/Am\u00e9rique latine.<\/p>\n<p>Lagard\u00e8re Publishing affiche un l\u00e9ger repli, attribu\u00e9 \u00e0 un effet de base d\u00e9favorable apr\u00e8s un T2 2024 particuli\u00e8rement dynamique (+7,7\u00a0%). Avec 726 millions\u00a0\u20ac, c\u2019est un recul de 0,8\u00a0% (publi\u00e9)\/-1,9\u00a0% (comparable). \u00ab\u2009Lagard\u00e8re Publishing confirme ses positions de leader avec une croissance notamment tir\u00e9e par la Litt\u00e9rature en langue anglaise et Hachette Book Group devient m\u00eame n\u00b0\u00a03 aux\u00a0\u00c9tats-Unis\u2009\u00bb, indiquent cependant le VP du conseil d\u2019administration du groupe Louis Hachette, Arnaud Lagard\u00e8re et Jean-Christophe Thierry, PDG de Louis Hachette Group.<\/p>\n<p>Et d\u2019ajouter\u00a0: \u00ab\u2009Seulement six mois apr\u00e8s la naissance de Louis Hachette Group, ces performances viennent confirmer la pertinence de notre projet de r\u00e9unir, au sein d\u2019une m\u00eame entit\u00e9, les leaders de l\u2019\u00e9dition, du travel retail et des m\u00e9dias en France et \u00e0 l\u2019international. Et la forte croissance de notre cours de bourse au cours des derniers mois refl\u00e8te la confiance des investisseurs dans nos perspectives de d\u00e9veloppement.\u2009\u00bb<\/p>\n<p>Un repli contenu dans un march\u00e9 \u00e0 deux vitesses<\/p>\n<p>Les r\u00e9sultats r\u00e9v\u00e8lent une g\u00e9ographie contrast\u00e9e\u00a0: en France, la filiale Hachette Livre a b\u00e9n\u00e9fici\u00e9 d\u2019un bon niveau d\u2019activit\u00e9 dans les livres scolaires, alors m\u00eame que l\u2019\u00e9dition g\u00e9n\u00e9rale marque le pas. \u00c0 l\u2019international, le Royaume-Uni progresse, soutenu par un bon renouvellement \u00e9ditorial, tandis que les performances sont en retrait en Espagne et en Am\u00e9rique latine, o\u00f9 les march\u00e9s se contractent.<\/p>\n<p>La division Partworks (fascicules en kiosque) est elle aussi en recul, dans un contexte de baisse du lectorat et d\u2019\u00e9rosion du mod\u00e8le kiosque. En revanche, l\u2019activit\u00e9 est rest\u00e9e soutenue dans l\u2019\u00e9dition professionnelle, et le d\u00e9veloppement du num\u00e9rique (ebooks et audiolivres) poursuit sa croissance, repr\u00e9sentant 10,5\u00a0% du chiffre d\u2019affaires de l\u2019activit\u00e9 g\u00e9n\u00e9rale, contre 9,6\u00a0% un an plus t\u00f4t.<\/p>\n<p>Un R\u00e9sop robuste malgr\u00e9 la pression sur les marges<\/p>\n<p>Le r\u00e9sultat op\u00e9rationnel courant (R\u00e9sop) de Lagard\u00e8re Publishing atteint 106\u00a0M\u20ac au premier semestre, contre 113\u00a0M\u20ac en 2024, soit un recul ma\u00eetris\u00e9 de -6,2\u00a0%. Cette baisse s\u2019explique par l\u2019augmentation des co\u00fbts de production et une moindre activit\u00e9 en volumes. Toutefois, la profitabilit\u00e9 de l\u2019activit\u00e9 reste \u00e9lev\u00e9e, ce qui confirme une gestion rigoureuse et une structure de co\u00fbts stable.<\/p>\n<p>La maison-m\u00e8re souligne \u00e9galement les efforts en mati\u00e8re d\u2019adaptation de son mod\u00e8le \u00e9conomique\u00a0: recentrage strat\u00e9gique, poursuite de l\u2019optimisation des processus \u00e9ditoriaux, et renforcement des synergies entre les diff\u00e9rentes maisons du groupe, notamment dans les pays anglo-saxons.<\/p>\n<p>Transition num\u00e9rique et durabilit\u00e9<\/p>\n<p>Lagard\u00e8re Publishing continue par ailleurs sa transition environnementale. Bien que les donn\u00e9es soient communiqu\u00e9es \u00e0 l\u2019\u00e9chelle du groupe, le communiqu\u00e9 rappelle que les \u00e9missions de gaz \u00e0 effet de serre sur les scopes\u00a01 et 2 ont baiss\u00e9 de 15\u00a0% depuis 2019, et que des engagements renforc\u00e9s ont \u00e9t\u00e9 pris sur l\u2019empreinte carbone et la politique d\u2019inclusion, notamment dans les processus \u00e9ditoriaux.<\/p>\n<p>Une dynamique ma\u00eetris\u00e9e \u00e0 mi-ann\u00e9e<\/p>\n<p>Malgr\u00e9 une croissance organique nulle, Lagard\u00e8re Publishing reste l\u2019un des principaux contributeurs au r\u00e9sultat global du groupe. Et ce, dans un contexte o\u00f9 le march\u00e9 du livre est soumis \u00e0 des tensions sur les co\u00fbts, la branche \u00e9dition du groupe Lagard\u00e8re d\u00e9montre sa capacit\u00e9 \u00e0 traverser les cycles avec solidit\u00e9 et \u00e0 capitaliser sur ses actifs \u00e9ditoriaux majeurs.<\/p>\n<p>Cr\u00e9dits photo : ActuaLitt\u00e9, CC BY SA 2.0<\/p>\n<\/p>\n<p class=\"article-signature\">Par <a class=\"article-signature_url\" href=\"https:\/\/actualitte.com\/auteurs\/203\/clement-solym\" rel=\"nofollow noopener\" target=\"_blank\">Cl\u00e9ment Solym<\/a><br \/>Contact : <a class=\"article-signature_mail\" href=\"https:\/\/actualitte.com\/article\/125191\/economie\/mailto:cs@actualitte.com\" rel=\"nofollow noopener\" target=\"_blank\">cs@actualitte.com<\/a><\/p>\n","protected":false},"excerpt":{"rendered":"Avec l\u2019annonce de ces r\u00e9sultats, le groupe Lagard\u00e8re confirmerait la solidit\u00e9 de son mod\u00e8le, combinant leadership \u00e9ditorial et&hellip;\n","protected":false},"author":2,"featured_media":271141,"comment_status":"","ping_status":"","sticky":false,"template":"","format":"standard","meta":{"footnotes":""},"categories":[1357],"tags":[1379,58,59,1011,27,1380],"class_list":{"0":"post-271140","1":"post","2":"type-post","3":"status-publish","4":"format-standard","5":"has-post-thumbnail","7":"category-livres","8":"tag-books","9":"tag-divertissement","10":"tag-entertainment","11":"tag-fr","12":"tag-france","13":"tag-livres"},"share_on_mastodon":{"url":"https:\/\/pubeurope.com\/@fr\/114909834431822627","error":""},"_links":{"self":[{"href":"https:\/\/www.europesays.com\/fr\/wp-json\/wp\/v2\/posts\/271140","targetHints":{"allow":["GET"]}}],"collection":[{"href":"https:\/\/www.europesays.com\/fr\/wp-json\/wp\/v2\/posts"}],"about":[{"href":"https:\/\/www.europesays.com\/fr\/wp-json\/wp\/v2\/types\/post"}],"author":[{"embeddable":true,"href":"https:\/\/www.europesays.com\/fr\/wp-json\/wp\/v2\/users\/2"}],"replies":[{"embeddable":true,"href":"https:\/\/www.europesays.com\/fr\/wp-json\/wp\/v2\/comments?post=271140"}],"version-history":[{"count":0,"href":"https:\/\/www.europesays.com\/fr\/wp-json\/wp\/v2\/posts\/271140\/revisions"}],"wp:featuredmedia":[{"embeddable":true,"href":"https:\/\/www.europesays.com\/fr\/wp-json\/wp\/v2\/media\/271141"}],"wp:attachment":[{"href":"https:\/\/www.europesays.com\/fr\/wp-json\/wp\/v2\/media?parent=271140"}],"wp:term":[{"taxonomy":"category","embeddable":true,"href":"https:\/\/www.europesays.com\/fr\/wp-json\/wp\/v2\/categories?post=271140"},{"taxonomy":"post_tag","embeddable":true,"href":"https:\/\/www.europesays.com\/fr\/wp-json\/wp\/v2\/tags?post=271140"}],"curies":[{"name":"wp","href":"https:\/\/api.w.org\/{rel}","templated":true}]}}