{"id":271158,"date":"2025-07-24T19:29:11","date_gmt":"2025-07-24T19:29:11","guid":{"rendered":"https:\/\/www.europesays.com\/fr\/271158\/"},"modified":"2025-07-24T19:29:11","modified_gmt":"2025-07-24T19:29:11","slug":"les-europeens-denoncent-le-double-jeu-de-la-chine","status":"publish","type":"post","link":"https:\/\/www.europesays.com\/fr\/271158\/","title":{"rendered":"les Europ\u00e9ens d\u00e9noncent le double jeu de la Chine"},"content":{"rendered":"<p><strong>D\u00c9CRYPTAGE &#8211;<\/strong> Lors de leur sommet bilat\u00e9ral \u00e0 P\u00e9kin, les dirigeants europ\u00e9ens n\u2019ont pas cach\u00e9 \u00e0 leurs interlocuteurs chinois la liste de leurs griefs, exigeant un \u00ab\u00a0r\u00e9\u00e9quilibrage\u00a0\u00bb de la relation.<\/p>\n<p class=\"fig-paragraph\"><a href=\"http:\/\/www.lefigaro.fr\/vox\/monde\/romain-graziani-xi-jinping-a-renoue-avec-le-caractere-profondement-monarchique-de-la-pensee-politique-chinoise-20250530\" data-fig-type=\"Article\" data-gtm-custom-categorie=\"navigation\" data-gtm-custom-action=\"crossclick\" data-gtm-custom-label=\"Contextuel\" data-gtm-event=\"customEventSPE\" data-fig-domain=\"LEFIGARO\" rel=\"nofollow noopener\" target=\"_blank\">Xi Jinping<\/a>\u00a0n\u2019a pas trouv\u00e9 le temps dans son agenda charg\u00e9 pour se rendre \u00e0 Bruxelles \u00e0 l\u2019occasion d\u2019un\u00a0<a href=\"http:\/\/www.lefigaro.fr\/international\/rencontre-chine-union-europeenne-xi-jinping-appelle-l-ue-a-renforcer-la-confiance-ursula-von-der-leyen-veut-de-vraies-solutions-20250724\" data-fig-type=\"NewsFlash\" data-gtm-custom-categorie=\"navigation\" data-gtm-custom-action=\"crossclick\" data-gtm-custom-label=\"Contextuel\" data-gtm-event=\"customEventSPE\" data-fig-domain=\"LEFIGARO\" rel=\"nofollow noopener\" target=\"_blank\">sommet bilat\u00e9ral entre l\u2019Union europ\u00e9enne et la Chine<\/a>, comme l\u2019aurait voulu le protocole, apr\u00e8s la pr\u00e9c\u00e9dente r\u00e9union organis\u00e9e \u00e0 P\u00e9kin en d\u00e9cembre 2023. Qu\u2019\u00e0 cela ne tienne\u00a0! Les dirigeants europ\u00e9ens ont fait le d\u00e9placement \u00e0 P\u00e9kin, jeudi, pour une rencontre r\u00e9duite \u00e0 une journ\u00e9e au lieu de deux pr\u00e9vues \u00e0 l\u2019origine, afin de pouvoir \u00e9changer avec le num\u00e9ro un chinois. Il s\u2019agissait officiellement de c\u00e9l\u00e9brer le cinquantenaire des relations diplomatiques entre les deux puissances. Mais, en guise de diplomatie, il a surtout \u00e9t\u00e9 question d\u2019\u00e9taler des d\u00e9saccords au grand jour. Seul point de convergence digne d\u2019un\u00a0<a href=\"http:\/\/www.lefigaro.fr\/sciences\/climat-chine-et-ue-s-engagent-a-renforcer-leurs-efforts-dans-la-lutte-contre-le-rechauffement-20250724\" data-fig-type=\"NewsFlash\" data-gtm-custom-categorie=\"navigation\" data-gtm-custom-action=\"crossclick\" data-gtm-custom-label=\"Contextuel\" data-gtm-event=\"customEventSPE\" data-fig-domain=\"LEFIGARO\" rel=\"nofollow noopener\" target=\"_blank\">communiqu\u00e9 commun<\/a>, les deux puissances se sont engag\u00e9es \u00e0 \u00ab\u00a0renforcer leurs efforts pour lutter contre le changement climatique\u00a0\u00bb.<\/p>\n<p class=\"fig-paragraph\">La relation entre l\u2019Europe et la Chine est \u00e0 un \u00ab\u00a0moment charni\u00e8re\u00a0\u00bb, a affirm\u00e9 Ursula von\u00a0der\u00a0Leyen, pr\u00e9sidente de la Commission europ\u00e9enne\u2026<\/p>\n<p class=\"fig-premium-paywall__infos\">\n        Cet article est r\u00e9serv\u00e9 aux abonn\u00e9s.        Il vous reste 87% \u00e0 d\u00e9couvrir.\n    <\/p>\n<p>                <img  data- alt=\"Le Figaro\" class=\"fig-img--complete fig-img\"\/><\/p>\n<p class=\"fig-premium-paywall__title\">Vous avez envie de lire la suite ?<\/p>\n<p class=\"fig-premium-paywall__subtitle\">D\u00e9bloquez tous les articles imm\u00e9diatement.<\/p>\n<p class=\"fig-premium-paywall__connect\">\n                D\u00e9j\u00e0 abonn\u00e9\u00a0?                <a class=\"fig-premium-paywall__connect-link\" href=\"https:\/\/connect.lefigaro.fr\/login?client=horizon_web&amp;type=main&amp;redirect_uri=https%3A%2F%2Fwww.lefigaro.fr%2Finternational%2Fsoutien-a-poutine-concurrence-deloyale-chantage-commercial-les-europeens-denoncent-le-double-jeu-de-la-chine-20250724\" data-js-gtm=\"{&quot;customCategorie&quot;: &quot;conversion&quot;, &quot;customAction&quot;: &quot;before_Landing_Connexion_paywall_auto&quot;, &quot;customLabel&quot;: &quot;bGVmaWdhcm8uZnJfXzFmMDY4NzFlLTBlZWUtNjU2MC1hMGY4LWQ1YTY1MDgwYzMxN19fQXJ0aWNsZQ==_Soutien \u00e0 Poutine, concurrence d\u00e9loyale, chantage commercial\u00a0: les Europ\u00e9ens d\u00e9noncent le double jeu de la Chine_140&quot;, &quot;customIDSPE&quot;: &quot;bGVmaWdhcm8uZnJfXzFmMDY4NzFlLTBlZWUtNjU2MC1hMGY4LWQ1YTY1MDgwYzMxN19fQXJ0aWNsZQ==&quot;, &quot;event&quot;: &quot;customEventSPE&quot;}\" rel=\"nofollow noopener\" target=\"_blank\"><br \/>\n                    Connectez-vous<br \/>\n                <\/a>\n            <\/p>\n","protected":false},"excerpt":{"rendered":"D\u00c9CRYPTAGE &#8211; Lors de leur sommet bilat\u00e9ral \u00e0 P\u00e9kin, les dirigeants europ\u00e9ens n\u2019ont pas cach\u00e9 \u00e0 leurs interlocuteurs&hellip;\n","protected":false},"author":2,"featured_media":271159,"comment_status":"","ping_status":"","sticky":false,"template":"","format":"standard","meta":{"footnotes":""},"categories":[5],"tags":[11,309,674,1011,27,14,12,28],"class_list":{"0":"post-271158","1":"post","2":"type-post","3":"status-publish","4":"format-standard","5":"has-post-thumbnail","7":"category-international","8":"tag-actualites","9":"tag-chine","10":"tag-europe","11":"tag-fr","12":"tag-france","13":"tag-international","14":"tag-news","15":"tag-world"},"share_on_mastodon":{"url":"https:\/\/pubeurope.com\/@fr\/114909869887742426","error":""},"_links":{"self":[{"href":"https:\/\/www.europesays.com\/fr\/wp-json\/wp\/v2\/posts\/271158","targetHints":{"allow":["GET"]}}],"collection":[{"href":"https:\/\/www.europesays.com\/fr\/wp-json\/wp\/v2\/posts"}],"about":[{"href":"https:\/\/www.europesays.com\/fr\/wp-json\/wp\/v2\/types\/post"}],"author":[{"embeddable":true,"href":"https:\/\/www.europesays.com\/fr\/wp-json\/wp\/v2\/users\/2"}],"replies":[{"embeddable":true,"href":"https:\/\/www.europesays.com\/fr\/wp-json\/wp\/v2\/comments?post=271158"}],"version-history":[{"count":0,"href":"https:\/\/www.europesays.com\/fr\/wp-json\/wp\/v2\/posts\/271158\/revisions"}],"wp:featuredmedia":[{"embeddable":true,"href":"https:\/\/www.europesays.com\/fr\/wp-json\/wp\/v2\/media\/271159"}],"wp:attachment":[{"href":"https:\/\/www.europesays.com\/fr\/wp-json\/wp\/v2\/media?parent=271158"}],"wp:term":[{"taxonomy":"category","embeddable":true,"href":"https:\/\/www.europesays.com\/fr\/wp-json\/wp\/v2\/categories?post=271158"},{"taxonomy":"post_tag","embeddable":true,"href":"https:\/\/www.europesays.com\/fr\/wp-json\/wp\/v2\/tags?post=271158"}],"curies":[{"name":"wp","href":"https:\/\/api.w.org\/{rel}","templated":true}]}}