{"id":271160,"date":"2025-07-24T19:30:11","date_gmt":"2025-07-24T19:30:11","guid":{"rendered":"https:\/\/www.europesays.com\/fr\/271160\/"},"modified":"2025-07-24T19:30:11","modified_gmt":"2025-07-24T19:30:11","slug":"en-deplacement-a-avignon-rachida-dati-snobe-le-festival-et-joue-sa-propre-piece-liberation","status":"publish","type":"post","link":"https:\/\/www.europesays.com\/fr\/271160\/","title":{"rendered":"En d\u00e9placement \u00e0 Avignon, Rachida Dati snobe le Festival et joue sa propre pi\u00e8ce \u2013 Lib\u00e9ration"},"content":{"rendered":"<p class=\"sc-ksZaOG ehjQrN text-element\">Le grand remake d\u2019En attendant Godot par la ministre de la Culture nous aura <a href=\"https:\/\/www.liberation.fr\/culture\/scenes\/rachida-dati-meilleure-actrice-du-festival-davignon-20250706_AV4CZ2TVYNC4XG67JRWVISE474\/\" target=\"_blank\" rel=\"noopener\" title=\"https:\/\/www.liberation.fr\/culture\/scenes\/rachida-dati-meilleure-actrice-du-festival-davignon-20250706_AV4CZ2TVYNC4XG67JRWVISE474\/\">tenu en haleine<\/a> jusqu\u2019\u00e0 la derni\u00e8re minute. A deux jours de la fin du Festival d\u2019Avignon, et au surlendemain de l\u2019annonce de son <a href=\"https:\/\/www.liberation.fr\/societe\/police-justice\/la-ministre-de-la-culture-rachida-dati-sera-bien-jugee-pour-corruption-en-depit-dun-nombre-record-de-recours-20250722_JFJEARFX25DAZB6REUKWSXRGOU\/?redirected=1\" target=\"_blank\" rel=\"noopener\" title=\"https:\/\/www.liberation.fr\/societe\/police-justice\/la-ministre-de-la-culture-rachida-dati-sera-bien-jugee-pour-corruption-en-depit-dun-nombre-record-de-recours-20250722_JFJEARFX25DAZB6REUKWSXRGOU\/?redirected=1\">renvoi en correctionnelle<\/a> pour \u00abrecel de bien obtenu avec l\u2019aide d\u2019un abus de confiance\u00bb, \u00abtrafic d\u2019influence passif\u00bb et \u00abcorruption passive\u00bb, Rachida Dati a finalement point\u00e9 le bout de son nez au pays des cigales. Non, pas dans la cit\u00e9 des Papes stricto sensu, o\u00f9 la CGT avait menac\u00e9 de ne pas jouer si elle devait s\u2019y rendre, pour protester contre \u00ab<a href=\"https:\/\/www.liberation.fr\/culture\/budget-de-la-culture-le-secteur-accuse-les-coupes-20250622_GGHEF3LC3VFT7B5CPI2ORGL4LQ\/\" target=\"_blank\" rel=\"noopener\"><\/p>\n","protected":false},"excerpt":{"rendered":"Le grand remake d\u2019En attendant Godot par la ministre de la Culture nous aura tenu en haleine jusqu\u2019\u00e0&hellip;\n","protected":false},"author":2,"featured_media":271161,"comment_status":"","ping_status":"","sticky":false,"template":"","format":"standard","meta":{"footnotes":""},"categories":[4],"tags":[11,36980,1011,27,12,25],"class_list":{"0":"post-271160","1":"post","2":"type-post","3":"status-publish","4":"format-standard","5":"has-post-thumbnail","7":"category-france","8":"tag-actualites","9":"tag-festival-d-avignon","10":"tag-fr","11":"tag-france","12":"tag-news","13":"tag-republique-francaise"},"share_on_mastodon":{"url":"https:\/\/pubeurope.com\/@fr\/114909873726080902","error":""},"_links":{"self":[{"href":"https:\/\/www.europesays.com\/fr\/wp-json\/wp\/v2\/posts\/271160","targetHints":{"allow":["GET"]}}],"collection":[{"href":"https:\/\/www.europesays.com\/fr\/wp-json\/wp\/v2\/posts"}],"about":[{"href":"https:\/\/www.europesays.com\/fr\/wp-json\/wp\/v2\/types\/post"}],"author":[{"embeddable":true,"href":"https:\/\/www.europesays.com\/fr\/wp-json\/wp\/v2\/users\/2"}],"replies":[{"embeddable":true,"href":"https:\/\/www.europesays.com\/fr\/wp-json\/wp\/v2\/comments?post=271160"}],"version-history":[{"count":0,"href":"https:\/\/www.europesays.com\/fr\/wp-json\/wp\/v2\/posts\/271160\/revisions"}],"wp:featuredmedia":[{"embeddable":true,"href":"https:\/\/www.europesays.com\/fr\/wp-json\/wp\/v2\/media\/271161"}],"wp:attachment":[{"href":"https:\/\/www.europesays.com\/fr\/wp-json\/wp\/v2\/media?parent=271160"}],"wp:term":[{"taxonomy":"category","embeddable":true,"href":"https:\/\/www.europesays.com\/fr\/wp-json\/wp\/v2\/categories?post=271160"},{"taxonomy":"post_tag","embeddable":true,"href":"https:\/\/www.europesays.com\/fr\/wp-json\/wp\/v2\/tags?post=271160"}],"curies":[{"name":"wp","href":"https:\/\/api.w.org\/{rel}","templated":true}]}}