{"id":271163,"date":"2025-07-24T19:32:21","date_gmt":"2025-07-24T19:32:21","guid":{"rendered":"https:\/\/www.europesays.com\/fr\/271163\/"},"modified":"2025-07-24T19:32:21","modified_gmt":"2025-07-24T19:32:21","slug":"le-gouffre-denfer-fera-bientot-reellement-barrage-aux-crues","status":"publish","type":"post","link":"https:\/\/www.europesays.com\/fr\/271163\/","title":{"rendered":"Le Gouffre d\u2019Enfer fera bient\u00f4t r\u00e9ellement barrage aux crues"},"content":{"rendered":"<p class=\"is-style-chapo\">Il y a eu les travaux pr\u00e9paratoires de l\u2019Etat en 2022 \/2023. Puis ceux sur la vantellerie en amont de l\u2019ouvrage, essentiellement en 2024 par Saint-Etienne M\u00e9tropole, d\u00e9sormais propri\u00e9taire. La derni\u00e8re phase mettant \u00e0 jour le barrage du Gouffre d\u2019enfer dans son r\u00f4le de protecteur des crues susceptibles d\u2019inonder le centre de Saint-Etienne, tr\u00e8s expos\u00e9, est en cours. Le chantier doit nettement am\u00e9liorer la vanne de fond, la capacit\u00e9 d\u2019\u00e9vacuation. Non sans perturber la fr\u00e9quentation ludique des lieux jusqu\u2019en mars 2026.<\/p>\n<p><img loading=\"lazy\" decoding=\"async\" width=\"1024\" height=\"576\" src=\"https:\/\/www.europesays.com\/fr\/wp-content\/uploads\/2025\/07\/p-1024x576.jpg\" alt=\"\" class=\"wp-image-80168\"  \/>D\u2019ici le printemps 2026, le barrage du Gouffre d\u2019Enfer devrait pleinement jouer son r\u00f4le protecteur. \u00a9If M\u00e9dias \/ XA<\/p>\n<p>La pluviom\u00e9trie, oui. Mais l\u2019\u00e9tat des sols, leur capacit\u00e9 \u00e0 absorber au moment crucial, aussi, et m\u00eame beaucoup. Tout comme la topographie dans laquelle le cours d\u2019eau \u00e9volue ainsi que l\u2019ampleur de l\u2019urbanisation autour\u2026 Les param\u00e8tres amenant ou non \u00e0 des inondations catastrophiques pour la pr\u00e9sence humaine sont l\u00e9gion. Le 17 octobre dernier, ils n\u2019\u00e9taient pas suffisants, pas tous r\u00e9unis, aux moments cl\u00e9s pour mettre le centre-ville de Saint-Etienne sous les eaux. Contrairement \u00e0 ceux ayant, du coup, <a href=\"https:\/\/www.if-saint-etienne.fr\/societe\/lendemain-et-veille-de-chaos\" target=\"_blank\" rel=\"noreferrer noopener nofollow\">dramatiquement<\/a> impact\u00e9 le Gier et le Pilat. Reste qu\u2019actuellement, la capitale de la Loire n\u2019est pas prot\u00e9g\u00e9e d\u2019une crue dite \u00ab\u00a0centennale\u00a0\u00bb. Elle devrait l\u2019\u00eatre \u2013 en tout cas, bien davantage qu\u2019aujourd\u2019hui \u2013 d\u2019ici le printemps 2026. Ce qui ne signifiera pas pour autant \u00ab\u00a0invincibilit\u00e9\u00a0\u00bb. <\/p>\n<p>C\u2019est le r\u00f4le, celui d\u2019\u00e9cr\u00eateur de crues, du barrage du Gouffre d\u2019enfer que de \u00ab\u00a0g\u00e9rer\u00a0\u00bb l\u2019arriv\u00e9e subite des masses d\u2019eau susceptibles de faire du petit torrent qu\u2019est le Furan une potentielle catastrophe ambulante \u00e0 partir de Valbeno\u00eete avec la complicit\u00e9 probable du <a href=\"https:\/\/www.saint-etienne.fr\/actualites\/la-riviere-furet-bientot-decouverte\" target=\"_blank\" rel=\"noreferrer noopener nofollow\">Furet<\/a>, son affluent. L\u2019imposant \u2013 plus haut barrage du monde \u00e0 son inauguration en 1866 \u2013 et \u00e9l\u00e9gant \u00e9difice de Rochetaill\u00e9e a d\u2019ailleurs \u00e9t\u00e9 \u00e9lev\u00e9 dans un objectif multifonctionnel, y compris, alors, d\u2019approvisionnement en eau potable donc. C\u2019\u00e9tait sous le Second Empire, apr\u00e8s les <a href=\"https:\/\/vpah-auvergne-rhone-alpes.fr\/ressource\/les-crues-saint-etienne\" target=\"_blank\" rel=\"noreferrer noopener nofollow\">inondations majeures<\/a> de 1849, ayant fait 21 morts. La mont\u00e9e du p\u00e9ril et sa prise de conscience tr\u00e8s graduelle depuis le d\u00e9but des ann\u00e9es 1980 \u2013 avec quelques \u00ab\u00a0piq\u00fbres de rappel\u00a0\u00bb sans trop de frais pour ce qui est de l\u2019exposition de Saint-Etienne \u2013 avaient d\u00e9j\u00e0 pouss\u00e9 \u00e0 cantonner le barrage du Gouffre d\u2019Enfer \u00e0 son r\u00f4le de stockeur de crues. C\u2019est d\u2019ailleurs pour cette raison, qu\u2019il est de nos jours, vide la plupart du temps.<\/p>\n<p>Acc\u00e8s aux promeneurs r\u00e9duits<\/p>\n<p>En \u00ab\u00a0\u00e9changes\u00a0\u00bb de financements accrus sur son Programmes d\u2019actions de pr\u00e9vention des inondations 2022\/27 du Furan (Gier et Ondaine ont leur propre \u00ab\u00a0Papi\u00a0\u00bb, sur d\u2019autres temporalit\u00e9s) avec une <a href=\"https:\/\/www.saint-etienne-metropole.fr\/preserver-recycler\/gestion-de-leau\/le-risque-dinondations#lesprogrammes-d%E2%80%99actions-de-pr%C3%A9vention-des-inondations-papi\" target=\"_blank\" rel=\"noreferrer noopener nofollow\">comp\u00e9tence<\/a> remont\u00e9e \u00e0 l\u2019intercommunalit\u00e9, l\u2019Etat a officiellement transf\u00e9r\u00e9 le 1er janvier 2024 la propri\u00e9t\u00e9 du barrage, apr\u00e8s une campagne de travaux pr\u00e9paratoires, \u00e0 Saint-Etienne M\u00e9tropole qui le g\u00e9rait d\u00e9j\u00e0 par d\u00e9l\u00e9gation. L\u2019objectif dans le cadre du Papi a \u00e9t\u00e9 de restaurer puis d\u2019am\u00e9liorer les capacit\u00e9s de l\u2019ouvrage \u00e0 faire \u00ab\u00a0barri\u00e8re\u00a0\u00bb. C\u2019\u00e9tait l\u2019objet des travaux men\u00e9s essentiellement en 2024 que nous vous d\u00e9crivions et contextualisions dans cet <a href=\"https:\/\/www.if-saint-etienne.fr\/politique-societe\/crues-cet-enjeu-noye-par-les-autres-pour-le-centre-ville-de-saint-etienne\" target=\"_blank\" rel=\"noreferrer noopener nofollow\">article<\/a>, au niveau de l\u2019historique \u00ab\u00a0vantellerie\u00a0\u00bb, plus proche d\u2019un autre barrage, plus en amont, celui du Pas-du-Riot qui approvisionne, lui, en eau potable le bassin st\u00e9phanois en compl\u00e9ment de Lavalette en Haute-Loire. Restaur\u00e9e, remise en service, la Vantellerie dirige \u00e0 nouveau le trop \u00ab\u00a0plein d\u2019eau\u00a0\u00bb si besoin vers le r\u00e9servoir du Gouffre d\u2019Enfer via son canal principal.<\/p>\n<p><img loading=\"lazy\" decoding=\"async\" width=\"1024\" height=\"576\" src=\"https:\/\/www.europesays.com\/fr\/wp-content\/uploads\/2025\/07\/j2-1024x576.jpg\" alt=\"\" class=\"wp-image-80169\"  \/>Le barrage est vide la plupart du temps, sauf en cas de tests ou sinon t\u00e9moignant d\u2019un r\u00e9cent d\u00e9luge. \u00a9If M\u00e9dias \/ XA<\/p>\n<p>Ces am\u00e9nagements ont d\u00e9j\u00e0 perturb\u00e9 l\u2019acc\u00e8s du grand public aux lieux, pris\u00e9s par les promeneurs et coureurs. A ce sujet, ils ne sont pas encore au bout du chemin dans le coin. La suite de ces travaux mise \u00e0 jour des protections anti crues a en effet \u00e9t\u00e9 engag\u00e9e et, depuis la fin du printemps, le parking du Gouffre d\u2019enfer, c\u00f4t\u00e9 Rochetaill\u00e9e donc, est ferm\u00e9 pour cause de travaux. De m\u00eame, les cheminements les plus classiques pour acc\u00e9der aux environs de l\u2019\u00e9difice ne sont plus accessibles, cependant remplac\u00e9s par des itin\u00e9raires bis. Avec du retard pris par rapport \u00e0 ce qu\u2019indiquent les panneaux p\u00e9dagogiques et d\u2019orientation, il en sera ainsi jusqu\u2019en mars 2026, au moins\u00a0: c\u2019est-\u00e0-dire, sans accrocs impr\u00e9vus, ceux m\u00e9t\u00e9os en particulier. La phase men\u00e9e actuellement consiste \u00e0 revoir la \u00ab\u00a0vanne de fond\u00a0\u00bb du barrage. Plus pr\u00e9cis\u00e9ment la ma\u00eetrise, le rythme, la capacit\u00e9 de volume d\u2019\u00e9vacuation des masses d\u2019eau par le barrage.<\/p>\n<p>Un d\u00e9bit d\u2019\u00e9vacuation consid\u00e9rablement amplifi\u00e9<\/p>\n<p>\u00ab\u00a0Nous allons passer de tuyaux permettant de l\u00e2cher jusque-l\u00e0 un d\u00e9bit d\u20191,5 m3\/sec \u00e0 5 m3\/sec\u00a0\u00bb, expliquait ce jeudi matin J\u00e9r\u00f4me Boutigny charg\u00e9 de mission \u00ab\u00a0ouvrages de gestion des crues\u00a0\u00bb \u00e0 Saint-\u00c9tienne M\u00e9tropole lors d\u2019une visite de chantier m\u00e9diatis\u00e9e. Des tuyaux gigantesques avec une canalisation prolong\u00e9e de l\u2019autre c\u00f4t\u00e9 du \u00ab\u00a0rocher\u00a0\u00bb pour d\u00e9boucher sur le parking o\u00f9 sera prochainement creus\u00e9e et b\u00e9tonn\u00e9e une nouvelle \u00ab\u00a0chambre des vannes\u00a0\u00bb. Le mur de sout\u00e8nement du parking sera refait et la restitution de l\u2019eau \u00e0 la rivi\u00e8re apr\u00e8s ce dernier aussi. Cette phase-l\u00e0 qui s\u2019ajoute donc \u00e0 la vantellerie et aux travaux anti crues men\u00e9s sous le rond-point V\u00e9locio \u2013 en attendant des am\u00e9nagements de mise \u00e0 jour de la rivi\u00e8re sur une parcelle commerciale un peu plus \u00e0 l\u2019est, avant le tunnel \u2013 co\u00fbte 2,73 M\u20ac HT au Papi Furan de M\u00e9tropole donc, en grande partie pris en charge par l\u2019Etat.<\/p>\n<p>Autre prise en charge attendue de sa part, via le <a href=\"https:\/\/www.google.com\/url?sa=t&amp;source=web&amp;rct=j&amp;opi=89978449&amp;url=https:\/\/www.pas-de-calais.gouv.fr\/contenu\/telechargement\/74747\/474111\/file\/Modalites%2520pratiques%2520de%2520la%2520proc%25C3%25A9dure%2520de%2520rachat%252012%2520avril%25202024.odt.pdf&amp;ved=2ahUKEwjG372p69WOAxVhRKQEHS50ECwQFnoECBsQAQ&amp;usg=AOvVaw0CLmqfikiFcR1hjVqtP-g-\" target=\"_blank\" rel=\"noreferrer noopener nofollow\">fonds Barnier<\/a>, celle du d\u00e9dommagement, \u00ab\u00a0encours de n\u00e9gociations\u00a0\u00bb, indique le vice-pr\u00e9sident de M\u00e9tropole en charge des milieux aquatiques Julien Luya de quelques propri\u00e9taires de maisons individuelles dans la vall\u00e9e du Furan depuis le Gouffre d\u2019Enfer. B\u00e2ties trop pr\u00e8s de la rivi\u00e8re et d\u00e9j\u00e0 surexpos\u00e9e aux risques inondations, elles vont l\u2019\u00eatre encore davantage avec le nouveau d\u00e9bit potentiel de rel\u00e2che du barrage. On n\u2019\u00e9cr\u00eate pas mieux sans casser des \u0153ufs. Invisible pour l\u2019immense majorit\u00e9 des administr\u00e9s. Mais bien douloureux pour quelques-uns d\u2019entre eux.<\/p>\n","protected":false},"excerpt":{"rendered":"Il y a eu les travaux pr\u00e9paratoires de l\u2019Etat en 2022 \/2023. Puis ceux sur la vantellerie en&hellip;\n","protected":false},"author":2,"featured_media":271164,"comment_status":"","ping_status":"","sticky":false,"template":"","format":"standard","meta":{"footnotes":""},"categories":[9653],"tags":[1111,11,2430,41063,8368,41064,41065,1777,674,1011,27,39744,2839,12,41066,25,41067,4001,10060],"class_list":{"0":"post-271163","1":"post","2":"type-post","3":"status-publish","4":"format-standard","5":"has-post-thumbnail","7":"category-saint-etienne","8":"tag-actu","9":"tag-actualites","10":"tag-auvergne-rhone-alpes","11":"tag-barrage-du-gouffre-denfer","12":"tag-barrages","13":"tag-crues","14":"tag-ecreteur-de-crues","15":"tag-eu","16":"tag-europe","17":"tag-fr","18":"tag-france","19":"tag-immersif","20":"tag-inondations","21":"tag-news","22":"tag-prevention-inondations","23":"tag-republique-francaise","24":"tag-risque-inondations","25":"tag-saint-etienne","26":"tag-saint-etienne-metropole"},"share_on_mastodon":{"url":"https:\/\/pubeurope.com\/@fr\/114909881700720346","error":""},"_links":{"self":[{"href":"https:\/\/www.europesays.com\/fr\/wp-json\/wp\/v2\/posts\/271163","targetHints":{"allow":["GET"]}}],"collection":[{"href":"https:\/\/www.europesays.com\/fr\/wp-json\/wp\/v2\/posts"}],"about":[{"href":"https:\/\/www.europesays.com\/fr\/wp-json\/wp\/v2\/types\/post"}],"author":[{"embeddable":true,"href":"https:\/\/www.europesays.com\/fr\/wp-json\/wp\/v2\/users\/2"}],"replies":[{"embeddable":true,"href":"https:\/\/www.europesays.com\/fr\/wp-json\/wp\/v2\/comments?post=271163"}],"version-history":[{"count":0,"href":"https:\/\/www.europesays.com\/fr\/wp-json\/wp\/v2\/posts\/271163\/revisions"}],"wp:featuredmedia":[{"embeddable":true,"href":"https:\/\/www.europesays.com\/fr\/wp-json\/wp\/v2\/media\/271164"}],"wp:attachment":[{"href":"https:\/\/www.europesays.com\/fr\/wp-json\/wp\/v2\/media?parent=271163"}],"wp:term":[{"taxonomy":"category","embeddable":true,"href":"https:\/\/www.europesays.com\/fr\/wp-json\/wp\/v2\/categories?post=271163"},{"taxonomy":"post_tag","embeddable":true,"href":"https:\/\/www.europesays.com\/fr\/wp-json\/wp\/v2\/tags?post=271163"}],"curies":[{"name":"wp","href":"https:\/\/api.w.org\/{rel}","templated":true}]}}