{"id":271185,"date":"2025-07-24T19:48:20","date_gmt":"2025-07-24T19:48:20","guid":{"rendered":"https:\/\/www.europesays.com\/fr\/271185\/"},"modified":"2025-07-24T19:48:20","modified_gmt":"2025-07-24T19:48:20","slug":"laccuse-en-fuite-sest-rendu","status":"publish","type":"post","link":"https:\/\/www.europesays.com\/fr\/271185\/","title":{"rendered":"l\u2019accus\u00e9 en fuite s&rsquo;est rendu"},"content":{"rendered":"<p>Joelan Mootoosamy, <a href=\"https:\/\/www.dna.fr\/faits-divers-justice\/2024\/06\/27\/coupable-de-torture-ayant-entraine-la-mort-30-ans-de-reclusion-pour-l-accuse-en-fuite\" target=\"_blank\" rel=\"noopener\">reconnu coupable &#8211; par d\u00e9faut &#8211;<\/a> de torture ou acte de barbarie ayant entra\u00een\u00e9 la mort sans intention de la donner, de d\u00e9tention ou s\u00e9questration arbitraire suivie de mort en juin 2024, s\u2019est rendu au commissariat de Strasbourg mercredi 23 juillet.<\/p>\n<p><a href=\"https:\/\/www.dna.fr\/faits-divers-justice\/2024\/06\/27\/coupable-de-torture-ayant-entraine-la-mort-30-ans-de-reclusion-pour-l-accuse-en-fuite\" target=\"_blank\" rel=\"noopener\">Jug\u00e9 en son absence<\/a>, le quadrag\u00e9naire ayant pris la fuite sur l\u2019\u00eele Maurice, avait \u00e9t\u00e9 condamn\u00e9 \u00e0 une peine de trente ann\u00e9es de r\u00e9clusion criminelle. Fatigu\u00e9 de sa vie de fugitif, l\u2019homme a \u00e9t\u00e9 incarc\u00e9r\u00e9 \u00e0 la maison d\u2019arr\u00eat de Strasbourg, dans le quartier de l&rsquo;Elsau.<\/p>\n<p>Les faits remontent au 30 mars 2014. Vers 21 h, un homme inconscient allong\u00e9 au sol \u00e9tait d\u00e9couvert par deux policiers en sortant des urgences du CHU de Hautepierre \u00e0 Strasbourg. Saint Anatole Luther Oligbo, 31 ans, d\u00e9c\u00e9dait deux heures plus tard, malgr\u00e9 des tentatives de r\u00e9animation. Son corps pr\u00e9sentait de multiples plaies. Le l\u00e9giste constatant qu\u2019il avait \u00e9t\u00e9 battu \u00e0 mort.<\/p>\n<p>Le visionnage des enregistrements de vid\u00e9osurveillance du CHU permettait de constater que la victime avait \u00e9t\u00e9 extirp\u00e9e par les aisselles du v\u00e9hicule par le fugitif, puis d\u00e9pos\u00e9e sur le sol.<\/p>\n","protected":false},"excerpt":{"rendered":"Joelan Mootoosamy, reconnu coupable &#8211; par d\u00e9faut &#8211; de torture ou acte de barbarie ayant entra\u00een\u00e9 la mort&hellip;\n","protected":false},"author":2,"featured_media":271186,"comment_status":"","ping_status":"","sticky":false,"template":"","format":"standard","meta":{"footnotes":""},"categories":[2820],"tags":[1111,11,2389,2649,2880,1777,674,274,107,1011,27,775,12,25,640],"class_list":{"0":"post-271185","1":"post","2":"type-post","3":"status-publish","4":"format-standard","5":"has-post-thumbnail","7":"category-strasbourg","8":"tag-actu","9":"tag-actualites","10":"tag-alsace","11":"tag-bas-rhin","12":"tag-edition-strasbourg","13":"tag-eu","14":"tag-europe","15":"tag-faits-divers-justice","16":"tag-fil-info","17":"tag-fr","18":"tag-france","19":"tag-grand-est","20":"tag-news","21":"tag-republique-francaise","22":"tag-strasbourg"},"share_on_mastodon":{"url":"https:\/\/pubeurope.com\/@fr\/114909944485574860","error":""},"_links":{"self":[{"href":"https:\/\/www.europesays.com\/fr\/wp-json\/wp\/v2\/posts\/271185","targetHints":{"allow":["GET"]}}],"collection":[{"href":"https:\/\/www.europesays.com\/fr\/wp-json\/wp\/v2\/posts"}],"about":[{"href":"https:\/\/www.europesays.com\/fr\/wp-json\/wp\/v2\/types\/post"}],"author":[{"embeddable":true,"href":"https:\/\/www.europesays.com\/fr\/wp-json\/wp\/v2\/users\/2"}],"replies":[{"embeddable":true,"href":"https:\/\/www.europesays.com\/fr\/wp-json\/wp\/v2\/comments?post=271185"}],"version-history":[{"count":0,"href":"https:\/\/www.europesays.com\/fr\/wp-json\/wp\/v2\/posts\/271185\/revisions"}],"wp:featuredmedia":[{"embeddable":true,"href":"https:\/\/www.europesays.com\/fr\/wp-json\/wp\/v2\/media\/271186"}],"wp:attachment":[{"href":"https:\/\/www.europesays.com\/fr\/wp-json\/wp\/v2\/media?parent=271185"}],"wp:term":[{"taxonomy":"category","embeddable":true,"href":"https:\/\/www.europesays.com\/fr\/wp-json\/wp\/v2\/categories?post=271185"},{"taxonomy":"post_tag","embeddable":true,"href":"https:\/\/www.europesays.com\/fr\/wp-json\/wp\/v2\/tags?post=271185"}],"curies":[{"name":"wp","href":"https:\/\/api.w.org\/{rel}","templated":true}]}}