{"id":271187,"date":"2025-07-24T19:49:13","date_gmt":"2025-07-24T19:49:13","guid":{"rendered":"https:\/\/www.europesays.com\/fr\/271187\/"},"modified":"2025-07-24T19:49:13","modified_gmt":"2025-07-24T19:49:13","slug":"le-terroriste-darras-et-un-neonazi-soupconnes-dun-projet-devasion","status":"publish","type":"post","link":"https:\/\/www.europesays.com\/fr\/271187\/","title":{"rendered":"le terroriste d&rsquo;Arras et un n\u00e9onazi soup\u00e7onn\u00e9s d&rsquo;un projet d&rsquo;\u00e9vasion"},"content":{"rendered":"<p class=\"article-p mdl\">Trois d\u00e9tenus plac\u00e9s \u00e0 l\u2019isolement \u00e0 la maison d\u2019arr\u00eat de Strasbourg-Elsau\u00a0et soup\u00e7onn\u00e9s d\u2019avoir tent\u00e9 de s\u2019\u00e9vader ont \u00e9t\u00e9 plac\u00e9s <strong>en garde \u00e0 vue<\/strong>, ce jeudi 24 juillet, par la police judiciaire.<\/p>\n<p class=\"article-p mdl\">Parmi eux, on retrouve des profils tr\u00e8s sensibles, dont l\u2019assassin pr\u00e9sum\u00e9\u00a0<a class=\"link\" href=\"https:\/\/www.rtl.fr\/actu\/justice-faits-divers\/document-rtl-ne-pas-oublier-ce-pour-quoi-il-a-ete-tue-la-veuve-de-dominique-bernard-se-confie-7900507647\" target=\"_blank\" rel=\"nofollow noopener\">du professeur Dominique Bernard,<\/a>\u00a0Mohammed Mogouchkov, ainsi qu&rsquo;un ancien leader d\u2019ultra-droite alsacien Valentin Linder. L&rsquo;identit\u00e9 du troisi\u00e8me homme interpell\u00e9 n&rsquo;a pas \u00e9t\u00e9 r\u00e9v\u00e9l\u00e9e bien que le d\u00e9tenu soit connu\u00a0<a class=\"link\" href=\"https:\/\/www.rtl.fr\/actu\/justice-faits-divers\/une-prison-qui-enleve-toute-possibilite-de-traitement-digne-l-avocat-de-mohamed-amra-denonce-sur-rtl-son-transfert-7900524781\" target=\"_blank\" rel=\"nofollow noopener\">pour ses liens avec le narcotrafic<\/a>.<\/p>\n<p class=\"article-p mdl\">Les trois hommes sont entendus depuis ce matin en garde \u00e0 vue, Selon des informations de RTL, confirmant celles\u00a0<a class=\"link\" href=\"https:\/\/www.leparisien.fr\/faits-divers\/un-terroriste-islamiste-un-neonazi-et-un-troisieme-detenu-soupconnes-dun-projet-devasion-24-07-2025-5Q34DW5C25BU7PXJY7M5VYUUCA.php\" target=\"_blank\" rel=\"nofollow noopener\">Le Parisien<\/a>, les enqu\u00eateurs sont en train de v\u00e9rifier si, oui ou non, ils ont foment\u00e9 un projet d&rsquo;\u00e9vasion. Pour l&rsquo;heure, les faits sont encore assez flou, a soulign\u00e9 une porte-parole du parquet.<\/p>\n<p class=\"article-p mdl\">Des expertises sont en cours au sujet de <strong>traces retrouv\u00e9es<\/strong> sur les portes de leurs cellules, compatibles avec un possible sillage. De m\u00eame, les perquisitions ont permis de retrouver des t\u00e9l\u00e9phones portables, mais surtout une <strong>scie \u00e0 m\u00e9taux<\/strong>. Au vu du profil de l&rsquo;un des d\u00e9tenus, le parquet national antiterroriste a \u00e9t\u00e9 avis\u00e9. Le <strong>groupe antiterroriste<\/strong> de la police judiciaire de Strasbourg est d\u00e9sormais en charge de l&rsquo;enqu\u00eate.<\/p>\n<p>    La r\u00e9daction vous recommande<\/p>\n<p class=\"s-newsletter__title\">\n                L\u2019actualit\u00e9 par la r\u00e9daction de RTL dans votre bo\u00eete mail.\n            <\/p>\n<p class=\"s-newsletter__subtitle\">\n                Gr\u00e2ce \u00e0 votre compte RTL abonnez-vous \u00e0 la newsletter RTL info pour suivre toute l&rsquo;actualit\u00e9 au quotidien\n            <\/p>\n<p>\n                                    Lire la suite\n                                <\/p>\n","protected":false},"excerpt":{"rendered":"Trois d\u00e9tenus plac\u00e9s \u00e0 l\u2019isolement \u00e0 la maison d\u2019arr\u00eat de Strasbourg-Elsau\u00a0et soup\u00e7onn\u00e9s d\u2019avoir tent\u00e9 de s\u2019\u00e9vader ont \u00e9t\u00e9&hellip;\n","protected":false},"author":2,"featured_media":271188,"comment_status":"","ping_status":"","sticky":false,"template":"","format":"standard","meta":{"footnotes":""},"categories":[2820],"tags":[1111,11,1777,674,3727,107,1011,27,775,41068,12,25,640,1254],"class_list":{"0":"post-271187","1":"post","2":"type-post","3":"status-publish","4":"format-standard","5":"has-post-thumbnail","7":"category-strasbourg","8":"tag-actu","9":"tag-actualites","10":"tag-eu","11":"tag-europe","12":"tag-evasion","13":"tag-fil-info","14":"tag-fr","15":"tag-france","16":"tag-grand-est","17":"tag-neo-nazi","18":"tag-news","19":"tag-republique-francaise","20":"tag-strasbourg","21":"tag-terrorisme"},"share_on_mastodon":{"url":"https:\/\/pubeurope.com\/@fr\/114909948372352393","error":""},"_links":{"self":[{"href":"https:\/\/www.europesays.com\/fr\/wp-json\/wp\/v2\/posts\/271187","targetHints":{"allow":["GET"]}}],"collection":[{"href":"https:\/\/www.europesays.com\/fr\/wp-json\/wp\/v2\/posts"}],"about":[{"href":"https:\/\/www.europesays.com\/fr\/wp-json\/wp\/v2\/types\/post"}],"author":[{"embeddable":true,"href":"https:\/\/www.europesays.com\/fr\/wp-json\/wp\/v2\/users\/2"}],"replies":[{"embeddable":true,"href":"https:\/\/www.europesays.com\/fr\/wp-json\/wp\/v2\/comments?post=271187"}],"version-history":[{"count":0,"href":"https:\/\/www.europesays.com\/fr\/wp-json\/wp\/v2\/posts\/271187\/revisions"}],"wp:featuredmedia":[{"embeddable":true,"href":"https:\/\/www.europesays.com\/fr\/wp-json\/wp\/v2\/media\/271188"}],"wp:attachment":[{"href":"https:\/\/www.europesays.com\/fr\/wp-json\/wp\/v2\/media?parent=271187"}],"wp:term":[{"taxonomy":"category","embeddable":true,"href":"https:\/\/www.europesays.com\/fr\/wp-json\/wp\/v2\/categories?post=271187"},{"taxonomy":"post_tag","embeddable":true,"href":"https:\/\/www.europesays.com\/fr\/wp-json\/wp\/v2\/tags?post=271187"}],"curies":[{"name":"wp","href":"https:\/\/api.w.org\/{rel}","templated":true}]}}