{"id":271193,"date":"2025-07-24T19:52:16","date_gmt":"2025-07-24T19:52:16","guid":{"rendered":"https:\/\/www.europesays.com\/fr\/271193\/"},"modified":"2025-07-24T19:52:16","modified_gmt":"2025-07-24T19:52:16","slug":"une-fresque-en-lhonneur-des-vanniers-dans-ce-village-pres-de-nantes","status":"publish","type":"post","link":"https:\/\/www.europesays.com\/fr\/271193\/","title":{"rendered":"Une fresque en l\u2019honneur des vanniers dans ce village pr\u00e8s de Nantes"},"content":{"rendered":"<p>Sur la place des vanniers, \u00a0la loge de Madeleine , utilis\u00e9e chaque ann\u00e9e pour lieu d\u2019exposition sur les vanniers de Mayun, a \u00e9t\u00e9 d\u00e9cor\u00e9e d\u2019une fresque \u00e9voquant la Bri\u00e8re et le portrait de Pierre Leli\u00e8vre (1874-1957), qui fut le dernier vannier professionnel du village, avant que cette activit\u00e9 soit reprise par bon nombre de vanniers Mayunnais, amateurs, mais passionn\u00e9s.<\/p>\n<p>\u00ab\u00a0Pierre Leli\u00e8vre fabriquait jusqu\u2019\u00e0 trois paniers par journ\u00e9e de 16\u00a0h. Tr\u00e8s croyant, il attendait le deuxi\u00e8me coup de minuit du dimanche soir, pour se mettre au travail. Conteur renomm\u00e9, il fut enregistr\u00e9 en 1949, par Ariane de F\u00e9lice, pour le mus\u00e9e des arts et traditions populaires de Paris  \u00bb, \u00e9voque Nadine Lemeignen, adjointe \u00e0 la culture.<\/p>\n<p>En noir et blanc, un choix volontaire<\/p>\n<p>C\u2019est Jordan Karl Diouada, de <a href=\"https:\/\/saint-nazaire.maville.com\/actu\/actudet_-montoir-de-bretagne.-la-fresque-des-sports-retenue-au-concours-national-des-fresques-_8-6668752_actu.Htm\" target=\"_blank\" rel=\"noopener\">l\u2019association Pucama<\/a>, qui a r\u00e9alis\u00e9 cette fresque en noir et blanc. \u00ab\u00a0Nous avons pens\u00e9 que le noir et blanc correspond mieux \u00e0 une image ancienne de Mayun. Et nous montrons que le panier mayunnais ne reste pas cantonn\u00e9 dans la Bri\u00e8re. Il a voyag\u00e9 beaucoup, export\u00e9 \u00e0 Paris, Nantes, Saint-Malo. On en voit un exemple avec une Bretonne et son panier rempli de coquillages  , souligne Nadine Lemeignen.<\/p>\n<p>Cette loge de Madeleine Hervy, aujourd\u2019hui d\u00e9c\u00e9d\u00e9e, devenue propri\u00e9t\u00e9 communale, continuera d\u2019\u00eatre dans le paysage de la vannerie. \u00a0Nous allons continuer de l\u2019habiller petit \u00e0 petit\u00a0 assure Nicolas Brault-Halgand, adjoint \u00e0 l\u2019\u00e9v\u00e9nementiel.<\/p>\n<p>\u00a0<\/p>\n","protected":false},"excerpt":{"rendered":"Sur la place des vanniers, \u00a0la loge de Madeleine , utilis\u00e9e chaque ann\u00e9e pour lieu d\u2019exposition sur les&hellip;\n","protected":false},"author":2,"featured_media":271194,"comment_status":"","ping_status":"","sticky":false,"template":"","format":"standard","meta":{"footnotes":""},"categories":[2818],"tags":[1111,11,1777,674,1011,27,23001,14472,766,12,2636,3762,25,41069,6456],"class_list":{"0":"post-271193","1":"post","2":"type-post","3":"status-publish","4":"format-standard","5":"has-post-thumbnail","7":"category-nantes","8":"tag-actu","9":"tag-actualites","10":"tag-eu","11":"tag-europe","12":"tag-fr","13":"tag-france","14":"tag-fresque","15":"tag-honneur","16":"tag-nantes","17":"tag-news","18":"tag-pays-de-la-loire","19":"tag-pres","20":"tag-republique-francaise","21":"tag-vanniers","22":"tag-village"},"share_on_mastodon":{"url":"https:\/\/pubeurope.com\/@fr\/114909960184660378","error":""},"_links":{"self":[{"href":"https:\/\/www.europesays.com\/fr\/wp-json\/wp\/v2\/posts\/271193","targetHints":{"allow":["GET"]}}],"collection":[{"href":"https:\/\/www.europesays.com\/fr\/wp-json\/wp\/v2\/posts"}],"about":[{"href":"https:\/\/www.europesays.com\/fr\/wp-json\/wp\/v2\/types\/post"}],"author":[{"embeddable":true,"href":"https:\/\/www.europesays.com\/fr\/wp-json\/wp\/v2\/users\/2"}],"replies":[{"embeddable":true,"href":"https:\/\/www.europesays.com\/fr\/wp-json\/wp\/v2\/comments?post=271193"}],"version-history":[{"count":0,"href":"https:\/\/www.europesays.com\/fr\/wp-json\/wp\/v2\/posts\/271193\/revisions"}],"wp:featuredmedia":[{"embeddable":true,"href":"https:\/\/www.europesays.com\/fr\/wp-json\/wp\/v2\/media\/271194"}],"wp:attachment":[{"href":"https:\/\/www.europesays.com\/fr\/wp-json\/wp\/v2\/media?parent=271193"}],"wp:term":[{"taxonomy":"category","embeddable":true,"href":"https:\/\/www.europesays.com\/fr\/wp-json\/wp\/v2\/categories?post=271193"},{"taxonomy":"post_tag","embeddable":true,"href":"https:\/\/www.europesays.com\/fr\/wp-json\/wp\/v2\/tags?post=271193"}],"curies":[{"name":"wp","href":"https:\/\/api.w.org\/{rel}","templated":true}]}}