{"id":271225,"date":"2025-07-24T20:09:16","date_gmt":"2025-07-24T20:09:16","guid":{"rendered":"https:\/\/www.europesays.com\/fr\/271225\/"},"modified":"2025-07-24T20:09:16","modified_gmt":"2025-07-24T20:09:16","slug":"entretien-durgence-entre-paris-londres-et-berlin-vendredi","status":"publish","type":"post","link":"https:\/\/www.europesays.com\/fr\/271225\/","title":{"rendered":"\u00ab\u00a0Entretien d\u2019urgence\u00a0\u00bb entre Paris, Londres et Berlin vendredi"},"content":{"rendered":"<p>Un \u00ab\u00a0entretien d\u2019urgence\u00a0\u00bb entre <a href=\"https:\/\/www.20minutes.fr\/paris\/\" class=\"color-ultramarine c-link\" rel=\"nofollow noopener\" target=\"_blank\">Paris<\/a>, <a href=\"https:\/\/www.20minutes.fr\/dossier\/londres\" class=\"color-ultramarine c-link\" rel=\"nofollow noopener\" target=\"_blank\">Londres<\/a> et <a href=\"https:\/\/www.20minutes.fr\/dossier\/berlin\" class=\"color-ultramarine c-link\" rel=\"nofollow noopener\" target=\"_blank\">Berlin<\/a> se tiendra vendredi sur la situation \u00e0 <a href=\"https:\/\/www.20minutes.fr\/monde\/gaza\/\" class=\"color-ultramarine c-link\" rel=\"nofollow noopener\" target=\"_blank\">Gaza<\/a>, a annonc\u00e9 ce jeudi le Premier ministre britannique <a href=\"https:\/\/www.20minutes.fr\/monde\/keir-starmer\/\" class=\"color-ultramarine c-link\" rel=\"nofollow noopener\" target=\"_blank\">Keir Starmer<\/a>. \u00ab\u00a0Je tiendrai demain (vendredi) un appel d\u2019urgence avec les partenaires de l&rsquo;E3 [<a href=\"https:\/\/www.20minutes.fr\/france\/\" class=\"color-ultramarine c-link\" rel=\"nofollow noopener\" target=\"_blank\">France<\/a>, <a href=\"https:\/\/www.20minutes.fr\/dossier\/allemagne\" class=\"color-ultramarine c-link\" rel=\"nofollow noopener\" target=\"_blank\">Allemagne<\/a>, <a href=\"https:\/\/www.20minutes.fr\/monde\/royaume-uni\/\" class=\"color-ultramarine c-link\" rel=\"nofollow noopener\" target=\"_blank\">Royaume-Uni<\/a>], au cours duquel nous discuterons de ce que nous pouvons faire de toute urgence pour arr\u00eater les massacres et fournir \u00e0 la population la nourriture dont elle a d\u00e9sesp\u00e9r\u00e9ment besoin\u00a0\u00bb, a d\u00e9clar\u00e9 le chef du gouvernement. La situation \u00e0 Gaza \u00ab\u00a0a atteint un nouveau seuil critique et continue d\u2019empirer. Nous assistons \u00e0 une catastrophe humanitaire\u00a0\u00bb, a insist\u00e9 le dirigeant britannique.<\/p>\n<\/p>\n<p><a href=\"https:\/\/www.20minutes.fr\/monde\/israel\/\" class=\"color-ultramarine c-link\" rel=\"nofollow noopener\" target=\"_blank\">Isra\u00ebl<\/a> fait face \u00e0 une pression internationale croissante pour mettre fin aux souffrances des plus de 2\u00a0millions d\u2019habitants du territoire palestinien, soumis \u00e0 un blocus qui les prive d\u2019une aide humanitaire vitale. Paris, Londres et Berlin s\u2019accordent \u00ab\u00a0sur la n\u00e9cessit\u00e9 urgente pour Isra\u00ebl de changer de cap et de permettre \u00e0 l\u2019aide dont Gaza a d\u00e9sesp\u00e9r\u00e9ment besoin d\u2019entrer sans d\u00e9lai\u00a0\u00bb, a encore affirm\u00e9 Keir Starmer. Il a \u00e9galement insist\u00e9 sur le fait que l\u2019existence d\u2019un Etat de <a href=\"https:\/\/www.20minutes.fr\/monde\/palestine\/\" class=\"color-ultramarine c-link\" rel=\"nofollow noopener\" target=\"_blank\">Palestine<\/a> est \u00ab\u00a0un droit inali\u00e9nable du peuple palestinien\u00a0\u00bb.<\/p>\n<p>Jeudi, Isra\u00ebl a annonc\u00e9 rappeler pour consultation ses n\u00e9gociateurs engag\u00e9s au <a href=\"https:\/\/www.20minutes.fr\/dossier\/qatar\" class=\"color-ultramarine c-link\" rel=\"nofollow noopener\" target=\"_blank\">Qatar<\/a> dans des pourparlers indirects avec le Hamas, sous m\u00e9diation qatarie, am\u00e9ricaine et \u00e9gyptienne, et qui n\u2019ont \u00e0 ce jour abouti \u00e0 aucun r\u00e9sultat concret. Les <a href=\"https:\/\/www.20minutes.fr\/monde\/etats-unis\/\" class=\"color-ultramarine c-link\" rel=\"nofollow noopener\" target=\"_blank\">Etats-Unis<\/a> ont annonc\u00e9 que l\u2019\u00e9missaire de la Maison-Blanche Steve Witkoff devait tenir des pourparlers en Europe cette semaine sur un cessez-le-feu et un \u00ab\u00a0corridor humanitaire\u00a0\u00bb.<\/p>\n","protected":false},"excerpt":{"rendered":"Un \u00ab\u00a0entretien d\u2019urgence\u00a0\u00bb entre Paris, Londres et Berlin se tiendra vendredi sur la situation \u00e0 Gaza, a annonc\u00e9&hellip;\n","protected":false},"author":2,"featured_media":271226,"comment_status":"","ping_status":"","sticky":false,"template":"","format":"standard","meta":{"footnotes":""},"categories":[1888],"tags":[47,11,672,7613,3259,312,1777,674,12980,1011,27,665,664,2581,4534,74,12,3518,626,25,473],"class_list":{"0":"post-271225","1":"post","2":"type-post","3":"status-publish","4":"format-standard","5":"has-post-thumbnail","7":"category-paris","8":"tag-actualite","9":"tag-actualites","10":"tag-allemagne","11":"tag-conflit-au-proche-orient","12":"tag-conflit-israelo-palestinien","13":"tag-diplomatie","14":"tag-eu","15":"tag-europe","16":"tag-famine","17":"tag-fr","18":"tag-france","19":"tag-gaza","20":"tag-israel","21":"tag-keir-starmer","22":"tag-londres","23":"tag-monde","24":"tag-news","25":"tag-palestine","26":"tag-paris","27":"tag-republique-francaise","28":"tag-royaume-uni"},"share_on_mastodon":{"url":"https:\/\/pubeurope.com\/@fr\/114910027099128276","error":""},"_links":{"self":[{"href":"https:\/\/www.europesays.com\/fr\/wp-json\/wp\/v2\/posts\/271225","targetHints":{"allow":["GET"]}}],"collection":[{"href":"https:\/\/www.europesays.com\/fr\/wp-json\/wp\/v2\/posts"}],"about":[{"href":"https:\/\/www.europesays.com\/fr\/wp-json\/wp\/v2\/types\/post"}],"author":[{"embeddable":true,"href":"https:\/\/www.europesays.com\/fr\/wp-json\/wp\/v2\/users\/2"}],"replies":[{"embeddable":true,"href":"https:\/\/www.europesays.com\/fr\/wp-json\/wp\/v2\/comments?post=271225"}],"version-history":[{"count":0,"href":"https:\/\/www.europesays.com\/fr\/wp-json\/wp\/v2\/posts\/271225\/revisions"}],"wp:featuredmedia":[{"embeddable":true,"href":"https:\/\/www.europesays.com\/fr\/wp-json\/wp\/v2\/media\/271226"}],"wp:attachment":[{"href":"https:\/\/www.europesays.com\/fr\/wp-json\/wp\/v2\/media?parent=271225"}],"wp:term":[{"taxonomy":"category","embeddable":true,"href":"https:\/\/www.europesays.com\/fr\/wp-json\/wp\/v2\/categories?post=271225"},{"taxonomy":"post_tag","embeddable":true,"href":"https:\/\/www.europesays.com\/fr\/wp-json\/wp\/v2\/tags?post=271225"}],"curies":[{"name":"wp","href":"https:\/\/api.w.org\/{rel}","templated":true}]}}