{"id":271231,"date":"2025-07-24T20:13:11","date_gmt":"2025-07-24T20:13:11","guid":{"rendered":"https:\/\/www.europesays.com\/fr\/271231\/"},"modified":"2025-07-24T20:13:11","modified_gmt":"2025-07-24T20:13:11","slug":"linde-signe-avec-le-royaume-uni-un-accord-commercial-de-bon-augure-pour-conclure-avec-bruxelles","status":"publish","type":"post","link":"https:\/\/www.europesays.com\/fr\/271231\/","title":{"rendered":"L\u2019Inde signe avec le Royaume-Uni un accord commercial\u2026 de bon augure pour conclure avec Bruxelles ?"},"content":{"rendered":"<p><strong>D\u00c9CRYPTAGE &#8211;<\/strong> Sous pression de la guerre commerciale orchestr\u00e9e par Donald Trump, New Delhi tourne progressivement le dos au protectionnisme. Le texte act\u00e9 avec Londres pr\u00e9figure, en partie, celui avec l\u2019Union europ\u00e9enne.<\/p>\n<p class=\"fig-paragraph\">L\u2019Inde, l\u2019une des \u00e9conomies les plus ferm\u00e9es, tourne progressivement le dos au protectionnisme. Et acc\u00e9l\u00e8re les n\u00e9gociations commerciales. Jeudi matin, \u00e0 Londres, le premier ministre indien, Narendra Modi, a paraph\u00e9 un accord avec son homologue, Keir Starmer. Cet accord avec le Royaume-Uni est le deuxi\u00e8me conclu en Europe en seulement un an, apr\u00e8s\u00a0<a href=\"http:\/\/www.lefigaro.fr\/flash-eco\/le-mercosur-et-l-aele-finalisent-un-accord-de-libre-echange-20250702\" data-fig-type=\"NewsFlash\" data-gtm-custom-categorie=\"navigation\" data-gtm-custom-action=\"crossclick\" data-gtm-custom-label=\"Contextuel\" data-gtm-event=\"customEventSPE\" data-fig-domain=\"LEFIGARO\" rel=\"nofollow noopener\" target=\"_blank\">l\u2019Association europ\u00e9enne de libre-\u00e9change<\/a>\u00a0(AELE).<\/p>\n<p class=\"fig-paragraph\">L\u2019Inde vise un trait\u00e9 de libre-\u00e9change avec l\u2019Union europ\u00e9enne d\u2019ici la fin de l\u2019ann\u00e9e. La guerre douani\u00e8re de Donald Trump a pouss\u00e9 New Delhi, mais aussi Bruxelles, \u00e0 sortir leurs pourparlers du bourbier. Les discussions, entam\u00e9es en 2007, restaient paralys\u00e9es. New Delhi s\u2019active aussi \u00e0 trouver un compromis avec Washington pour \u00e9chapper au couperet des droits de douane.<\/p>\n<p class=\"fig-body-link\">\n            \u00c0 lire aussi<br \/>\n        <a class=\"fig-body-link__link fig-premium-mark\" href=\"http:\/\/www.lefigaro.fr\/conjoncture\/le-plus-grand-accord-jamais-realise-donald-trump-et-le-japon-s-entendent-sur-un-nouveau-taux-de-15-de-droits-de-douane-20250723\" data-fig-type=\"Article\" data-gtm-custom-categorie=\"navigation\" data-gtm-custom-action=\"crossclick\" data-gtm-custom-label=\"Contextuel\" data-gtm-event=\"customEventSPE\" data-fig-domain=\"LEFIGARO\" rel=\"nofollow noopener\" target=\"_blank\">\u00abLe plus grand accord jamais r\u00e9alis\u00e9\u00bb\u00a0: Donald Trump et le Japon s\u2019entendent sur un nouveau taux de 15 % de droits de douane<br \/>\n    <\/a>\n<\/p>\n<p class=\"fig-paragraph\">Le trait\u00e9 entre l\u2019Inde et le Royaume-Uni offre un aper\u00e7u de ce qui pourrait figurer dans celui avec l\u2019UE. Les Britanniques ont obtenu la suppression ou la baisse des droits de douane sur 90\u00a0% des lignes tarifaires couvrant 92\u00a0%\u2026<\/p>\n<p class=\"fig-premium-paywall__infos\">\n        Cet article est r\u00e9serv\u00e9 aux abonn\u00e9s.        Il vous reste 80% \u00e0 d\u00e9couvrir.\n    <\/p>\n<p>                <img  data- alt=\"Le Figaro\" class=\"fig-img--complete fig-img\"\/><\/p>\n<p class=\"fig-premium-paywall__title\">Vous avez envie de lire la suite ?<\/p>\n<p class=\"fig-premium-paywall__subtitle\">D\u00e9bloquez tous les articles imm\u00e9diatement.<\/p>\n<p class=\"fig-premium-paywall__connect\">\n                D\u00e9j\u00e0 abonn\u00e9\u00a0?                <a class=\"fig-premium-paywall__connect-link\" href=\"https:\/\/connect.lefigaro.fr\/login?client=horizon_web&amp;type=main&amp;redirect_uri=https%3A%2F%2Fwww.lefigaro.fr%2Fconjoncture%2Fl-inde-signe-avec-le-royaume-uni-un-accord-commercial-de-bon-augure-pour-conclure-avec-bruxelles-20250724\" data-js-gtm=\"{&quot;customCategorie&quot;: &quot;conversion&quot;, &quot;customAction&quot;: &quot;before_Landing_Connexion_paywall_auto&quot;, &quot;customLabel&quot;: &quot;bGVmaWdhcm8uZnJfXzFmMDY4NzYxLTUwOTAtNjdmMC1iODkyLTQ1YmUzYmRlMWMyNV9fQXJ0aWNsZQ==_L\u2019Inde signe avec le Royaume-Uni un accord commercial\u2026 de bon augure pour conclure avec Bruxelles\u00a0?_227&quot;, &quot;customIDSPE&quot;: &quot;bGVmaWdhcm8uZnJfXzFmMDY4NzYxLTUwOTAtNjdmMC1iODkyLTQ1YmUzYmRlMWMyNV9fQXJ0aWNsZQ==&quot;, &quot;event&quot;: &quot;customEventSPE&quot;}\" rel=\"nofollow noopener\" target=\"_blank\"><br \/>\n                    Connectez-vous<br \/>\n                <\/a>\n            <\/p>\n","protected":false},"excerpt":{"rendered":"D\u00c9CRYPTAGE &#8211; Sous pression de la guerre commerciale orchestr\u00e9e par Donald Trump, New Delhi tourne progressivement le dos&hellip;\n","protected":false},"author":2,"featured_media":271232,"comment_status":"","ping_status":"","sticky":false,"template":"","format":"standard","meta":{"footnotes":""},"categories":[1588],"tags":[11,215,1777,674,5595,12,473,1853,1851,1850,1852],"class_list":{"0":"post-271231","1":"post","2":"type-post","3":"status-publish","4":"format-standard","5":"has-post-thumbnail","7":"category-royaume-uni","8":"tag-actualites","9":"tag-commerce","10":"tag-eu","11":"tag-europe","12":"tag-inde","13":"tag-news","14":"tag-royaume-uni","15":"tag-royaume-uni-de-grande-bretagne-et-dirlande-du-nord","16":"tag-uk","17":"tag-united-kingdom","18":"tag-united-kingdom-of-great-britain-and-northern-ireland"},"share_on_mastodon":{"url":"https:\/\/pubeurope.com\/@fr\/114910042885051861","error":""},"_links":{"self":[{"href":"https:\/\/www.europesays.com\/fr\/wp-json\/wp\/v2\/posts\/271231","targetHints":{"allow":["GET"]}}],"collection":[{"href":"https:\/\/www.europesays.com\/fr\/wp-json\/wp\/v2\/posts"}],"about":[{"href":"https:\/\/www.europesays.com\/fr\/wp-json\/wp\/v2\/types\/post"}],"author":[{"embeddable":true,"href":"https:\/\/www.europesays.com\/fr\/wp-json\/wp\/v2\/users\/2"}],"replies":[{"embeddable":true,"href":"https:\/\/www.europesays.com\/fr\/wp-json\/wp\/v2\/comments?post=271231"}],"version-history":[{"count":0,"href":"https:\/\/www.europesays.com\/fr\/wp-json\/wp\/v2\/posts\/271231\/revisions"}],"wp:featuredmedia":[{"embeddable":true,"href":"https:\/\/www.europesays.com\/fr\/wp-json\/wp\/v2\/media\/271232"}],"wp:attachment":[{"href":"https:\/\/www.europesays.com\/fr\/wp-json\/wp\/v2\/media?parent=271231"}],"wp:term":[{"taxonomy":"category","embeddable":true,"href":"https:\/\/www.europesays.com\/fr\/wp-json\/wp\/v2\/categories?post=271231"},{"taxonomy":"post_tag","embeddable":true,"href":"https:\/\/www.europesays.com\/fr\/wp-json\/wp\/v2\/tags?post=271231"}],"curies":[{"name":"wp","href":"https:\/\/api.w.org\/{rel}","templated":true}]}}