{"id":271233,"date":"2025-07-24T20:14:44","date_gmt":"2025-07-24T20:14:44","guid":{"rendered":"https:\/\/www.europesays.com\/fr\/271233\/"},"modified":"2025-07-24T20:14:44","modified_gmt":"2025-07-24T20:14:44","slug":"chaque-ete-des-campeurs-allemands-sinstallent-a-metz-savez-vous-pourquoi","status":"publish","type":"post","link":"https:\/\/www.europesays.com\/fr\/271233\/","title":{"rendered":"Chaque \u00e9t\u00e9, des campeurs allemands s\u2019installent \u00e0 Metz. Savez-vous pourquoi ?"},"content":{"rendered":"<p>Le camping est une tradition forte en Allemagne, loin du tumulte touristique. Avec leur pr\u00e9f\u00e9rence pour la nature, les tentes et m\u00eame le naturisme, les Allemands incarnent une vision \u00e9pur\u00e9e et fid\u00e8le du camping. <\/p>\n<p>Le camping en Allemagne n\u2019est pas un simple loisir estival, mais un v\u00e9ritable mode de vie. Ici, pas de mobil-homes ou de clubs familiaux, mais des tentes, des caravanes, des v\u00e9los, et un attachement profond \u00e0 la nature.<\/p>\n<p>Les campeurs recherchent la tranquillit\u00e9, la marche, les paysages, souvent loin des zones sur\u00e9quip\u00e9es. Ce sont principalement des couples sans enfants qui investissent ces coins paisibles. En qu\u00eate d\u2019authenticit\u00e9, ils boudent les grandes cha\u00eenes touristiques. Quand ils partent \u00e0 l\u2019\u00e9tranger, leur pr\u00e9f\u00e9rence va aux petits campings municipaux fran\u00e7ais, comme celui de Metz en Moselle, devenu une r\u00e9f\u00e9rence pour eux durant la saison estivale.<\/p>\n<p>Une passion pr\u00e9par\u00e9e et assum\u00e9e jusqu&rsquo;au naturisme<\/p>\n<p>Le rapport au camping chez les Allemands se pr\u00e9pare d\u00e8s avril, avec un salon national qui r\u00e9unit passionn\u00e9s et fabricants autour des derni\u00e8res innovations\u00a0: \u00e9quipements l\u00e9gers, \u00e9nergies renouvelables, syst\u00e8mes de confort pour tentes ou caravanes. Ce rendez-vous donne le coup d\u2019envoi des r\u00e9servations d\u2019\u00e9t\u00e9.<\/p>\n<p>Autre facette singuli\u00e8re\u00a0: le go\u00fbt marqu\u00e9 pour les campings naturistes. Dans le pays ou \u00e0 l\u2019\u00e9tranger, se reconnecter \u00e0 la nature passe parfois par le rejet des v\u00eatements. Cette pratique, assum\u00e9e et ancr\u00e9e culturellement, fait partie int\u00e9grante de leurs vacances pour de nombreux Allemands.<\/p>\n","protected":false},"excerpt":{"rendered":"Le camping est une tradition forte en Allemagne, loin du tumulte touristique. Avec leur pr\u00e9f\u00e9rence pour la nature,&hellip;\n","protected":false},"author":2,"featured_media":271234,"comment_status":"","ping_status":"","sticky":false,"template":"","format":"standard","meta":{"footnotes":""},"categories":[1587],"tags":[11,672,1804,1805,1803,1777,674,1801,12,1802],"class_list":{"0":"post-271233","1":"post","2":"type-post","3":"status-publish","4":"format-standard","5":"has-post-thumbnail","7":"category-allemagne","8":"tag-actualites","9":"tag-allemagne","10":"tag-bundesrepublik-deutschland","11":"tag-de","12":"tag-deutschland","13":"tag-eu","14":"tag-europe","15":"tag-germany","16":"tag-news","17":"tag-republique-federale-dallemagne"},"share_on_mastodon":{"url":"https:\/\/pubeurope.com\/@fr\/114910046820064229","error":""},"_links":{"self":[{"href":"https:\/\/www.europesays.com\/fr\/wp-json\/wp\/v2\/posts\/271233","targetHints":{"allow":["GET"]}}],"collection":[{"href":"https:\/\/www.europesays.com\/fr\/wp-json\/wp\/v2\/posts"}],"about":[{"href":"https:\/\/www.europesays.com\/fr\/wp-json\/wp\/v2\/types\/post"}],"author":[{"embeddable":true,"href":"https:\/\/www.europesays.com\/fr\/wp-json\/wp\/v2\/users\/2"}],"replies":[{"embeddable":true,"href":"https:\/\/www.europesays.com\/fr\/wp-json\/wp\/v2\/comments?post=271233"}],"version-history":[{"count":0,"href":"https:\/\/www.europesays.com\/fr\/wp-json\/wp\/v2\/posts\/271233\/revisions"}],"wp:featuredmedia":[{"embeddable":true,"href":"https:\/\/www.europesays.com\/fr\/wp-json\/wp\/v2\/media\/271234"}],"wp:attachment":[{"href":"https:\/\/www.europesays.com\/fr\/wp-json\/wp\/v2\/media?parent=271233"}],"wp:term":[{"taxonomy":"category","embeddable":true,"href":"https:\/\/www.europesays.com\/fr\/wp-json\/wp\/v2\/categories?post=271233"},{"taxonomy":"post_tag","embeddable":true,"href":"https:\/\/www.europesays.com\/fr\/wp-json\/wp\/v2\/tags?post=271233"}],"curies":[{"name":"wp","href":"https:\/\/api.w.org\/{rel}","templated":true}]}}