{"id":271236,"date":"2025-07-24T20:16:18","date_gmt":"2025-07-24T20:16:18","guid":{"rendered":"https:\/\/www.europesays.com\/fr\/271236\/"},"modified":"2025-07-24T20:16:18","modified_gmt":"2025-07-24T20:16:18","slug":"un-accord-proche-detre-conclu-entre-les-etats-unis-et-lunion-europeenne","status":"publish","type":"post","link":"https:\/\/www.europesays.com\/fr\/271236\/","title":{"rendered":"un accord proche d\u2019\u00eatre conclu entre les \u00c9tats-Unis et l\u2019Union europ\u00e9enne"},"content":{"rendered":"<p>Bruxelles et Washington vont-ils r\u00e9ussir \u00e0 se mettre d&rsquo;accord avant la date limite du 1er\u00a0ao\u00fbt\u00a0? C&rsquo;est en tout cas ce qu&rsquo;a assur\u00e9 ce jeudi un porte-parole de la Commission europ\u00e9enne, Olof Gill. D&rsquo;apr\u00e8s lui, \u00ab\u00a0un accord ou un r\u00e9sultat\u00a0\u00bb serait \u00ab\u00a0\u00e0 port\u00e9e de main\u00a0\u00bb. La veille d\u00e9j\u00e0, le chancelier allemand, Friedrich Merz, a \u00e9voqu\u00e9, lors de\u00a0sa rencontre avec Emmanuel Macron \u00e0 Berlin, des \u00ab\u00a0d\u00e9cisions\u00a0\u00bb imminentes concernant les n\u00e9gociations.<\/p>\n<p>Car le temps presse. Le locataire de la Maison-Blanche menace l&rsquo;Union europ\u00e9enne de surtaxes douani\u00e8re r\u00e9ciproques de 30\u00a0% d&rsquo;ici au 1er\u00a0ao\u00fbt si aucun accord n&rsquo;est conclu entre les deux partis. Il reproche principalement aux Vieux Continent d&rsquo;avoir une balance commerciale exc\u00e9dentaire avec les \u00c9tats-Unis.<\/p>\n<p>Des droits de douane de\u00a015\u00a0%<\/p>\n<p>D&rsquo;apr\u00e8s des informations du Financial Times et de l&rsquo;agence Reuters, l&rsquo;accord imposerait des droits de douane de 15\u00a0% sur les importations europ\u00e9ennes. Ce qui n&rsquo;est pas sans rappeler l&rsquo;accord conclut la veille entre le Japon et les \u00c9tats-Unis. En outre, les deux parties renonceraient in fine \u00e0 des taxes sur des produits comme les avions, les spiritueux ou encore les dispositifs m\u00e9dicaux. Si cet accord permettrait de baisser les surtaxes de 15\u00a0points par rapport \u00e0 ce qui \u00e9tait pr\u00e9vu, ce qui est une bonne nouvelle pour l&rsquo;Europe, dans les faits, les droits de douane restent \u00e0 un niveau bien plus \u00e9lev\u00e9 que par le pass\u00e9. D\u00e9j\u00e0 depuis avril, les produits europ\u00e9ens \u00e9taient tax\u00e9s de 10\u00a0%.<\/p>\n<p>Par ailleurs, toujours selon le Financial Times, les voitures, qui \u00e9taient d\u00e9sormais tax\u00e9es \u00e0 25\u00a0%, devraient passer \u00e9galement \u00e0 15\u00a0%. L&rsquo;AFP souligne \u00e9galement qu&rsquo;un accord s\u00e9par\u00e9 concernerait l&rsquo;acier. Les exportations europ\u00e9ennes seraient encadr\u00e9es par des quotas avec une taxe de 50\u00a0% en cas de d\u00e9passement.<\/p>\n<p>L&rsquo;UE valide un paquet de repr\u00e9sailles<\/p>\n<p>Reste \u00e0 obtenir le feu vert du pr\u00e9sident am\u00e9ricain. Ce dernier a bien pr\u00e9cis\u00e9 la veille que si les Europ\u00e9ens \u00ab\u00a0acceptent d&rsquo;ouvrir l&rsquo;Union aux entreprises am\u00e9ricaines, alors nous leur permettrons de payer des droits de douane plus r\u00e9duits\u00a0\u00bb.<\/p>\n<p>En attendant, l&rsquo;Union europ\u00e9enne assure ses arri\u00e8res en cas d&rsquo;\u00e9chec. Elle a annonc\u00e9 ce jeudi un paquet de repr\u00e9sailles \u00e0 93\u00a0milliards d&rsquo;euros sur les produits am\u00e9ricains, d\u00e8s le 7\u00a0ao\u00fbt si les n\u00e9gociations n&rsquo;aboutissent pas. L&rsquo;Europe a fusionn\u00e9 ses deux pr\u00e9c\u00e9dentes listes ciblant les marchandises am\u00e9ricaines, tels que le soja, les voitures ou encore les avions.<\/p>\n<p>Outre les taxes, la Commission europ\u00e9enne dispose \u00e9galement d&rsquo;un \u00ab\u00a0instrument anticoercition\u00a0\u00bb. Un outil \u00e0 utiliser \u00ab\u00a0en dernier recours\u00a0\u00bb, pr\u00e9cise le Parlement europ\u00e9en. Il permet notamment de geler l&rsquo;acc\u00e8s aux march\u00e9s publics europ\u00e9ens et de bloquer certains investissements. La majorit\u00e9 qualifi\u00e9e des \u00c9tats membres est n\u00e9anmoins requise pour d\u00e9bloquer son utilisation. Pour La\u00a0Tribune, Alan Herv\u00e9, professeur de droit public \u00e0 l&rsquo;IEP de Rennes, estimait en avril que l&rsquo;instrument de lutte contre la coercition \u00ab\u00a0pourrait faire mal aux int\u00e9r\u00eats am\u00e9ricains\u00a0\u00bb. \u00ab\u00a0Mais peut-on se priver des fournisseurs am\u00e9ricains dans certains domaines, notamment le num\u00e9rique\u00a0?\u00a0\u00bb, questionnait-il. Si certains pays, comme l&rsquo;Allemagne, se montraient jusqu&rsquo;ici r\u00e9ticents \u00e0 l&rsquo;utilisation de cet instrument, le discours a chang\u00e9 depuis.<\/p>\n","protected":false},"excerpt":{"rendered":"Bruxelles et Washington vont-ils r\u00e9ussir \u00e0 se mettre d&rsquo;accord avant la date limite du 1er\u00a0ao\u00fbt\u00a0? C&rsquo;est en tout&hellip;\n","protected":false},"author":2,"featured_media":271237,"comment_status":"","ping_status":"","sticky":false,"template":"","format":"standard","meta":{"footnotes":""},"categories":[1586],"tags":[17,743,11,41082,28746,981,2483,33,2834,1777,674,1779,1011,27,12,41081,25,1778,364],"class_list":{"0":"post-271236","1":"post","2":"type-post","3":"status-publish","4":"format-standard","5":"has-post-thumbnail","7":"category-europe","8":"tag-17","9":"tag-accord","10":"tag-actualites","11":"tag-conclu","12":"tag-detre","13":"tag-douane","14":"tag-droits","15":"tag-economie","16":"tag-entre","17":"tag-eu","18":"tag-europe","19":"tag-european-union","20":"tag-fr","21":"tag-france","22":"tag-news","23":"tag-proche","24":"tag-republique-francaise","25":"tag-ue","26":"tag-union-europeenne"},"share_on_mastodon":{"url":"https:\/\/pubeurope.com\/@fr\/114910054665823514","error":""},"_links":{"self":[{"href":"https:\/\/www.europesays.com\/fr\/wp-json\/wp\/v2\/posts\/271236","targetHints":{"allow":["GET"]}}],"collection":[{"href":"https:\/\/www.europesays.com\/fr\/wp-json\/wp\/v2\/posts"}],"about":[{"href":"https:\/\/www.europesays.com\/fr\/wp-json\/wp\/v2\/types\/post"}],"author":[{"embeddable":true,"href":"https:\/\/www.europesays.com\/fr\/wp-json\/wp\/v2\/users\/2"}],"replies":[{"embeddable":true,"href":"https:\/\/www.europesays.com\/fr\/wp-json\/wp\/v2\/comments?post=271236"}],"version-history":[{"count":0,"href":"https:\/\/www.europesays.com\/fr\/wp-json\/wp\/v2\/posts\/271236\/revisions"}],"wp:featuredmedia":[{"embeddable":true,"href":"https:\/\/www.europesays.com\/fr\/wp-json\/wp\/v2\/media\/271237"}],"wp:attachment":[{"href":"https:\/\/www.europesays.com\/fr\/wp-json\/wp\/v2\/media?parent=271236"}],"wp:term":[{"taxonomy":"category","embeddable":true,"href":"https:\/\/www.europesays.com\/fr\/wp-json\/wp\/v2\/categories?post=271236"},{"taxonomy":"post_tag","embeddable":true,"href":"https:\/\/www.europesays.com\/fr\/wp-json\/wp\/v2\/tags?post=271236"}],"curies":[{"name":"wp","href":"https:\/\/api.w.org\/{rel}","templated":true}]}}