{"id":271238,"date":"2025-07-24T20:17:14","date_gmt":"2025-07-24T20:17:14","guid":{"rendered":"https:\/\/www.europesays.com\/fr\/271238\/"},"modified":"2025-07-24T20:17:14","modified_gmt":"2025-07-24T20:17:14","slug":"jai-des-elements-nouveaux-sur-le-suicide-de-krisztina-rady-annonce-sur-rtl-lancienne-avocate-yael-mellul","status":"publish","type":"post","link":"https:\/\/www.europesays.com\/fr\/271238\/","title":{"rendered":"\u00ab\u00a0J&rsquo;ai des \u00e9l\u00e9ments nouveaux\u00a0\u00bb sur le suicide de Krisztina R\u00e1dy, annonce sur RTL l&rsquo;ancienne avocate, Yael Mellul"},"content":{"rendered":"<p class=\"article-p mdl\">\n<p>Depuis plusieurs ann\u00e9es, Yael Mellun, ancienne avocate p\u00e9naliste et sp\u00e9cialis\u00e9e dans les violences conjugales, lutte contre Bertrand Cantat, \u00ab\u00a0symbole de ce qu\u2019il se fait de pire dans les violences conjugales\u00a0\u00bb. Au micro de RTL, elle r\u00e9agit \u00e0\u00a0<a class=\"link\" href=\"https:\/\/www.rtl.fr\/actu\/justice-faits-divers\/info-rtl-bertrand-cantat-le-parquet-de-bordeaux-decide-de-rouvrir-l-enquete-sur-le-suicide-de-son-ex-femme-7900525487\" target=\"_blank\" rel=\"noopener\">la d\u00e9cision du parquet\u00a0de rouvrir l&rsquo;enqu\u00eate<\/a>\u00a0sur le suicide de l&rsquo;ex-femme du chanteur de Noir D\u00e9sir,\u00a0Krisztina R\u00e1dy, survenue en janvier 2010. Si elle note, d&rsquo;une part, son \u00ab\u00a0immense soulagement\u00a0\u00bb au sujet de la d\u00e9cision de justice, Yael Mellun affirme aussi \u00ab\u00a0que c&rsquo;est une normalit\u00e9 que le parquet se saisisse\u00a0\u00bb de l&rsquo;affaire.<\/p>\n<p class=\"article-p mdl\">En effet, selon l&rsquo;ancienne avocate p\u00e9naliste, la mini-s\u00e9rie documentaire De rockstar \u00e0 tueur : le cas Cantat,\u00a0<a class=\"link\" href=\"https:\/\/www.rtl.fr\/culture\/medias-people\/bertand-cantat-comment-une-serie-netflix-a-relance-l-enquete-sur-le-suicide-de-son-ex-femme-7900525694\" target=\"_blank\" rel=\"noopener\">sortie sur Netflix en mars dernier<\/a>, a permis de r\u00e9v\u00e9ler \u00ab\u00a0des \u00e9l\u00e9ments nouveaux\u00a0\u00bb pour rouvrir une enqu\u00eate sur une <strong>affaire de nombreuses fois class\u00e9es<\/strong> sans suite de 2010 \u00e0 2018. \u00ab\u00a0Un t\u00e9moignage d&rsquo;un infirmier\u00a0\u00bb notamment, \u00ab\u00a0permet d&rsquo;apporter un commencement de preuve sur le fait que Krisztina R\u00e1dy \u00e9tait victime de violences conjugales\u00a0\u00bb, partage-t-elle sur RTL.<\/p>\n<p class=\"article-p mdl\">\u00ab\u00a0Quelques mois avant l&rsquo;acte suicidaire\u00a0\u00bb, Krisztina R\u00e1dy s&rsquo;est ainsi <strong>rendue \u00e0 l&rsquo;h\u00f4pital de Bordeaux<\/strong> \u00ab\u00a0qui avait un service sp\u00e9cialis\u00e9 pour les victimes d&rsquo;agressions\u00a0\u00bb. Elle a alors expliqu\u00e9 les violences subies \u00ab\u00a0d&rsquo;une exceptionnelles gravit\u00e9s\u00a0\u00bb, tout en nommant pr\u00e9cis\u00e9ment le nom de son agresseur : Bertrand Cantat.<\/p>\n<p>            \u00ab\u00a0Il ne faut pas aller chercher un aveu\u00a0\u00bb de Bertrand Cantat<\/p>\n<p class=\"article-p mdl\">\n<p>\u00ab\u00a0Une question se pose\u00a0\u00bb, fait remarquer Yael Mellun. Elle d\u00e9veloppe : \u00ab\u00a0Au moment o\u00f9\u00a0Krisztina R\u00e1dy se suicide, le parquet de Bordeaux engage une proc\u00e9dure normale, comme pour toutes les affaires de suicide, sauf que <strong>nous ne sommes pas dans une affaire normale<\/strong>\u00ab\u00a0. En 2010, Bertrand Cantat est sorti de prison depuis trois ans d\u00e9j\u00e0, apr\u00e8s avoir purg\u00e9 sa peine\u00a0<a class=\"link\" href=\"https:\/\/www.rtl.fr\/culture\/medias-people\/bertrand-cantat-que-devient-le-chanteur-condamne-pour-le-meurtre-de-marie-trintignant-depuis-sa-sortie-de-prison-7900491233\" target=\"_blank\" rel=\"noopener\">pour le meurtre de Marie Trintignant<\/a>, \u00ab\u00a0mais il est encore sous l&rsquo;oeil de la justice\u00a0\u00bb.<\/p>\n<p class=\"article-p mdl\">Ainsi, \u00ab\u00a0au moindre faux pas, il doit aller en prison\u00a0\u00bb, analyse Yael Mellun. Un faux pas qui est <strong>inscrit dans le dossier m\u00e9dico-l\u00e9gal<\/strong>, faisant \u00e9tat de violence qu&rsquo;aurait subi Krisztina R\u00e1dy. \u00ab\u00a0Comment l&rsquo;appareil judiciaire, en janvier 2010, n&rsquo;a pas eu connaissance de ce dossier ?\u00a0\u00bb, note l&rsquo;avocate p\u00e9naliste qui pointe \u00ab\u00a0depuis quinze ans, une suite de dysfonctionnements de la justice\u00a0\u00bb.<\/p>\n<p class=\"article-p mdl\">Mais Yael Mellun ne s&rsquo;appuie pas seulement sur ce t\u00e9moignage de l&rsquo;infirmier pour incriminer le chanteur de Noir D\u00e9sir. Sans les nommer, elle affirme avoir \u00ab\u00a0des \u00e9l\u00e9ments nouveaux que je souhaiterais porter \u00e0 la connaissance du parquet de Bordeaux\u00a0\u00bb. Des nouveaux t\u00e9moins, d&rsquo;une part, mais aussi \u00ab\u00a0d&rsquo;autres victimes\u00a0\u00bb.<\/p>\n<p class=\"article-p mdl\">Lors d&rsquo;un possible prochain proc\u00e8s, Yael Mellun a \u00ab\u00a0l&rsquo;espoir qu&rsquo;il y ait <strong>manifestation de la v\u00e9rit\u00e9<\/strong> sur les causes de la mort de Krisztina R\u00e1dy\u00a0\u00bb bien qu&rsquo;elle ne croit \u00ab\u00a0absolument pas\u00a0\u00bb que Bertrand Cantat reconnaisse les faits. \u00ab\u00a0Il ne faut pas aller chercher un aveu, nous ne l&rsquo;aurons pas. Il faut aller chercher des t\u00e9moignages\u00a0\u00bb, conclue-t-elle sur RTL.<\/p>\n<p>    La r\u00e9daction vous recommande<\/p>\n<p class=\"s-newsletter__title\">\n                L\u2019actualit\u00e9 par la r\u00e9daction de RTL dans votre bo\u00eete mail.\n            <\/p>\n<p class=\"s-newsletter__subtitle\">\n                Gr\u00e2ce \u00e0 votre compte RTL abonnez-vous \u00e0 la newsletter RTL info pour suivre toute l&rsquo;actualit\u00e9 au quotidien\n            <\/p>\n<p>\n                                    Lire la suite\n                                <\/p>\n","protected":false},"excerpt":{"rendered":"Depuis plusieurs ann\u00e9es, Yael Mellun, ancienne avocate p\u00e9naliste et sp\u00e9cialis\u00e9e dans les violences conjugales, lutte contre Bertrand Cantat,&hellip;\n","protected":false},"author":2,"featured_media":271239,"comment_status":"","ping_status":"","sticky":false,"template":"","format":"standard","meta":{"footnotes":""},"categories":[2],"tags":[11,456,1067,107,1011,27,12,362,360,25,798],"class_list":{"0":"post-271238","1":"post","2":"type-post","3":"status-publish","4":"format-standard","5":"has-post-thumbnail","7":"category-actualites","8":"tag-actualites","9":"tag-bertrand-cantat","10":"tag-enquete","11":"tag-fil-info","12":"tag-fr","13":"tag-france","14":"tag-news","15":"tag-replay","16":"tag-replay-integral","17":"tag-republique-francaise","18":"tag-violences-conjugales"},"share_on_mastodon":{"url":"https:\/\/pubeurope.com\/@fr\/114910058611615144","error":""},"_links":{"self":[{"href":"https:\/\/www.europesays.com\/fr\/wp-json\/wp\/v2\/posts\/271238","targetHints":{"allow":["GET"]}}],"collection":[{"href":"https:\/\/www.europesays.com\/fr\/wp-json\/wp\/v2\/posts"}],"about":[{"href":"https:\/\/www.europesays.com\/fr\/wp-json\/wp\/v2\/types\/post"}],"author":[{"embeddable":true,"href":"https:\/\/www.europesays.com\/fr\/wp-json\/wp\/v2\/users\/2"}],"replies":[{"embeddable":true,"href":"https:\/\/www.europesays.com\/fr\/wp-json\/wp\/v2\/comments?post=271238"}],"version-history":[{"count":0,"href":"https:\/\/www.europesays.com\/fr\/wp-json\/wp\/v2\/posts\/271238\/revisions"}],"wp:featuredmedia":[{"embeddable":true,"href":"https:\/\/www.europesays.com\/fr\/wp-json\/wp\/v2\/media\/271239"}],"wp:attachment":[{"href":"https:\/\/www.europesays.com\/fr\/wp-json\/wp\/v2\/media?parent=271238"}],"wp:term":[{"taxonomy":"category","embeddable":true,"href":"https:\/\/www.europesays.com\/fr\/wp-json\/wp\/v2\/categories?post=271238"},{"taxonomy":"post_tag","embeddable":true,"href":"https:\/\/www.europesays.com\/fr\/wp-json\/wp\/v2\/tags?post=271238"}],"curies":[{"name":"wp","href":"https:\/\/api.w.org\/{rel}","templated":true}]}}